{"id":24343,"date":"2025-06-17T19:03:07","date_gmt":"2025-06-18T00:03:07","guid":{"rendered":"https:\/\/www.elamazonico.com\/portal\/?p=24343"},"modified":"2025-06-17T19:03:07","modified_gmt":"2025-06-18T00:03:07","slug":"cuenta-ecuador-con-los-979-megavatios-adicionales-que-promete-el-gobierno-para-evitar-cortes-de-luz-en-2025","status":"publish","type":"post","link":"https:\/\/www.elamazonico.com\/portal\/cuenta-ecuador-con-los-979-megavatios-adicionales-que-promete-el-gobierno-para-evitar-cortes-de-luz-en-2025\/","title":{"rendered":"\u00bfCuenta Ecuador con los 979 megavatios adicionales que promete el Gobierno para evitar cortes de luz en 2025?"},"content":{"rendered":"<p>La vocera de Gobierno de Daniel Noboa, Carolina Jaramillo asegur\u00f3 este 16 de junio de 2025, que el pa\u00eds no tendr\u00e1 nuevos cortes de luz en lo que queda de 2025, debido a que se implementar\u00e1n 979,5 megavatios de \u00abnueva energ\u00eda en firme\u00bb; es decir, de fuentes termoel\u00e9ctricas, para no depender del clima.<\/p>\n<p>Pero pese a la promesa del Gobierno, especialistas coinciden en que hay alta incertidumbre sobre si esos 979,5 megavatios podr\u00e1n estar en marcha para los meses de estiaje (sequ\u00eda), que seg\u00fan el Operador Nacional Cenace, comenzar\u00edan en septiembre de 2025.<\/p>\n<p>Implementar nueva generaci\u00f3n termoel\u00e9ctrica; es decir, con combustibles f\u00f3siles, es clave, porque tras la severa crisis energ\u00e9tica de 2024, el pa\u00eds sigue teniendo un d\u00e9ficit de energ\u00eda importante en medio de pol\u00e9micas contrataciones de emergencia que no se han concretado.<\/p>\n<p>Y es que en \u00e9poca de lluvias las principales hidroel\u00e9ctricas del pa\u00eds cubren hasta el 90% de la demanda, pero en estiaje (en la \u00e9poca m\u00e1s seca) esta cae a la mitad o menos.<\/p>\n<p><strong>\u00bfCu\u00e1nta energ\u00eda necesita Ecuador para el estiaje de 2025?<\/strong><br \/>\nEl especialista en el sector el\u00e9ctrico, Ricardo Buitr\u00f3n, explica que para poder entender cu\u00e1nta energ\u00eda necesita el pa\u00eds en 2025, se puede tomar como referencia lo que ocurri\u00f3 en 2024.<\/p>\n<p>En ese a\u00f1o, la demanda media de energ\u00eda fue de unos 3.600 megavatios, m\u00e1s unos 187 megavatios que se requer\u00edan para estabilizaci\u00f3n del sistema, lo que da alrededor de 3.787 megavatios.<\/p>\n<p>Sin embargo, por la fuerte sequ\u00eda, el pa\u00eds solo cont\u00f3 en promedio con unos 2.549 megavatios, m\u00e1s 250 megavatios de reservas del complejo Paute-Molino, lo que suma alrededor de 2.800 megavatios. De ah\u00ed que el d\u00e9ficit promedio fue de unos 1.000 megavatios en 2024.<\/p>\n<p>\u00bfQu\u00e9 pasar\u00e1 con los cortes de luz en Ecuador? Gobierno asegura que la generaci\u00f3n de energ\u00eda el\u00e9ctrica est\u00e1 garantizada hasta 2026<br \/>\nAunque hubo semanas m\u00e1s cr\u00edticas en los que el d\u00e9ficit fue mayor, lo que oblig\u00f3 al Gobierno de Noboa a implementar cortes de luz de hasta 14 horas, en octubre de 2024.<\/p>\n<p>Y para este 2025, la demanda de energ\u00eda en el pa\u00eds ser\u00e1 mayor, pues cada a\u00f1o esta va en aumento, explica Buitr\u00f3n.<\/p>\n<p>El especialista dice que las proyecciones de Cenace apuntan a que la demanda promedio ser\u00e1 de unos 4.220 megavatios en 2025.<\/p>\n<p>Entonces, asumiendo que como punto de partida el pa\u00eds cuente al menos con los mismos 2.549 megavatios de 2024, \u00bfCu\u00e1nto m\u00e1s tendr\u00e1 en 2025?<\/p>\n<p>El Gobierno de Noboa alquil\u00f3 en 2024 unos 300 megavatios generados por tres barcazas flotantes en Guayas, pero el contrato de una de ellas vence en julio de 2025, por lo que el pa\u00eds contar\u00eda solo con 200 megavatios para lo que queda de 2025. Con eso, ser\u00edan 2.749 megavatios.<\/p>\n<p>A eso se deber\u00edan sumar tambi\u00e9n los 250 adicionales que podr\u00eda aportar en el estiaje Paute-Molino. Que dan unos 3.000 megavatios.<\/p>\n<p>Y tambi\u00e9n se deber\u00edan sumar los megavatios adicionales por la entrada en operaci\u00f3n de la central hidroel\u00e9ctrica Toachi-Pilat\u00f3n, que se concret\u00f3 en el primer trimestre de 2025.<\/p>\n<p>Pero, aunque cuenta con 204 megavatios de potencia, en la \u00e9poca de estiaje generar\u00e1 menos energ\u00eda, explica Buitr\u00f3n.<\/p>\n<p>En un escenario optimista, Buitr\u00f3n dice que Toachi-Pilat\u00f3n podr\u00eda aportar con unos 100 megavatios estiaje.<\/p>\n<p>Entonces, en un escenario hidrol\u00f3gico igual al de 2024, el pa\u00eds tendr\u00eda unos 3.100 megavatios frente a una demanda promedio de 4.220 megavatios; esto es un d\u00e9ficit de alrededor de 1.120 megavatios, lo que se traducir\u00eda en una restricci\u00f3n de 27% de la demanda. Esto equivaldr\u00eda a unas cinco horas de cortes de luz, explica Buitr\u00f3n.<\/p>\n<p>Ecuador necesita instalar 921 megavatios hasta septiembre para evitar corte de luz, \u00bfc\u00f3mo va el plan?<br \/>\nDe ah\u00ed que los 979,5 megavatios adicionales que promete el Gobierno de Noboa son cruciales.<\/p>\n<p>Si no se concreta ese plan del Gobierno, Ecuador vuelve a depender en gran medida de que Colombia venda energ\u00eda, pese a que ese pa\u00eds tambi\u00e9n vive sequ\u00eda en esa \u00e9poca del a\u00f1o, y de que el estiaje no sea tan grave como el de 2024, dice Buitr\u00f3n.<\/p>\n<p>\u00abLas declaraciones de los voceros del Gobierno respecto a que no habr\u00e1 apagones no son suficientes y se requiere que se defina un plan de contingencia que considere la posibilidad de la ocurrencia de un estiaje que pueda afectar al suministro de energ\u00eda el\u00e9ctrica\u00bb, dice Buitr\u00f3n.<\/p>\n<p><strong>\u00bfContamos con 976 megavatios para el estiaje?<\/strong><br \/>\n\u00bfPero de d\u00f3nde provendr\u00e1n esos 979,5 megavatios que Jaramillo asegur\u00f3 estar\u00e1n operativos \u00abhasta finales de 2025\u00bb?<\/p>\n<p>Seg\u00fan Jaramillo, unos 403,5 megavatios provienen de mantenimientos que se han realizado a centrales t\u00e9rmicas, con lo que podr\u00edan producir esa energ\u00eda adicional este a\u00f1o.<\/p>\n<p>Otros 260 megavatios provendr\u00edan de un nuevo proceso para arrendar generaci\u00f3n t\u00e9rmica, que comenz\u00f3 el 10 de junio de 2025.<\/p>\n<p>En esta ocasi\u00f3n, no se trata de contratos de emergencia, como los que se adjudicaron a las empresas Progen y Austral, sino de contratos bajo la modalidad de giro espec\u00edfico de negocio.<\/p>\n<p>Con este nuevo proceso, el Gobierno busca contratar generadores que operen con gas o di\u00e9sel, que ser\u00e1n instalados en las centrales t\u00e9rmicas Enrique Garc\u00eda y Pascuales II, ubicadas en el sector Pascuales, en Guayaquil.<\/p>\n<p>Seg\u00fan los portafolios de proyectos, Pascuales II requiere una capacidad de entre 80 y 136 MW, mientras que Enrique Garc\u00eda necesita entre 80 y 180 MW.<\/p>\n<p>El arrendamiento de los generadores tendr\u00e1 una duraci\u00f3n de 540 d\u00edas (18 meses), seg\u00fan la descripci\u00f3n t\u00e9cnica del proceso.<\/p>\n<p>Este 17 de junio de 2025 vence el plazo para que las empresas interesadas presenten sus propuestas.<\/p>\n<p>Sin embargo, la empresa tiene un plazo de seis meses (180 d\u00edas) para poner en marcha el sistema; es decir, si todo se concreta, la generaci\u00f3n reci\u00e9n estar\u00eda disponible en enero de 2026.<\/p>\n<p>Y otros 241 megavatios corresponden a los pol\u00e9micos contratos adjudicados en agosto de 2024 a las empresas Progen y Austral.<\/p>\n<p>Por un lado, Progen deb\u00eda ya haber puesto en operaci\u00f3n 150 megavatios en\u00a0\u00a0Salitral y Quevedo, pero eso no ha ocurrido.<\/p>\n<p>Por los retrasos, el pasado 9 de junio de 2025, el Gobierno anunci\u00f3 que la empresa p\u00fablica Celec terminar\u00e1 de manera unilateral los contratos. Ese d\u00eda, la vocera, Carolina Jaramillo, dijo que la empresa tiene 10 d\u00edas para responder a la terminaci\u00f3n unilateral de los contratos.<\/p>\n<p>Por su parte, al d\u00eda siguiente, Progen present\u00f3 una solicitud de arbitraje de emergencia para exigir el cumplimiento de los contratos y concluir los dos proyectos, que se encuentran \u00abmuy cerca de su finalizaci\u00f3n\u00bb, dijo la empresa.<\/p>\n<p>Pero el Gobierno de Noboa insiste en dejar fuera a Progen. Jaramillo dijo este 16 de junio de 2025, que la empresa p\u00fablica Celec est\u00e1 en capacidad de terminar por su cuenta las obras que dejar\u00eda inconclusas Progen si se da por terminado el contrato de manera unilateral.<\/p>\n<p>La situaci\u00f3n de Austral, que deb\u00eda instalar 91 megavatios en Esmeraldas tambi\u00e9n es complicada.<\/p>\n<p>De un total de 48 turbogeneradores que tiene que instalar la empresa uruguaya Austral, solo 30 llegaron, pero est\u00e1n calibrados para funcionar con una frecuencia de corriente alterna de 50 hercios (Hz), que es incompatible con el sistema el\u00e9ctrico ecuatoriano que funciona a 60 Hz.<\/p>\n<p>Tras los cuestionamientos, la empresa dijo que\u00a0\u00abtodos los termogeneradores producidos por el fabricante fueron dise\u00f1ados para 50Hz y 60Hz a fin de que puedan ser colocados de forma modular y funcionar \u00f3ptimamente en cualquier parte del mundo\u00bb.<\/p>\n<p>Adem\u00e1s, Austral asegur\u00f3 que: \u00abEl proceso para que los de 50hz sean adaptables a 60hz es t\u00e9cnicamente habitual. Es lo que estamos\u00a0haciendo con nuestros equipos, as\u00ed aseguramos su funcionamiento a 60 Hz\u00bb.<\/p>\n<p>No obstante, la\u00a0empresa ya est\u00e1 retrasada, pues deb\u00eda poner en operaci\u00f3n los 91 megavatios en enero de 2025 y al 16 de junio, eso todav\u00eda no ocurre.<\/p>\n<p>El Gobierno tambi\u00e9n cuenta con otros 75 megavatios a gas que se generar\u00edan en Machala (El Oro), sin embargo, la vocera no precis\u00f3 a qu\u00e9 proyecto se refiere.<\/p>\n<p>En la rueda de prensa que dio Jaramillo el 16 de junio de 2025,\u00a0 mostr\u00f3 una diapositiva que espeficaba que la generaci\u00f3n de esos 75 megavatios depender\u00e1 de la disponibilidad de gas que tenga Petroecuador.<\/p>\n<p>Por ahora, el \u00fanico proyecto nuevo a gas del que ha dado detalles el Gobierno es el de la\u00a0empresa privada Gasvesubio, cuya planta est\u00e1 ubicada en la provincia de El Oro.<\/p>\n<p>La empresa se adjudic\u00f3 un contrato de alquiler de generaci\u00f3n de 14 megavatios de generaci\u00f3n termoel\u00e9ctrica a gas.<\/p>\n<p>Sin embargo, para generar esos 14 megavatios, Gasvesubio\u00a0requerir\u00e1 alrededor de 4 millones de pies c\u00fabicos de gas, que Petroecuador le debe proporcionar, pues as\u00ed lo dispone el contrato.<\/p>\n<p>El problema es que Ecuador no cuenta con suficiente producci\u00f3n de gas, ni con infraestructura para importarlo en el corto plazo.<\/p>\n<p>Por ese d\u00e9ficit de gas, hoy la central termoel\u00e9ctrica m\u00e1s grande de Ecuador, Termogas Machala (ubicada en la provincia de El Oro), que tiene una potencia instalada de 210 megavatios, solo produce entre 60 y 70 megavatios.<\/p>\n<p>Esto, porque la \u00fanica fuente de gas natural en Ecuador, el Campo Amistad (Golfo de Guayaquil) solo puede dotarle de unos 17 millones de pies c\u00fabicos, cuando lo que necesita es 60 millones de pies c\u00fabicos de gas.<\/p>\n<p>Consultada sobre de d\u00f3nde provendr\u00e1 el gas para esa nueva generaci\u00f3n, Jaramillo dijo no conocer los detalles. <strong>Fuente: Primicias<\/strong><\/p>\n","protected":false},"excerpt":{"rendered":"<p>La vocera de Gobierno de Daniel Noboa, Carolina Jaramillo asegur\u00f3 este 16 de junio de 2025, que el pa\u00eds no tendr\u00e1 nuevos cortes de luz en lo que queda de 2025, debido a que se implementar\u00e1n 979,5 megavatios de \u00abnueva energ\u00eda en firme\u00bb; es decir, de fuentes termoel\u00e9ctricas, para no depender del clima. Pero pese a la promesa del Gobierno, especialistas coinciden en que hay alta incertidumbre sobre si esos 979,5 megavatios podr\u00e1n estar en marcha para los meses de estiaje (sequ\u00eda), que seg\u00fan el Operador Nacional Cenace, comenzar\u00edan en septiembre de 2025. Implementar nueva generaci\u00f3n termoel\u00e9ctrica; es decir, con combustibles f\u00f3siles, es clave, porque tras la severa crisis energ\u00e9tica de 2024, el pa\u00eds sigue teniendo un d\u00e9ficit de energ\u00eda importante en medio de pol\u00e9micas contrataciones de emergencia que no se han concretado. Y es que en \u00e9poca de lluvias las principales hidroel\u00e9ctricas del pa\u00eds cubren hasta el 90% de la demanda, pero en estiaje (en la \u00e9poca m\u00e1s seca) esta cae a la mitad o menos. \u00bfCu\u00e1nta energ\u00eda necesita Ecuador para el estiaje de 2025? El especialista en el sector el\u00e9ctrico, Ricardo Buitr\u00f3n, explica que para poder entender cu\u00e1nta energ\u00eda necesita el pa\u00eds en 2025, se puede tomar como referencia lo que ocurri\u00f3 en 2024. En ese a\u00f1o, la demanda media de energ\u00eda fue de unos 3.600 megavatios, m\u00e1s unos 187 megavatios que se requer\u00edan para estabilizaci\u00f3n del sistema, lo que da alrededor de 3.787 megavatios. Sin embargo, por la fuerte sequ\u00eda, el pa\u00eds solo cont\u00f3 en promedio con unos 2.549 megavatios, m\u00e1s 250 megavatios de reservas del complejo Paute-Molino, lo que suma alrededor de 2.800 megavatios. De ah\u00ed que el d\u00e9ficit promedio fue de unos 1.000 megavatios en 2024. \u00bfQu\u00e9 pasar\u00e1 con los cortes de luz en Ecuador? Gobierno asegura que la generaci\u00f3n de energ\u00eda el\u00e9ctrica est\u00e1 garantizada hasta 2026 Aunque hubo semanas m\u00e1s cr\u00edticas en los que el d\u00e9ficit fue mayor, lo que oblig\u00f3 al Gobierno de Noboa a implementar cortes de luz de hasta 14 horas, en octubre de 2024. Y para este 2025, la demanda de energ\u00eda en el pa\u00eds ser\u00e1 mayor, pues cada a\u00f1o esta va en aumento, explica Buitr\u00f3n. El especialista dice que las proyecciones de Cenace apuntan a que la demanda promedio ser\u00e1 de unos 4.220 megavatios en 2025. Entonces, asumiendo que como punto de partida el pa\u00eds cuente al menos con los mismos 2.549 megavatios de 2024, \u00bfCu\u00e1nto m\u00e1s tendr\u00e1 en 2025? El Gobierno de Noboa alquil\u00f3 en 2024 unos 300 megavatios generados por tres barcazas flotantes en Guayas, pero el contrato de una de ellas vence en julio de 2025, por lo que el pa\u00eds contar\u00eda solo con 200 megavatios para lo que queda de 2025. Con eso, ser\u00edan 2.749 megavatios. A eso se deber\u00edan sumar tambi\u00e9n los 250 adicionales que podr\u00eda aportar en el estiaje Paute-Molino. Que dan unos 3.000 megavatios. Y tambi\u00e9n se deber\u00edan sumar los megavatios adicionales por la entrada en operaci\u00f3n de la central hidroel\u00e9ctrica Toachi-Pilat\u00f3n, que se concret\u00f3 en el primer trimestre de 2025. Pero, aunque cuenta con 204 megavatios de potencia, en la \u00e9poca de estiaje generar\u00e1 menos energ\u00eda, explica Buitr\u00f3n. En un escenario optimista, Buitr\u00f3n dice que Toachi-Pilat\u00f3n podr\u00eda aportar con unos 100 megavatios estiaje. Entonces, en un escenario hidrol\u00f3gico igual al de 2024, el pa\u00eds tendr\u00eda unos 3.100 megavatios frente a una demanda promedio de 4.220 megavatios; esto es un d\u00e9ficit de alrededor de 1.120 megavatios, lo que se traducir\u00eda en una restricci\u00f3n de 27% de la demanda. Esto equivaldr\u00eda a unas cinco horas de cortes de luz, explica Buitr\u00f3n. Ecuador necesita instalar 921 megavatios hasta septiembre para evitar corte de luz, \u00bfc\u00f3mo va el plan? De ah\u00ed que los 979,5 megavatios adicionales que promete el Gobierno de Noboa son cruciales. Si no se concreta ese plan del Gobierno, Ecuador vuelve a depender en gran medida de que Colombia venda energ\u00eda, pese a que ese pa\u00eds tambi\u00e9n vive sequ\u00eda en esa \u00e9poca del a\u00f1o, y de que el estiaje no sea tan grave como el de 2024, dice Buitr\u00f3n. \u00abLas declaraciones de los voceros del Gobierno respecto a que no habr\u00e1 apagones no son suficientes y se requiere que se defina un plan de contingencia que considere la posibilidad de la ocurrencia de un estiaje que pueda afectar al suministro de energ\u00eda el\u00e9ctrica\u00bb, dice Buitr\u00f3n. \u00bfContamos con 976 megavatios para el estiaje? \u00bfPero de d\u00f3nde provendr\u00e1n esos 979,5 megavatios que Jaramillo asegur\u00f3 estar\u00e1n operativos \u00abhasta finales de 2025\u00bb? Seg\u00fan Jaramillo, unos 403,5 megavatios provienen de mantenimientos que se han realizado a centrales t\u00e9rmicas, con lo que podr\u00edan producir esa energ\u00eda adicional este a\u00f1o. Otros 260 megavatios provendr\u00edan de un nuevo proceso para arrendar generaci\u00f3n t\u00e9rmica, que comenz\u00f3 el 10 de junio de 2025. En esta ocasi\u00f3n, no se trata de contratos de emergencia, como los que se adjudicaron a las empresas Progen y Austral, sino de contratos bajo la modalidad de giro espec\u00edfico de negocio. Con este nuevo proceso, el Gobierno busca contratar generadores que operen con gas o di\u00e9sel, que ser\u00e1n instalados en las centrales t\u00e9rmicas Enrique Garc\u00eda y Pascuales II, ubicadas en el sector Pascuales, en Guayaquil. Seg\u00fan los portafolios de proyectos, Pascuales II requiere una capacidad de entre 80 y 136 MW, mientras que Enrique Garc\u00eda necesita entre 80 y 180 MW. El arrendamiento de los generadores tendr\u00e1 una duraci\u00f3n de 540 d\u00edas (18 meses), seg\u00fan la descripci\u00f3n t\u00e9cnica del proceso. Este 17 de junio de 2025 vence el plazo para que las empresas interesadas presenten sus propuestas. Sin embargo, la empresa tiene un plazo de seis meses (180 d\u00edas) para poner en marcha el sistema; es decir, si todo se concreta, la generaci\u00f3n reci\u00e9n estar\u00eda disponible en enero de 2026. Y otros 241 megavatios corresponden a los pol\u00e9micos contratos adjudicados en agosto de 2024 a las empresas Progen y Austral. Por un lado, Progen deb\u00eda ya haber puesto en operaci\u00f3n 150 megavatios en\u00a0\u00a0Salitral y Quevedo, pero eso no ha ocurrido. Por los retrasos, el pasado 9 de junio de 2025, el Gobierno anunci\u00f3 que la empresa p\u00fablica<\/p>\n","protected":false},"author":1,"featured_media":24344,"comment_status":"open","ping_status":"open","sticky":false,"template":"","format":"standard","meta":{"footnotes":""},"categories":[268],"tags":[],"class_list":["post-24343","post","type-post","status-publish","format-standard","has-post-thumbnail","hentry","category-nacionales"],"_links":{"self":[{"href":"https:\/\/www.elamazonico.com\/portal\/wp-json\/wp\/v2\/posts\/24343","targetHints":{"allow":["GET"]}}],"collection":[{"href":"https:\/\/www.elamazonico.com\/portal\/wp-json\/wp\/v2\/posts"}],"about":[{"href":"https:\/\/www.elamazonico.com\/portal\/wp-json\/wp\/v2\/types\/post"}],"author":[{"embeddable":true,"href":"https:\/\/www.elamazonico.com\/portal\/wp-json\/wp\/v2\/users\/1"}],"replies":[{"embeddable":true,"href":"https:\/\/www.elamazonico.com\/portal\/wp-json\/wp\/v2\/comments?post=24343"}],"version-history":[{"count":1,"href":"https:\/\/www.elamazonico.com\/portal\/wp-json\/wp\/v2\/posts\/24343\/revisions"}],"predecessor-version":[{"id":24345,"href":"https:\/\/www.elamazonico.com\/portal\/wp-json\/wp\/v2\/posts\/24343\/revisions\/24345"}],"wp:featuredmedia":[{"embeddable":true,"href":"https:\/\/www.elamazonico.com\/portal\/wp-json\/wp\/v2\/media\/24344"}],"wp:attachment":[{"href":"https:\/\/www.elamazonico.com\/portal\/wp-json\/wp\/v2\/media?parent=24343"}],"wp:term":[{"taxonomy":"category","embeddable":true,"href":"https:\/\/www.elamazonico.com\/portal\/wp-json\/wp\/v2\/categories?post=24343"},{"taxonomy":"post_tag","embeddable":true,"href":"https:\/\/www.elamazonico.com\/portal\/wp-json\/wp\/v2\/tags?post=24343"}],"curies":[{"name":"wp","href":"https:\/\/api.w.org\/{rel}","templated":true}]}}