{"id":24335,"date":"2025-06-17T08:01:37","date_gmt":"2025-06-17T13:01:37","guid":{"rendered":"https:\/\/www.elamazonico.com\/portal\/?p=24335"},"modified":"2025-06-17T08:01:37","modified_gmt":"2025-06-17T13:01:37","slug":"caso-narcotentaculos-allanan-domicilios-de-funcionarios-judiciales-en-manabi-por-delincuencia-organizada","status":"publish","type":"post","link":"https:\/\/www.elamazonico.com\/portal\/caso-narcotentaculos-allanan-domicilios-de-funcionarios-judiciales-en-manabi-por-delincuencia-organizada\/","title":{"rendered":"Caso Narcotent\u00e1culos: Allanan domicilios de funcionarios judiciales en Manab\u00ed por delincuencia organizada"},"content":{"rendered":"<p class=\"p_0\">La madrugada de este martes 17 de junio, la Fiscal\u00eda General del Estado, en coordinaci\u00f3n con la Polic\u00eda Nacional, ejecut\u00f3 varios\u00a0<b>allanamientos\u00a0<\/b>en la provincia de Manab\u00ed como parte del caso \u2018<b><a href=\"https:\/\/www.vistazo.com\/actualidad\/nacional\/narcotentaculos-delincuencia-organizada-corte-manabi-investigada-fiscalia-DM7853036\" target=\"_blank\" rel=\"noopener noreferrer\">Narcotent\u00e1culos<\/a><\/b>\u2019, una investigaci\u00f3n que apunta a una presunta estructura de delincuencia organizada al interior de la Funci\u00f3n Judicial.<\/p>\n<p class=\"p_2\">Los operativos se realizaron en\u00a0<u>oficinas y domicilios de funcionarios judiciales de la Corte Provincial de Manab\u00ed<\/u>, para recabar indicios que permitan avanzar en las investigaciones.<\/p>\n<p class=\"p_3\">La Fiscal\u00eda detall\u00f3 que esta investigaci\u00f3n se inici\u00f3 en agosto de 2024, luego de haber receptado los testimonios anticipados de dos exjueces sentenciados dentro del\u00a0<b>Caso Plaga<\/b>.<\/p>\n<div>\n<div class=\"trv-player-container\">\n<div class=\"trv-wrapper\">\n<div id=\"br_video_player_6327f8c236901c339fc9b14019c3ad5a7a4d6079\" class=\"trvd_video_player trvdinstream\">\n<div class=\"media-player\">\n<div class=\"trv-video\">\n<div id=\"truvid_ima_container28846\" class=\"truvid_ima_container trv-ima-container-hidden\">\n<div>\u00abMediante <b>acto urgente<\/b>, se solicitaron las \u00f3rdenes de allanamiento para incautar evidencias relacionadas con la presunta comisi\u00f3n del delito de delincuencia organizada, respecto a los hechos que investiga\u00bb, agreg\u00f3 la entidad.<\/div>\n<\/div>\n<\/div>\n<\/div>\n<\/div>\n<\/div>\n<\/div>\n<\/div>\n<p class=\"p_5\">En agosto de 2024, ya se llevaron a cabo\u00a0<b>allanamientos\u00a0<\/b>similares en viviendas y oficinas de\u00a0<b>jueces\u00a0<\/b>y otros funcionarios judiciales de la misma provincia.<\/p>\n<p class=\"p_6\">En esa ocasi\u00f3n, la Fiscal\u00eda indic\u00f3 que el caso involucra a servidores p\u00fablicos, abogados en libre ejercicio y particulares, todos presuntamente relacionados con una red que habr\u00eda manipulado procesos judiciales.<\/p>\n<p class=\"p_7\">Esta investigaci\u00f3n se conecta con los testimonios anticipados del caso \u2018<b>Plaga<\/b>\u2019, otra trama sobre la manipulaci\u00f3n de acciones constitucionales en la Corte Provincial de Justicia del Guayas, que favorecieron a personas consideradas de alta peligrosidad. <strong>Fuente: Vistazo\u00a0<\/strong><\/p>\n","protected":false},"excerpt":{"rendered":"<p>La madrugada de este martes 17 de junio, la Fiscal\u00eda General del Estado, en coordinaci\u00f3n con la Polic\u00eda Nacional, ejecut\u00f3 varios\u00a0allanamientos\u00a0en la provincia de Manab\u00ed como parte del caso \u2018Narcotent\u00e1culos\u2019, una investigaci\u00f3n que apunta a una presunta estructura de delincuencia organizada al interior de la Funci\u00f3n Judicial. Los operativos se realizaron en\u00a0oficinas y domicilios de funcionarios judiciales de la Corte Provincial de Manab\u00ed, para recabar indicios que permitan avanzar en las investigaciones. La Fiscal\u00eda detall\u00f3 que esta investigaci\u00f3n se inici\u00f3 en agosto de 2024, luego de haber receptado los testimonios anticipados de dos exjueces sentenciados dentro del\u00a0Caso Plaga. \u00abMediante acto urgente, se solicitaron las \u00f3rdenes de allanamiento para incautar evidencias relacionadas con la presunta comisi\u00f3n del delito de delincuencia organizada, respecto a los hechos que investiga\u00bb, agreg\u00f3 la entidad. En agosto de 2024, ya se llevaron a cabo\u00a0allanamientos\u00a0similares en viviendas y oficinas de\u00a0jueces\u00a0y otros funcionarios judiciales de la misma provincia. En esa ocasi\u00f3n, la Fiscal\u00eda indic\u00f3 que el caso involucra a servidores p\u00fablicos, abogados en libre ejercicio y particulares, todos presuntamente relacionados con una red que habr\u00eda manipulado procesos judiciales. Esta investigaci\u00f3n se conecta con los testimonios anticipados del caso \u2018Plaga\u2019, otra trama sobre la manipulaci\u00f3n de acciones constitucionales en la Corte Provincial de Justicia del Guayas, que favorecieron a personas consideradas de alta peligrosidad. Fuente: Vistazo\u00a0<\/p>\n","protected":false},"author":1,"featured_media":24336,"comment_status":"open","ping_status":"open","sticky":false,"template":"","format":"standard","meta":{"footnotes":""},"categories":[268],"tags":[],"class_list":["post-24335","post","type-post","status-publish","format-standard","has-post-thumbnail","hentry","category-nacionales"],"_links":{"self":[{"href":"https:\/\/www.elamazonico.com\/portal\/wp-json\/wp\/v2\/posts\/24335","targetHints":{"allow":["GET"]}}],"collection":[{"href":"https:\/\/www.elamazonico.com\/portal\/wp-json\/wp\/v2\/posts"}],"about":[{"href":"https:\/\/www.elamazonico.com\/portal\/wp-json\/wp\/v2\/types\/post"}],"author":[{"embeddable":true,"href":"https:\/\/www.elamazonico.com\/portal\/wp-json\/wp\/v2\/users\/1"}],"replies":[{"embeddable":true,"href":"https:\/\/www.elamazonico.com\/portal\/wp-json\/wp\/v2\/comments?post=24335"}],"version-history":[{"count":1,"href":"https:\/\/www.elamazonico.com\/portal\/wp-json\/wp\/v2\/posts\/24335\/revisions"}],"predecessor-version":[{"id":24337,"href":"https:\/\/www.elamazonico.com\/portal\/wp-json\/wp\/v2\/posts\/24335\/revisions\/24337"}],"wp:featuredmedia":[{"embeddable":true,"href":"https:\/\/www.elamazonico.com\/portal\/wp-json\/wp\/v2\/media\/24336"}],"wp:attachment":[{"href":"https:\/\/www.elamazonico.com\/portal\/wp-json\/wp\/v2\/media?parent=24335"}],"wp:term":[{"taxonomy":"category","embeddable":true,"href":"https:\/\/www.elamazonico.com\/portal\/wp-json\/wp\/v2\/categories?post=24335"},{"taxonomy":"post_tag","embeddable":true,"href":"https:\/\/www.elamazonico.com\/portal\/wp-json\/wp\/v2\/tags?post=24335"}],"curies":[{"name":"wp","href":"https:\/\/api.w.org\/{rel}","templated":true}]}}