{"id":24326,"date":"2025-06-16T21:47:45","date_gmt":"2025-06-17T02:47:45","guid":{"rendered":"https:\/\/www.elamazonico.com\/portal\/?p=24326"},"modified":"2025-06-16T21:47:45","modified_gmt":"2025-06-17T02:47:45","slug":"jorge-glas-sufre-depresion-pero-esta-consciente-de-lo-que-hace-y-simula-sintomas-segun-informe-psiquiatrico","status":"publish","type":"post","link":"https:\/\/www.elamazonico.com\/portal\/jorge-glas-sufre-depresion-pero-esta-consciente-de-lo-que-hace-y-simula-sintomas-segun-informe-psiquiatrico\/","title":{"rendered":"Jorge Glas sufre depresi\u00f3n, pero est\u00e1 consciente de lo que hace y simula s\u00edntomas, seg\u00fan informe psiqui\u00e1trico"},"content":{"rendered":"<p>El documento tiene 48 p\u00e1ginas y fue realizado por \u00c1ngela Salazar, m\u00e9dica con especializaciones en psiquiatr\u00eda, criminolog\u00eda, neuropsicolog\u00eda y medicina legal. La profesional concluy\u00f3 que Jorge Glas padece un trastorno depresivo recurrente, simulaci\u00f3n consciente y una transformaci\u00f3n persistente de la personalidad.<\/p>\n<p>Desde octubre de 2017 y junio de 2025 el ex vicepresidente del corre\u00edsmo ha estado preso durante 2.280 d\u00edas, algo m\u00e1s de seis a\u00f1os. La reclusi\u00f3n y los episodios de violencia carcelaria han causado estragos en la salud mental de Glas.<\/p>\n<p>Por esta raz\u00f3n, durante el proceso judicial del caso Reconstrucci\u00f3n de Manab\u00ed -en el que Glas debe afrontar un juicio por peculado-, su abogado Andr\u00e9s Villegas solicit\u00f3 la aplicaci\u00f3n del art\u00edculo 76 del C\u00f3digo Org\u00e1nico Integral Penal (COIP). Ese art\u00edculo establece que una persona que es inimputable por un trastorno mental, debe ser internada en un hospital psiqui\u00e1trico para que supere su perturbaci\u00f3n y logre la inclusi\u00f3n social.<\/p>\n<p>El juzgamiento por esa causa debi\u00f3 instalarse el 6 de junio de 2025. Sin embargo, la jueza Mercedes Caicedo, quien preside el Tribunal, suspendi\u00f3 la diligencia, ya que hasta ese momento no se hab\u00eda presentado el informe del examen psiqui\u00e1trico al exfuncionario. Dio un plazo de 10 d\u00edas para que esto se cumpla.<\/p>\n<p>Finalmente, el 11 de junio de 2025, \u00c1ngela D\u00edaz, perito especializada en psiquiatr\u00eda, present\u00f3 su informe en el que concluy\u00f3 que Glas padece varias afectaciones mentales, pero que su conciencia no se ha visto afectada. Por lo que no recomend\u00f3 un internamiento psiqui\u00e1trico, sino que siga recibiendo atenci\u00f3n en la C\u00e1rcel La Roca de Guayaquil<\/p>\n<p><img decoding=\"async\" src=\"https:\/\/imagenes.primicias.ec\/files\/content_image_simple_414_238\/uploads\/2024\/05\/26\/6653c5d815022.jpeg\" alt=\"thumb\" \/><\/p>\n<p>De esta manera, Glas tendr\u00e1 que acudir el 17 de junio de 2025 a la Corte Nacional de Justicia, d\u00f3nde afrontar\u00e1 su cuarto juicio en el caso de peculado por la Reconstrucci\u00f3n de Manab\u00ed. Antes fue sentenciado en los casos Sobornos y Odebrecht. Mientras que su tercera sentencia por el caso Singue fue anulada en la etapa de casaci\u00f3n.<\/p>\n<p><strong>\u00abYo soy la cabeza de todo porque soy el que est\u00e1 aqu\u00ed\u00bb<\/strong><br \/>\n\u00abTengo insomnio cr\u00f3nico, no me atienden, no me dan las medicinas, tengo prohibidas las visitas y el patio desde enero de 2025.\u00a0Al estar despierto toda la noche me refuerzan las ideas suicidas, el decir: me mato de una vez, as\u00ed se acab\u00f3 la historia\u00bb, es una de las frases que Glas mencion\u00f3 en la evaluaci\u00f3n que dur\u00f3 36 horas y que consta en el informe que es de acceso p\u00fablico en el\u00a0Sistema Autom\u00e1tico de Tr\u00e1mite Judicial Ecuatoriano\u00a0(Satje).<\/p>\n<p>En la entrevista con la especialista, Glas record\u00f3 que ya trat\u00f3 de suicidarse cuando en abril de 2024 ingiri\u00f3 60 pastillas y luego fue internado en el Hospital Naval. \u00abAqu\u00ed no hay justicia, me llevan a juicio cuando yo ni siquiera compre un l\u00e1piz (&#8230;) hay persecuci\u00f3n, un exterminio a un partido pol\u00edtico y yo soy la cabeza de todo porque soy el que est\u00e1 aqu\u00ed\u00bb, dijo sobre su situaci\u00f3n jur\u00eddica.<\/p>\n<p>Durante la pericia, hizo un repaso de toda su vida empezando por su ni\u00f1ez que fue marcada por el divorcio de sus padres y un traumatismo cr\u00e1neo-encef\u00e1lico por un accidente de tr\u00e1nsito, cuando ten\u00eda 12 a\u00f1os.<\/p>\n<p>Sobre su vida familiar actual, en cambio, mencion\u00f3 que est\u00e1 divorciado y tiene dos hijos. Pero que no ha podido ver a sus familiares desde enero de 2025, ya que tiene las visitas suspendidas en la C\u00e1rcel La Roca de Guayaquil. \u00abMe parece que en cierta forma ha sido positivo para ellos, porque ya se han olvidado de m\u00ed\u00bb, indic\u00f3.<\/p>\n<p><strong>Riesgo alto de suicidio<\/strong><br \/>\nSeg\u00fan el informe, a Glas le aplicaron cinco test psicom\u00e9tricos que evaluaron una posible demencia, el riesgo suicida, el nivel de ansiedad, la presencia de depresi\u00f3n y el nivel de funcionamiento social, ocupacional y psicol\u00f3gico.<\/p>\n<p>Durante la aplicaci\u00f3n de estos ex\u00e1menes, Glas se mostr\u00f3 \u00abdeca\u00eddo, triste e irritable\u00bb. Asegur\u00f3 que mientras estuvo detenido en la C\u00e1rcel de Latacunga vivi\u00f3 motines y descuartizamientos, incluso que una vez se resbal\u00f3 con un charco de sangre. Y desde ese momento empez\u00f3 a ver \u00abcharcos de sangre con babosas, tambi\u00e9n alucinaciones auditivas, siempre relacionadas con la sangre\u00bb.<\/p>\n<p>Una de las constantes, en las diferentes valoraciones -seg\u00fan el informe- est\u00e1 relacionado con las ideas de muerte. Cuando la m\u00e9dica le pregunt\u00f3 si ha pensado c\u00f3mo hacerlo, contest\u00f3: \u00abs\u00ed, pero no le voy a contestar eso\u00bb.<\/p>\n<p>Adem\u00e1s, Glas indic\u00f3 que no puede conciliar el sue\u00f1o por las noches y tiene sue\u00f1os con personas muertas como su padre. \u00abMe invitan a a morirme, como que me dicen ya pues, ven\u00bb, se\u00f1al\u00f3.<\/p>\n<p>Tras la aplicaci\u00f3n de los test, la m\u00e9dica psiqui\u00e1trica hizo 23 conclusiones. Por ejemplo, se estableci\u00f3 que tiene funciones cognitivas dentro de los par\u00e1metros de la normalidad.<\/p>\n<p>Sobre la Escala de Riesgo Suicida de Plutchik-Van Praag, que es\u00a0un instrumento psicol\u00f3gico desarrollado para evaluar el riesgo de conducta suicida, el reporte se\u00f1al\u00f3 que Glas obtuvo un puntaje de 13 sobre 15 puntos. Lo que significa que tiene un alto nivel de riesgo y necesita una intervenci\u00f3n.<\/p>\n<p>Respecto a la Escala de ansiedad, el exvicepresidente tuvo 18 puntos, lo que se considera una ansiedad de leve a moderada. Adem\u00e1s, se determin\u00f3 que tiene una depresi\u00f3n grave.<\/p>\n<p>As\u00ed, Glas fue diagnosticado con dos s\u00edndromes cl\u00ednicos y un trastorno de personalidad:<\/p>\n<p>Trastorno depresivo recurrente, episodio actual grave sin s\u00edntomas psic\u00f3ticos: Es decir, una depresi\u00f3n severa, pero que no incluye alucinaciones o delirios.<\/p>\n<p>Simulaci\u00f3n Consciente: Persona que finge s\u00edntomas o una enfermedad para obtener alg\u00fan beneficio.<\/p>\n<p>Transformaci\u00f3n persistente de la personalidad tras experiencia catastr\u00f3fica: Cambios duraderos de la personalidad, no atribuibles a da\u00f1o cerebral ni enfermedad.<\/p>\n<p>\u00abJorge Glas presenta una enfermedad mental grave, (&#8230;), que puede mejorar con el tratamiento, que no le afecta la conciencia, ni la inteligencia, sin embargo, s\u00ed le afecta la voluntad en forma disminuida para las actividades cotidianas\u00bb, concluye el estudio.<\/p>\n<p>Por tal raz\u00f3n, la experta recomend\u00f3 que urgentemente haya una junta m\u00e9dica con todos los m\u00e9dicos tratantes de Glas, ya que tiene varias afecciones f\u00edsicas y toma varias medicinas. De manera, que se le realicen varios estudios y se haga un reajuste de las medicaciones.<\/p>\n<p>Tambi\u00e9n que se haga un control estricto de la administraci\u00f3n de las medicinas en la C\u00e1rcel de La Roca, as\u00ed como que contin\u00fae recibiendo tratamiento psiqui\u00e1trico y psicol\u00f3gico de manera permanente en centro penitenciario. Es decir, no se recomend\u00f3 un internamiento psiqui\u00e1trico. <strong>Fuente: Primicias<\/strong><\/p>\n","protected":false},"excerpt":{"rendered":"<p>El documento tiene 48 p\u00e1ginas y fue realizado por \u00c1ngela Salazar, m\u00e9dica con especializaciones en psiquiatr\u00eda, criminolog\u00eda, neuropsicolog\u00eda y medicina legal. La profesional concluy\u00f3 que Jorge Glas padece un trastorno depresivo recurrente, simulaci\u00f3n consciente y una transformaci\u00f3n persistente de la personalidad. Desde octubre de 2017 y junio de 2025 el ex vicepresidente del corre\u00edsmo ha estado preso durante 2.280 d\u00edas, algo m\u00e1s de seis a\u00f1os. La reclusi\u00f3n y los episodios de violencia carcelaria han causado estragos en la salud mental de Glas. Por esta raz\u00f3n, durante el proceso judicial del caso Reconstrucci\u00f3n de Manab\u00ed -en el que Glas debe afrontar un juicio por peculado-, su abogado Andr\u00e9s Villegas solicit\u00f3 la aplicaci\u00f3n del art\u00edculo 76 del C\u00f3digo Org\u00e1nico Integral Penal (COIP). Ese art\u00edculo establece que una persona que es inimputable por un trastorno mental, debe ser internada en un hospital psiqui\u00e1trico para que supere su perturbaci\u00f3n y logre la inclusi\u00f3n social. El juzgamiento por esa causa debi\u00f3 instalarse el 6 de junio de 2025. Sin embargo, la jueza Mercedes Caicedo, quien preside el Tribunal, suspendi\u00f3 la diligencia, ya que hasta ese momento no se hab\u00eda presentado el informe del examen psiqui\u00e1trico al exfuncionario. Dio un plazo de 10 d\u00edas para que esto se cumpla. Finalmente, el 11 de junio de 2025, \u00c1ngela D\u00edaz, perito especializada en psiquiatr\u00eda, present\u00f3 su informe en el que concluy\u00f3 que Glas padece varias afectaciones mentales, pero que su conciencia no se ha visto afectada. Por lo que no recomend\u00f3 un internamiento psiqui\u00e1trico, sino que siga recibiendo atenci\u00f3n en la C\u00e1rcel La Roca de Guayaquil De esta manera, Glas tendr\u00e1 que acudir el 17 de junio de 2025 a la Corte Nacional de Justicia, d\u00f3nde afrontar\u00e1 su cuarto juicio en el caso de peculado por la Reconstrucci\u00f3n de Manab\u00ed. Antes fue sentenciado en los casos Sobornos y Odebrecht. Mientras que su tercera sentencia por el caso Singue fue anulada en la etapa de casaci\u00f3n. \u00abYo soy la cabeza de todo porque soy el que est\u00e1 aqu\u00ed\u00bb \u00abTengo insomnio cr\u00f3nico, no me atienden, no me dan las medicinas, tengo prohibidas las visitas y el patio desde enero de 2025.\u00a0Al estar despierto toda la noche me refuerzan las ideas suicidas, el decir: me mato de una vez, as\u00ed se acab\u00f3 la historia\u00bb, es una de las frases que Glas mencion\u00f3 en la evaluaci\u00f3n que dur\u00f3 36 horas y que consta en el informe que es de acceso p\u00fablico en el\u00a0Sistema Autom\u00e1tico de Tr\u00e1mite Judicial Ecuatoriano\u00a0(Satje). En la entrevista con la especialista, Glas record\u00f3 que ya trat\u00f3 de suicidarse cuando en abril de 2024 ingiri\u00f3 60 pastillas y luego fue internado en el Hospital Naval. \u00abAqu\u00ed no hay justicia, me llevan a juicio cuando yo ni siquiera compre un l\u00e1piz (&#8230;) hay persecuci\u00f3n, un exterminio a un partido pol\u00edtico y yo soy la cabeza de todo porque soy el que est\u00e1 aqu\u00ed\u00bb, dijo sobre su situaci\u00f3n jur\u00eddica. Durante la pericia, hizo un repaso de toda su vida empezando por su ni\u00f1ez que fue marcada por el divorcio de sus padres y un traumatismo cr\u00e1neo-encef\u00e1lico por un accidente de tr\u00e1nsito, cuando ten\u00eda 12 a\u00f1os. Sobre su vida familiar actual, en cambio, mencion\u00f3 que est\u00e1 divorciado y tiene dos hijos. Pero que no ha podido ver a sus familiares desde enero de 2025, ya que tiene las visitas suspendidas en la C\u00e1rcel La Roca de Guayaquil. \u00abMe parece que en cierta forma ha sido positivo para ellos, porque ya se han olvidado de m\u00ed\u00bb, indic\u00f3. Riesgo alto de suicidio Seg\u00fan el informe, a Glas le aplicaron cinco test psicom\u00e9tricos que evaluaron una posible demencia, el riesgo suicida, el nivel de ansiedad, la presencia de depresi\u00f3n y el nivel de funcionamiento social, ocupacional y psicol\u00f3gico. Durante la aplicaci\u00f3n de estos ex\u00e1menes, Glas se mostr\u00f3 \u00abdeca\u00eddo, triste e irritable\u00bb. Asegur\u00f3 que mientras estuvo detenido en la C\u00e1rcel de Latacunga vivi\u00f3 motines y descuartizamientos, incluso que una vez se resbal\u00f3 con un charco de sangre. Y desde ese momento empez\u00f3 a ver \u00abcharcos de sangre con babosas, tambi\u00e9n alucinaciones auditivas, siempre relacionadas con la sangre\u00bb. Una de las constantes, en las diferentes valoraciones -seg\u00fan el informe- est\u00e1 relacionado con las ideas de muerte. Cuando la m\u00e9dica le pregunt\u00f3 si ha pensado c\u00f3mo hacerlo, contest\u00f3: \u00abs\u00ed, pero no le voy a contestar eso\u00bb. Adem\u00e1s, Glas indic\u00f3 que no puede conciliar el sue\u00f1o por las noches y tiene sue\u00f1os con personas muertas como su padre. \u00abMe invitan a a morirme, como que me dicen ya pues, ven\u00bb, se\u00f1al\u00f3. Tras la aplicaci\u00f3n de los test, la m\u00e9dica psiqui\u00e1trica hizo 23 conclusiones. Por ejemplo, se estableci\u00f3 que tiene funciones cognitivas dentro de los par\u00e1metros de la normalidad. Sobre la Escala de Riesgo Suicida de Plutchik-Van Praag, que es\u00a0un instrumento psicol\u00f3gico desarrollado para evaluar el riesgo de conducta suicida, el reporte se\u00f1al\u00f3 que Glas obtuvo un puntaje de 13 sobre 15 puntos. Lo que significa que tiene un alto nivel de riesgo y necesita una intervenci\u00f3n. Respecto a la Escala de ansiedad, el exvicepresidente tuvo 18 puntos, lo que se considera una ansiedad de leve a moderada. Adem\u00e1s, se determin\u00f3 que tiene una depresi\u00f3n grave. As\u00ed, Glas fue diagnosticado con dos s\u00edndromes cl\u00ednicos y un trastorno de personalidad: Trastorno depresivo recurrente, episodio actual grave sin s\u00edntomas psic\u00f3ticos: Es decir, una depresi\u00f3n severa, pero que no incluye alucinaciones o delirios. Simulaci\u00f3n Consciente: Persona que finge s\u00edntomas o una enfermedad para obtener alg\u00fan beneficio. Transformaci\u00f3n persistente de la personalidad tras experiencia catastr\u00f3fica: Cambios duraderos de la personalidad, no atribuibles a da\u00f1o cerebral ni enfermedad. \u00abJorge Glas presenta una enfermedad mental grave, (&#8230;), que puede mejorar con el tratamiento, que no le afecta la conciencia, ni la inteligencia, sin embargo, s\u00ed le afecta la voluntad en forma disminuida para las actividades cotidianas\u00bb, concluye el estudio. Por tal raz\u00f3n, la experta recomend\u00f3 que urgentemente haya una junta m\u00e9dica con todos los m\u00e9dicos tratantes de Glas, ya que tiene varias afecciones f\u00edsicas y toma varias medicinas. De manera, que se le realicen varios estudios y se haga un reajuste de las medicaciones. Tambi\u00e9n que<\/p>\n","protected":false},"author":1,"featured_media":24327,"comment_status":"open","ping_status":"open","sticky":false,"template":"","format":"standard","meta":{"footnotes":""},"categories":[268],"tags":[],"class_list":["post-24326","post","type-post","status-publish","format-standard","has-post-thumbnail","hentry","category-nacionales"],"_links":{"self":[{"href":"https:\/\/www.elamazonico.com\/portal\/wp-json\/wp\/v2\/posts\/24326","targetHints":{"allow":["GET"]}}],"collection":[{"href":"https:\/\/www.elamazonico.com\/portal\/wp-json\/wp\/v2\/posts"}],"about":[{"href":"https:\/\/www.elamazonico.com\/portal\/wp-json\/wp\/v2\/types\/post"}],"author":[{"embeddable":true,"href":"https:\/\/www.elamazonico.com\/portal\/wp-json\/wp\/v2\/users\/1"}],"replies":[{"embeddable":true,"href":"https:\/\/www.elamazonico.com\/portal\/wp-json\/wp\/v2\/comments?post=24326"}],"version-history":[{"count":1,"href":"https:\/\/www.elamazonico.com\/portal\/wp-json\/wp\/v2\/posts\/24326\/revisions"}],"predecessor-version":[{"id":24328,"href":"https:\/\/www.elamazonico.com\/portal\/wp-json\/wp\/v2\/posts\/24326\/revisions\/24328"}],"wp:featuredmedia":[{"embeddable":true,"href":"https:\/\/www.elamazonico.com\/portal\/wp-json\/wp\/v2\/media\/24327"}],"wp:attachment":[{"href":"https:\/\/www.elamazonico.com\/portal\/wp-json\/wp\/v2\/media?parent=24326"}],"wp:term":[{"taxonomy":"category","embeddable":true,"href":"https:\/\/www.elamazonico.com\/portal\/wp-json\/wp\/v2\/categories?post=24326"},{"taxonomy":"post_tag","embeddable":true,"href":"https:\/\/www.elamazonico.com\/portal\/wp-json\/wp\/v2\/tags?post=24326"}],"curies":[{"name":"wp","href":"https:\/\/api.w.org\/{rel}","templated":true}]}}