{"id":24323,"date":"2025-06-16T21:42:24","date_gmt":"2025-06-17T02:42:24","guid":{"rendered":"https:\/\/www.elamazonico.com\/portal\/?p=24323"},"modified":"2025-06-16T21:42:24","modified_gmt":"2025-06-17T02:42:24","slug":"ministra-de-energia-la-mineria-necesita-una-regulacion-para-captar-inversiones","status":"publish","type":"post","link":"https:\/\/www.elamazonico.com\/portal\/ministra-de-energia-la-mineria-necesita-una-regulacion-para-captar-inversiones\/","title":{"rendered":"Ministra de Energ\u00eda: \u201cLa miner\u00eda necesita una regulaci\u00f3n para captar inversiones\u201d"},"content":{"rendered":"<p>\u00abEsto es un hito para el sector, hoy se materializa la apertura del\u00a0<strong>Catastro Minero<\/strong>\u00a0(&#8230;) La\u00a0<strong>miner\u00eda<\/strong>\u00a0necesita una regulaci\u00f3n para captar\u00a0<strong>inversiones<\/strong>\u00a0y viabilizar un desarrollo responsable con el ambiente y con las comunidades\u00bb. Estas fueron las palabras de In\u00e9s Manzano, ministra de Energ\u00eda y Minas, durante la rueda de prensa sobre el proceso de apertura del\u00a0<strong>Catastro Minero Nacional.\u00a0<\/strong><\/p>\n<p>En este espacio, que se realiz\u00f3 este lunes 16 de junio de 2025, Manzano detall\u00f3 que este lunes comenz\u00f3 con la apertura para la peque\u00f1a miner\u00eda no met\u00e1lica, lo cual promueve el desarrollo de la industria de la\u00a0<strong>cer\u00e1mica<\/strong>, por ejemplo.<\/p>\n<p>\u201cHemos mejorado las regulaciones, expediremos instructivos que viabilicen el correcto desarrollo de la cadena de valor de la miner\u00eda\u00bb, detall\u00f3 la titular del ramo.<\/p>\n<p>Manzano tambi\u00e9n se\u00f1al\u00f3 que Ecuador tiene una \u201c<strong>pol\u00edtica ambiental y minera<\/strong>\u00a0que debe cumplirse\u201d. Para ello se coordinar\u00e1n las acciones necesarias entre el Ministerio del ramo y la Agencia de Regulaci\u00f3n y Control Minero (Arcom).<\/p>\n<p>En ese marco, la ministra Manzano suscribi\u00f3 un Acuerdo Ministerial que dispone a la Arcom la emisi\u00f3n del acto administrativo para la apertura del Catastro Minero por fases.<\/p>\n<p><a href=\"https:\/\/www.eltelegrafo.com.ec\/noticias\/politica\/44\/en-vivo-or-anuncios-gobierno-daniel-noboa\" target=\"_blank\" rel=\"noopener noreferrer\">En la primera vocer\u00eda de Carondelet -2 de junio de 2025-, Carolina Jaramillo, portavoz,\u00a0<\/a>sostuvo que la segunda ser\u00e1 en septiembre para la peque\u00f1a miner\u00eda met\u00e1lica; y a finales de a\u00f1o se aperturar\u00e1 todo el catastro minero.<\/p>\n<p>Ese d\u00eda tambi\u00e9n se anunci\u00f3 la creaci\u00f3n de la primera\u00a0<strong>tasa de fiscalizaci\u00f3n<\/strong>\u00a0para el sector minero, la cual se implementar\u00e1 para financiar el control t\u00e9cnico y ambiental. Aplica para la peque\u00f1a, mediana y gran miner\u00eda.<\/p>\n<p>Con esta tasa se espera recaudar\u00a0<strong>USD 200 millones<\/strong> para fortalecer el control y la vigilancia; asimismo el combate contra la miner\u00eda ilegal. <strong>Fuente: El Tel\u00e9grafo\u00a0<\/strong><\/p>\n","protected":false},"excerpt":{"rendered":"<p>\u00abEsto es un hito para el sector, hoy se materializa la apertura del\u00a0Catastro Minero\u00a0(&#8230;) La\u00a0miner\u00eda\u00a0necesita una regulaci\u00f3n para captar\u00a0inversiones\u00a0y viabilizar un desarrollo responsable con el ambiente y con las comunidades\u00bb. Estas fueron las palabras de In\u00e9s Manzano, ministra de Energ\u00eda y Minas, durante la rueda de prensa sobre el proceso de apertura del\u00a0Catastro Minero Nacional.\u00a0 En este espacio, que se realiz\u00f3 este lunes 16 de junio de 2025, Manzano detall\u00f3 que este lunes comenz\u00f3 con la apertura para la peque\u00f1a miner\u00eda no met\u00e1lica, lo cual promueve el desarrollo de la industria de la\u00a0cer\u00e1mica, por ejemplo. \u201cHemos mejorado las regulaciones, expediremos instructivos que viabilicen el correcto desarrollo de la cadena de valor de la miner\u00eda\u00bb, detall\u00f3 la titular del ramo. Manzano tambi\u00e9n se\u00f1al\u00f3 que Ecuador tiene una \u201cpol\u00edtica ambiental y minera\u00a0que debe cumplirse\u201d. Para ello se coordinar\u00e1n las acciones necesarias entre el Ministerio del ramo y la Agencia de Regulaci\u00f3n y Control Minero (Arcom). En ese marco, la ministra Manzano suscribi\u00f3 un Acuerdo Ministerial que dispone a la Arcom la emisi\u00f3n del acto administrativo para la apertura del Catastro Minero por fases. En la primera vocer\u00eda de Carondelet -2 de junio de 2025-, Carolina Jaramillo, portavoz,\u00a0sostuvo que la segunda ser\u00e1 en septiembre para la peque\u00f1a miner\u00eda met\u00e1lica; y a finales de a\u00f1o se aperturar\u00e1 todo el catastro minero. Ese d\u00eda tambi\u00e9n se anunci\u00f3 la creaci\u00f3n de la primera\u00a0tasa de fiscalizaci\u00f3n\u00a0para el sector minero, la cual se implementar\u00e1 para financiar el control t\u00e9cnico y ambiental. Aplica para la peque\u00f1a, mediana y gran miner\u00eda. Con esta tasa se espera recaudar\u00a0USD 200 millones para fortalecer el control y la vigilancia; asimismo el combate contra la miner\u00eda ilegal. Fuente: El Tel\u00e9grafo\u00a0<\/p>\n","protected":false},"author":1,"featured_media":24324,"comment_status":"open","ping_status":"open","sticky":false,"template":"","format":"standard","meta":{"footnotes":""},"categories":[268],"tags":[],"class_list":["post-24323","post","type-post","status-publish","format-standard","has-post-thumbnail","hentry","category-nacionales"],"_links":{"self":[{"href":"https:\/\/www.elamazonico.com\/portal\/wp-json\/wp\/v2\/posts\/24323","targetHints":{"allow":["GET"]}}],"collection":[{"href":"https:\/\/www.elamazonico.com\/portal\/wp-json\/wp\/v2\/posts"}],"about":[{"href":"https:\/\/www.elamazonico.com\/portal\/wp-json\/wp\/v2\/types\/post"}],"author":[{"embeddable":true,"href":"https:\/\/www.elamazonico.com\/portal\/wp-json\/wp\/v2\/users\/1"}],"replies":[{"embeddable":true,"href":"https:\/\/www.elamazonico.com\/portal\/wp-json\/wp\/v2\/comments?post=24323"}],"version-history":[{"count":1,"href":"https:\/\/www.elamazonico.com\/portal\/wp-json\/wp\/v2\/posts\/24323\/revisions"}],"predecessor-version":[{"id":24325,"href":"https:\/\/www.elamazonico.com\/portal\/wp-json\/wp\/v2\/posts\/24323\/revisions\/24325"}],"wp:featuredmedia":[{"embeddable":true,"href":"https:\/\/www.elamazonico.com\/portal\/wp-json\/wp\/v2\/media\/24324"}],"wp:attachment":[{"href":"https:\/\/www.elamazonico.com\/portal\/wp-json\/wp\/v2\/media?parent=24323"}],"wp:term":[{"taxonomy":"category","embeddable":true,"href":"https:\/\/www.elamazonico.com\/portal\/wp-json\/wp\/v2\/categories?post=24323"},{"taxonomy":"post_tag","embeddable":true,"href":"https:\/\/www.elamazonico.com\/portal\/wp-json\/wp\/v2\/tags?post=24323"}],"curies":[{"name":"wp","href":"https:\/\/api.w.org\/{rel}","templated":true}]}}