{"id":24320,"date":"2025-06-17T04:05:22","date_gmt":"2025-06-17T09:05:22","guid":{"rendered":"https:\/\/www.elamazonico.com\/portal\/?p=24320"},"modified":"2025-06-16T21:36:58","modified_gmt":"2025-06-17T02:36:58","slug":"200-mil-en-perdidas-emmov-revela-las-consecuencias-del-cierre-tecnico-y-su-plan-de-recuperacion","status":"publish","type":"post","link":"https:\/\/www.elamazonico.com\/portal\/200-mil-en-perdidas-emmov-revela-las-consecuencias-del-cierre-tecnico-y-su-plan-de-recuperacion\/","title":{"rendered":"$200 mil en p\u00e9rdidas: EMMOV revela las consecuencias del cierre t\u00e9cnico y su plan de recuperaci\u00f3n"},"content":{"rendered":"<p data-start=\"134\" data-end=\"500\">La Empresa P\u00fablica Municipal de Movilidad del Cant\u00f3n Centinela del C\u00f3ndor (EMMOV) present\u00f3 ayer lunes 16 de junio de 2025, en rueda de prensa, los avances logrados en el proceso de reapertura del servicio de revisi\u00f3n t\u00e9cnica y matriculaci\u00f3n vehicular, suspendido desde noviembre de 2024 por incumplimientos a la Resoluci\u00f3n 015 de la Agencia Nacional de Tr\u00e1nsito (ANT).<\/p>\n<p data-start=\"502\" data-end=\"889\">El evento fue liderado por el alcalde Segundo Sarango, presidente de la empresa, y el gerente Leonardo Mendoza, quienes expusieron los esfuerzos institucionales realizados para cumplir con los requisitos t\u00e9cnicos, administrativos y legales exigidos. Entre los logros alcanzados destaca la firma del Convenio de Interoperabilidad con la ANT, paso indispensable para reanudar los servicios.<\/p>\n<p data-start=\"891\" data-end=\"1145\">Actualmente, la EMMOV enfrenta dos desaf\u00edos t\u00e9cnicos: la ubicaci\u00f3n separada del parqueadero y las dimensiones reducidas para el giro de veh\u00edculos pesados. Por ello, ha solicitado autorizaci\u00f3n provisional para operar mientras se adec\u00faa la infraestructura.<\/p>\n<p data-start=\"1147\" data-end=\"1380\">A pesar de una p\u00e9rdida cercana a los 200 mil d\u00f3lares por ingresos no percibidos, la instituci\u00f3n avanza en su recuperaci\u00f3n mediante la construcci\u00f3n de un nuevo centro de revisi\u00f3n en Chinchipe y el fortalecimiento de su equipo t\u00e9cnico.<\/p>\n<p data-start=\"1382\" data-end=\"1669\">El gerente Mendoza present\u00f3 un diagn\u00f3stico de las falencias heredadas y recalc\u00f3 los avances logrados, mientras que el representante del sector transportista, Osvaldo Rivera, expres\u00f3 respaldo a la actual administraci\u00f3n, aunque manifest\u00f3 preocupaci\u00f3n por las demoras que afectan al gremio.<\/p>\n<p data-start=\"1671\" data-end=\"1863\">Las tarifas se mantienen conforme a la normativa vigente de la ANT: USD 75 para veh\u00edculos particulares, USD 25 para comerciales, USD 18 para motocicletas y hasta USD 50 para veh\u00edculos pesados.<\/p>\n<p data-start=\"1865\" data-end=\"2184\" data-is-last-node=\"\" data-is-only-node=\"\">Finalmente, la EMMOV garantiza un servicio p\u00fablico transparente, eficiente y alineado con la ley, al servicio de los siete cantones mancomunados de Zamora Chinchipe y provincias vecinas. Se invita a la ciudadan\u00eda a informarse y acercarse a las oficinas para recibir orientaci\u00f3n personalizada.<\/p>\n","protected":false},"excerpt":{"rendered":"<p>La Empresa P\u00fablica Municipal de Movilidad del Cant\u00f3n Centinela del C\u00f3ndor (EMMOV) present\u00f3 ayer lunes 16 de junio de 2025, en rueda de prensa, los avances logrados en el proceso de reapertura del servicio de revisi\u00f3n t\u00e9cnica y matriculaci\u00f3n vehicular, suspendido desde noviembre de 2024 por incumplimientos a la Resoluci\u00f3n 015 de la Agencia Nacional de Tr\u00e1nsito (ANT). El evento fue liderado por el alcalde Segundo Sarango, presidente de la empresa, y el gerente Leonardo Mendoza, quienes expusieron los esfuerzos institucionales realizados para cumplir con los requisitos t\u00e9cnicos, administrativos y legales exigidos. Entre los logros alcanzados destaca la firma del Convenio de Interoperabilidad con la ANT, paso indispensable para reanudar los servicios. Actualmente, la EMMOV enfrenta dos desaf\u00edos t\u00e9cnicos: la ubicaci\u00f3n separada del parqueadero y las dimensiones reducidas para el giro de veh\u00edculos pesados. Por ello, ha solicitado autorizaci\u00f3n provisional para operar mientras se adec\u00faa la infraestructura. A pesar de una p\u00e9rdida cercana a los 200 mil d\u00f3lares por ingresos no percibidos, la instituci\u00f3n avanza en su recuperaci\u00f3n mediante la construcci\u00f3n de un nuevo centro de revisi\u00f3n en Chinchipe y el fortalecimiento de su equipo t\u00e9cnico. El gerente Mendoza present\u00f3 un diagn\u00f3stico de las falencias heredadas y recalc\u00f3 los avances logrados, mientras que el representante del sector transportista, Osvaldo Rivera, expres\u00f3 respaldo a la actual administraci\u00f3n, aunque manifest\u00f3 preocupaci\u00f3n por las demoras que afectan al gremio. Las tarifas se mantienen conforme a la normativa vigente de la ANT: USD 75 para veh\u00edculos particulares, USD 25 para comerciales, USD 18 para motocicletas y hasta USD 50 para veh\u00edculos pesados. Finalmente, la EMMOV garantiza un servicio p\u00fablico transparente, eficiente y alineado con la ley, al servicio de los siete cantones mancomunados de Zamora Chinchipe y provincias vecinas. Se invita a la ciudadan\u00eda a informarse y acercarse a las oficinas para recibir orientaci\u00f3n personalizada.<\/p>\n","protected":false},"author":1,"featured_media":24321,"comment_status":"open","ping_status":"open","sticky":false,"template":"","format":"standard","meta":{"footnotes":""},"categories":[243],"tags":[],"class_list":["post-24320","post","type-post","status-publish","format-standard","has-post-thumbnail","hentry","category-noticias-zamora"],"_links":{"self":[{"href":"https:\/\/www.elamazonico.com\/portal\/wp-json\/wp\/v2\/posts\/24320","targetHints":{"allow":["GET"]}}],"collection":[{"href":"https:\/\/www.elamazonico.com\/portal\/wp-json\/wp\/v2\/posts"}],"about":[{"href":"https:\/\/www.elamazonico.com\/portal\/wp-json\/wp\/v2\/types\/post"}],"author":[{"embeddable":true,"href":"https:\/\/www.elamazonico.com\/portal\/wp-json\/wp\/v2\/users\/1"}],"replies":[{"embeddable":true,"href":"https:\/\/www.elamazonico.com\/portal\/wp-json\/wp\/v2\/comments?post=24320"}],"version-history":[{"count":1,"href":"https:\/\/www.elamazonico.com\/portal\/wp-json\/wp\/v2\/posts\/24320\/revisions"}],"predecessor-version":[{"id":24322,"href":"https:\/\/www.elamazonico.com\/portal\/wp-json\/wp\/v2\/posts\/24320\/revisions\/24322"}],"wp:featuredmedia":[{"embeddable":true,"href":"https:\/\/www.elamazonico.com\/portal\/wp-json\/wp\/v2\/media\/24321"}],"wp:attachment":[{"href":"https:\/\/www.elamazonico.com\/portal\/wp-json\/wp\/v2\/media?parent=24320"}],"wp:term":[{"taxonomy":"category","embeddable":true,"href":"https:\/\/www.elamazonico.com\/portal\/wp-json\/wp\/v2\/categories?post=24320"},{"taxonomy":"post_tag","embeddable":true,"href":"https:\/\/www.elamazonico.com\/portal\/wp-json\/wp\/v2\/tags?post=24320"}],"curies":[{"name":"wp","href":"https:\/\/api.w.org\/{rel}","templated":true}]}}