{"id":24315,"date":"2025-06-16T19:32:20","date_gmt":"2025-06-17T00:32:20","guid":{"rendered":"https:\/\/www.elamazonico.com\/portal\/?p=24315"},"modified":"2025-06-16T19:32:20","modified_gmt":"2025-06-17T00:32:20","slug":"macro-intervencion-en-guayaquil-policia-y-ff-aa-intensificaran-operativos-ante-estallido-de-violencia","status":"publish","type":"post","link":"https:\/\/www.elamazonico.com\/portal\/macro-intervencion-en-guayaquil-policia-y-ff-aa-intensificaran-operativos-ante-estallido-de-violencia\/","title":{"rendered":"&#8216;Macro intervenci\u00f3n&#8217; en Guayaquil: Polic\u00eda y FF.AA. intensificar\u00e1n operativos ante estallido de violencia"},"content":{"rendered":"<div class=\"paragraph texto\">\n<p class=\"p_0\"><b>Guayaquil, la ciudad m\u00e1s poblada de Ecuador y la que presenta mayores n\u00fameros de delitos, tendr\u00e1 una \u00abmacro intervenci\u00f3n\u00bb conjunta de la Polic\u00eda y las Fuerzas Armadas para disminuir los niveles de criminalidad y violencia, despu\u00e9s de la decisi\u00f3n del presidente,\u00a0<a href=\"https:\/\/www.vistazo.com\/cronologia\/-\/meta\/daniel-noboa\">Daniel Noboa<\/a>, de trasladar temporalmente a esta ciudad las comandancias generales de ambas fuerzas de seguridad.<\/b><\/p>\n<p class=\"p_2\">As\u00ed lo explic\u00f3 este lunes el coronel\u00a0<b>Fernando Vaca<\/b>, jefe policial de la Zona 5, que comprende varios cantones de la provincia de Guayas, y quien el a\u00f1o pasado estuvo a cargo de la provincia costera de Manab\u00ed, adonde\u00a0<b>Noboa env\u00edo por primera vez al mando policial y militar<\/b>\u00a0para ejecutar una intervenci\u00f3n ante el aumento de los delitos.<\/p>\n<p class=\"p_3\">\u00abEn Manab\u00ed se hizo una\u00a0<b>macro intervenci\u00f3n<\/b>, la idea asumo es hacerlo de\u00a0<b>manera id\u00e9ntica<\/b>\u00ab, dijo Vaca en una rueda de prensa en la que estuvo acompa\u00f1ado de la gobernadora del Guayas,\u00a0<b>Zaida Rovira<\/b>, en la que analizaron los \u00edndices delictivos que se registran en los otras ciudades de la provincia, que, seg\u00fan aseguraron,\u00a0<b>\u00abest\u00e1n a la baja\u00bb.<\/b><\/p>\n<div class=\"google-auto-placed ap_container\"><ins class=\"adsbygoogle adsbygoogle-noablate\" data-ad-format=\"auto\" data-ad-client=\"ca-pub-6700818455230020\" data-adsbygoogle-status=\"done\" data-ad-status=\"filled\"><\/p>\n<div id=\"aswift_2_host\">El comandante a\u00f1adi\u00f3 que <b>los m\u00e1ximos responsables de las unidades especializadas estar\u00e1n en la ciudad<\/b>\u00a0\u00abgenerando en una sola mesa acciones y estrategias de acuerdo al comportamiento actual en lo relacionado a muertes violentas, sicariatos (asesinatos por encargo), secuestros extorsivos y dem\u00e1s delitos\u00bb.<\/div>\n<p><\/ins><\/div>\n<\/div>\n<div class=\"multimediaMacroWrapper img lateral\">\n<figure class=\"contentMedia art-img\">\n<div><img fetchpriority=\"high\" decoding=\"async\" class=\" lazyloaded\" title=\"Fotograf\u00eda que muestra un operativo en la v\u00eda principal de Posorja para hallar armas y droga.\" src=\"https:\/\/www.vistazo.com\/placeholder\/svg\/viewbox\/768x528\" sizes=\"100vw\" srcset=\"\/\/www.vistazo.com\/binrepository\/768x528\/0c0\/0d0\/none\/12727\/AWAH\/20250601170087-gye-posorja-insegurida_2255643_20250616164232.jpg 768w,\/\/www.vistazo.com\/binrepository\/640x440\/0c0\/0d0\/none\/12727\/AWAD\/20250601170087-gye-posorja-insegurida_2255643_20250616164232.jpg 640w,\/\/www.vistazo.com\/binrepository\/512x352\/0c0\/0d0\/none\/12727\/AWAD\/20250601170087-gye-posorja-insegurida_2255643_20250616164232.jpg 512w,\/\/www.vistazo.com\/binrepository\/384x264\/0c0\/0d0\/none\/12727\/AWAO\/20250601170087-gye-posorja-insegurida_2255643_20250616164232.jpg 384w,\/\/www.vistazo.com\/binrepository\/300x206\/0c0\/0d0\/none\/12727\/AWAG\/20250601170087-gye-posorja-insegurida_2255643_20250616164232.jpg 300w\" alt=\"$!Fotograf\u00eda que muestra un operativo en la v\u00eda principal de Posorja para hallar armas y droga.\" width=\"768\" height=\"528\" data-srcset=\"\/\/www.vistazo.com\/binrepository\/768x528\/0c0\/0d0\/none\/12727\/AWAH\/20250601170087-gye-posorja-insegurida_2255643_20250616164232.jpg 768w,\/\/www.vistazo.com\/binrepository\/640x440\/0c0\/0d0\/none\/12727\/AWAD\/20250601170087-gye-posorja-insegurida_2255643_20250616164232.jpg 640w,\/\/www.vistazo.com\/binrepository\/512x352\/0c0\/0d0\/none\/12727\/AWAD\/20250601170087-gye-posorja-insegurida_2255643_20250616164232.jpg 512w,\/\/www.vistazo.com\/binrepository\/384x264\/0c0\/0d0\/none\/12727\/AWAO\/20250601170087-gye-posorja-insegurida_2255643_20250616164232.jpg 384w,\/\/www.vistazo.com\/binrepository\/300x206\/0c0\/0d0\/none\/12727\/AWAG\/20250601170087-gye-posorja-insegurida_2255643_20250616164232.jpg 300w\" \/><\/div>\n<div class=\"cutline-byline\"><span class=\"cutline-text\">Fotograf\u00eda que muestra un operativo en la v\u00eda principal de Posorja para hallar armas y droga.<\/span>\u00a0<span class=\"byline-image\">(C\u00e9sar Mu\u00f1oz \/ API)<\/span><\/div>\n<\/figure>\n<\/div>\n<div class=\"paragraph texto\">\n<p class=\"p_5\">Rovira, por su parte, se\u00f1al\u00f3 que\u00a0<b>el traslado de los altos mandos policiales y militares empezar\u00e1 desde este lunes<\/b>\u00a0y que espera tener \u00abpronto\u00bb una reuni\u00f3n con los comandantes generales de ambas fuerzas para conocer con m\u00e1s detalle las acciones que ya se est\u00e1n planificando.<\/p>\n<p class=\"p_6\">\u00abLa decisi\u00f3n del presidente de la Rep\u00fablica habla de la importancia que tiene el combate contra la delincuencia, pero, adem\u00e1s, es\u00a0<b>devolverle la seguridad y la tranquilidad a la ciudadan\u00eda<\/b>\u00ab, dijo la gobernadora.<\/p>\n<\/div>\n<h2 class=\"h2vistazo\">Megaoperativos<\/h2>\n<div class=\"paragraph texto\">\n<p class=\"p_7\">El coronel Vaca explic\u00f3 a EFE que, tal como ocurri\u00f3 en Manab\u00ed, a la ciudad arribar\u00e1n los\u00a0<b>directores de las unidades de Inteligencia, Investigaciones, Antinarc\u00f3ticos, Operaciones Especiales, entre otros departamentos<\/b>, para \u00abhacer un mapeo\u00bb y sobre esa informaci\u00f3n generar acciones y estrategias, entre las que estar\u00e1n operativos m\u00e1s grandes de los que se han realizado en la ciudad en las \u00faltimas semanas.<\/p>\n<\/div>\n<div class=\"multimediaMacroWrapper img lateral\">\n<figure class=\"contentMedia art-img\">\n<div><img decoding=\"async\" class=\" lazyloaded\" title=\"Un allanamiento realizado en Guayaquil, en el marco de la operaci\u00f3n \u201cGran F\u00e9nix 0023 \u201cDrag\u00f3n-Pitahaya\u201d.\" src=\"https:\/\/www.vistazo.com\/placeholder\/svg\/viewbox\/768x528\" sizes=\"100vw\" srcset=\"\/\/www.vistazo.com\/binrepository\/768x528\/0c0\/0d0\/none\/12727\/RUVH\/20250529169593-gye-operativo-gran-fen_2255647_20250616164618.jpg 768w,\/\/www.vistazo.com\/binrepository\/640x440\/0c0\/0d0\/none\/12727\/RUVD\/20250529169593-gye-operativo-gran-fen_2255647_20250616164618.jpg 640w,\/\/www.vistazo.com\/binrepository\/512x352\/0c0\/0d0\/none\/12727\/RUVD\/20250529169593-gye-operativo-gran-fen_2255647_20250616164618.jpg 512w,\/\/www.vistazo.com\/binrepository\/384x264\/0c0\/0d0\/none\/12727\/RUVO\/20250529169593-gye-operativo-gran-fen_2255647_20250616164618.jpg 384w,\/\/www.vistazo.com\/binrepository\/300x206\/0c0\/0d0\/none\/12727\/RUVG\/20250529169593-gye-operativo-gran-fen_2255647_20250616164618.jpg 300w\" alt=\"$!Un allanamiento realizado en Guayaquil, en el marco de la operaci\u00f3n \u201cGran F\u00e9nix 0023 \u201cDrag\u00f3n-Pitahaya\u201d.\" width=\"768\" height=\"528\" data-srcset=\"\/\/www.vistazo.com\/binrepository\/768x528\/0c0\/0d0\/none\/12727\/RUVH\/20250529169593-gye-operativo-gran-fen_2255647_20250616164618.jpg 768w,\/\/www.vistazo.com\/binrepository\/640x440\/0c0\/0d0\/none\/12727\/RUVD\/20250529169593-gye-operativo-gran-fen_2255647_20250616164618.jpg 640w,\/\/www.vistazo.com\/binrepository\/512x352\/0c0\/0d0\/none\/12727\/RUVD\/20250529169593-gye-operativo-gran-fen_2255647_20250616164618.jpg 512w,\/\/www.vistazo.com\/binrepository\/384x264\/0c0\/0d0\/none\/12727\/RUVO\/20250529169593-gye-operativo-gran-fen_2255647_20250616164618.jpg 384w,\/\/www.vistazo.com\/binrepository\/300x206\/0c0\/0d0\/none\/12727\/RUVG\/20250529169593-gye-operativo-gran-fen_2255647_20250616164618.jpg 300w\" \/><\/div>\n<div class=\"cutline-byline\"><span class=\"cutline-text\">Un allanamiento realizado en Guayaquil, en el marco de la operaci\u00f3n \u201cGran F\u00e9nix 0023 \u201cDrag\u00f3n-Pitahaya\u201d.<\/span>\u00a0<span class=\"byline-image\">(C\u00e9sar Mu\u00f1oz \/ API)<\/span><\/div>\n<\/figure>\n<\/div>\n<div class=\"paragraph texto\">\n<p class=\"p_8\">\u00abEso es\u00a0<b>lo que se hizo en Manab\u00ed\u00a0<\/b>y obviamente dio los resultados. Se desarticul\u00f3 a algunas estructuras criminales, se incaut\u00f3 grandes cantidades de armas de fuego, se decomis\u00f3 droga y\u00a0<b>se control\u00f3 sustancialmente la violencia y la criminalidad<\/b>\u00ab, a\u00f1adi\u00f3 el jefe policial.<\/p>\n<p class=\"p_9\"><b>Guayaquil es una de las ciudades m\u00e1s golpeadas por el aumento de la violencia\u00a0<\/b>que la Polic\u00eda atribuye a disputas entre bandas de crimen organizado, ligadas principalmente al narcotr\u00e1fico, pero que en los \u00faltimos a\u00f1os han<b>\u00a0alimentado sus econom\u00edas criminales con los secuestros y las extorsiones<\/b>, que han crecido de manera exponencial en este cant\u00f3n del pa\u00eds.<\/p>\n<\/div>\n<h2 class=\"h2vistazo\">Ascenso de homicidios<\/h2>\n<div class=\"paragraph texto\">\n<p class=\"p_10\">Hasta finales de mayo, en la Zona 8, que comprende la ciudad de\u00a0<b>Guayaquil\u00a0<\/b>y los cantones vecinos de\u00a0<b>Dur\u00e1n y Samborond\u00f3n<\/b>, se cometieron\u00a0<b>1.585 homicidios<\/b>, un 78 % m\u00e1s de los que se registraron en el mismo periodo del a\u00f1o pasado (891), seg\u00fan cifras oficiales.<\/p>\n<p class=\"p_11\">Solo el pasado martes,\u00a0<b>al menos ocho personas fueron asesinadas en menos de dos horas<\/b>\u00a0en distintos puntos del distrito Pascuales, en el norte de la ciudad.<\/p>\n<div class=\"google-auto-placed ap_container\"><ins class=\"adsbygoogle adsbygoogle-noablate\" data-ad-format=\"auto\" data-ad-client=\"ca-pub-6700818455230020\" data-adsbygoogle-status=\"done\" data-ad-status=\"filled\"><\/p>\n<div id=\"aswift_3_host\">Y en semanas anteriores una<b>\u00a0serie de explosiones<\/b>\u00a0atribuidas a presuntos extorsionadores que se registraron en barrios y comercios, especialmente una que se dio en la zona de la Bah\u00eda, un \u00e1rea del centro de la ciudad que concentra a\u00a0<b>4.300 comerciantes<\/b>, encendieron las<b>\u00a0alertas de las autoridades.<\/b><\/div>\n<p><\/ins><\/div>\n<\/div>\n<h2 class=\"h2vistazo\">Despliegues en la zona costera<\/h2>\n<div class=\"paragraph texto\">\n<p class=\"p_13\">Sin embargo,\u00a0<b>Vaca dijo que estas nuevas acciones van a ir m\u00e1s all\u00e1 de la Zona 8<\/b>\u00a0y que espera que tambi\u00e9n beneficien a los municipios a su mando.<\/p>\n<p class=\"p_15\">En ese mismo sentido, el ministro del Interior,<b>\u00a0John Reimberg<\/b>, dijo en la ma\u00f1ana de este lunes, tras su salida de una comparecencia en la Asamblea Nacional, que la idea es\u00a0<b>trabajar en todo \u00abel sector costero\u00bb<\/b>, donde\u00a0<b>se \u00abhan elevado un poco las cifras en estos d\u00edas\u00bb.<\/b><\/p>\n<p class=\"p_16\">\u00abEs una\u00a0<b>decisi\u00f3n acertada del se\u00f1or presidente<\/b>\u00a0y obviamente nosotros como ministros tambi\u00e9n vamos a estar a lado de nuestras fuerzas para\u00a0<b>estar en el sector costero combatiendo la delincuencia<\/b>\u00ab, a\u00f1adi\u00f3. <strong>Fuente: Vistazo<\/strong><\/p>\n<\/div>\n","protected":false},"excerpt":{"rendered":"<p>Guayaquil, la ciudad m\u00e1s poblada de Ecuador y la que presenta mayores n\u00fameros de delitos, tendr\u00e1 una \u00abmacro intervenci\u00f3n\u00bb conjunta de la Polic\u00eda y las Fuerzas Armadas para disminuir los niveles de criminalidad y violencia, despu\u00e9s de la decisi\u00f3n del presidente,\u00a0Daniel Noboa, de trasladar temporalmente a esta ciudad las comandancias generales de ambas fuerzas de seguridad. As\u00ed lo explic\u00f3 este lunes el coronel\u00a0Fernando Vaca, jefe policial de la Zona 5, que comprende varios cantones de la provincia de Guayas, y quien el a\u00f1o pasado estuvo a cargo de la provincia costera de Manab\u00ed, adonde\u00a0Noboa env\u00edo por primera vez al mando policial y militar\u00a0para ejecutar una intervenci\u00f3n ante el aumento de los delitos. \u00abEn Manab\u00ed se hizo una\u00a0macro intervenci\u00f3n, la idea asumo es hacerlo de\u00a0manera id\u00e9ntica\u00ab, dijo Vaca en una rueda de prensa en la que estuvo acompa\u00f1ado de la gobernadora del Guayas,\u00a0Zaida Rovira, en la que analizaron los \u00edndices delictivos que se registran en los otras ciudades de la provincia, que, seg\u00fan aseguraron,\u00a0\u00abest\u00e1n a la baja\u00bb. El comandante a\u00f1adi\u00f3 que los m\u00e1ximos responsables de las unidades especializadas estar\u00e1n en la ciudad\u00a0\u00abgenerando en una sola mesa acciones y estrategias de acuerdo al comportamiento actual en lo relacionado a muertes violentas, sicariatos (asesinatos por encargo), secuestros extorsivos y dem\u00e1s delitos\u00bb. Fotograf\u00eda que muestra un operativo en la v\u00eda principal de Posorja para hallar armas y droga.\u00a0(C\u00e9sar Mu\u00f1oz \/ API) Rovira, por su parte, se\u00f1al\u00f3 que\u00a0el traslado de los altos mandos policiales y militares empezar\u00e1 desde este lunes\u00a0y que espera tener \u00abpronto\u00bb una reuni\u00f3n con los comandantes generales de ambas fuerzas para conocer con m\u00e1s detalle las acciones que ya se est\u00e1n planificando. \u00abLa decisi\u00f3n del presidente de la Rep\u00fablica habla de la importancia que tiene el combate contra la delincuencia, pero, adem\u00e1s, es\u00a0devolverle la seguridad y la tranquilidad a la ciudadan\u00eda\u00ab, dijo la gobernadora. Megaoperativos El coronel Vaca explic\u00f3 a EFE que, tal como ocurri\u00f3 en Manab\u00ed, a la ciudad arribar\u00e1n los\u00a0directores de las unidades de Inteligencia, Investigaciones, Antinarc\u00f3ticos, Operaciones Especiales, entre otros departamentos, para \u00abhacer un mapeo\u00bb y sobre esa informaci\u00f3n generar acciones y estrategias, entre las que estar\u00e1n operativos m\u00e1s grandes de los que se han realizado en la ciudad en las \u00faltimas semanas. Un allanamiento realizado en Guayaquil, en el marco de la operaci\u00f3n \u201cGran F\u00e9nix 0023 \u201cDrag\u00f3n-Pitahaya\u201d.\u00a0(C\u00e9sar Mu\u00f1oz \/ API) \u00abEso es\u00a0lo que se hizo en Manab\u00ed\u00a0y obviamente dio los resultados. Se desarticul\u00f3 a algunas estructuras criminales, se incaut\u00f3 grandes cantidades de armas de fuego, se decomis\u00f3 droga y\u00a0se control\u00f3 sustancialmente la violencia y la criminalidad\u00ab, a\u00f1adi\u00f3 el jefe policial. Guayaquil es una de las ciudades m\u00e1s golpeadas por el aumento de la violencia\u00a0que la Polic\u00eda atribuye a disputas entre bandas de crimen organizado, ligadas principalmente al narcotr\u00e1fico, pero que en los \u00faltimos a\u00f1os han\u00a0alimentado sus econom\u00edas criminales con los secuestros y las extorsiones, que han crecido de manera exponencial en este cant\u00f3n del pa\u00eds. Ascenso de homicidios Hasta finales de mayo, en la Zona 8, que comprende la ciudad de\u00a0Guayaquil\u00a0y los cantones vecinos de\u00a0Dur\u00e1n y Samborond\u00f3n, se cometieron\u00a01.585 homicidios, un 78 % m\u00e1s de los que se registraron en el mismo periodo del a\u00f1o pasado (891), seg\u00fan cifras oficiales. Solo el pasado martes,\u00a0al menos ocho personas fueron asesinadas en menos de dos horas\u00a0en distintos puntos del distrito Pascuales, en el norte de la ciudad. Y en semanas anteriores una\u00a0serie de explosiones\u00a0atribuidas a presuntos extorsionadores que se registraron en barrios y comercios, especialmente una que se dio en la zona de la Bah\u00eda, un \u00e1rea del centro de la ciudad que concentra a\u00a04.300 comerciantes, encendieron las\u00a0alertas de las autoridades. Despliegues en la zona costera Sin embargo,\u00a0Vaca dijo que estas nuevas acciones van a ir m\u00e1s all\u00e1 de la Zona 8\u00a0y que espera que tambi\u00e9n beneficien a los municipios a su mando. En ese mismo sentido, el ministro del Interior,\u00a0John Reimberg, dijo en la ma\u00f1ana de este lunes, tras su salida de una comparecencia en la Asamblea Nacional, que la idea es\u00a0trabajar en todo \u00abel sector costero\u00bb, donde\u00a0se \u00abhan elevado un poco las cifras en estos d\u00edas\u00bb. \u00abEs una\u00a0decisi\u00f3n acertada del se\u00f1or presidente\u00a0y obviamente nosotros como ministros tambi\u00e9n vamos a estar a lado de nuestras fuerzas para\u00a0estar en el sector costero combatiendo la delincuencia\u00ab, a\u00f1adi\u00f3. Fuente: Vistazo<\/p>\n","protected":false},"author":1,"featured_media":24316,"comment_status":"open","ping_status":"open","sticky":false,"template":"","format":"standard","meta":{"footnotes":""},"categories":[268],"tags":[],"class_list":["post-24315","post","type-post","status-publish","format-standard","has-post-thumbnail","hentry","category-nacionales"],"_links":{"self":[{"href":"https:\/\/www.elamazonico.com\/portal\/wp-json\/wp\/v2\/posts\/24315","targetHints":{"allow":["GET"]}}],"collection":[{"href":"https:\/\/www.elamazonico.com\/portal\/wp-json\/wp\/v2\/posts"}],"about":[{"href":"https:\/\/www.elamazonico.com\/portal\/wp-json\/wp\/v2\/types\/post"}],"author":[{"embeddable":true,"href":"https:\/\/www.elamazonico.com\/portal\/wp-json\/wp\/v2\/users\/1"}],"replies":[{"embeddable":true,"href":"https:\/\/www.elamazonico.com\/portal\/wp-json\/wp\/v2\/comments?post=24315"}],"version-history":[{"count":1,"href":"https:\/\/www.elamazonico.com\/portal\/wp-json\/wp\/v2\/posts\/24315\/revisions"}],"predecessor-version":[{"id":24317,"href":"https:\/\/www.elamazonico.com\/portal\/wp-json\/wp\/v2\/posts\/24315\/revisions\/24317"}],"wp:featuredmedia":[{"embeddable":true,"href":"https:\/\/www.elamazonico.com\/portal\/wp-json\/wp\/v2\/media\/24316"}],"wp:attachment":[{"href":"https:\/\/www.elamazonico.com\/portal\/wp-json\/wp\/v2\/media?parent=24315"}],"wp:term":[{"taxonomy":"category","embeddable":true,"href":"https:\/\/www.elamazonico.com\/portal\/wp-json\/wp\/v2\/categories?post=24315"},{"taxonomy":"post_tag","embeddable":true,"href":"https:\/\/www.elamazonico.com\/portal\/wp-json\/wp\/v2\/tags?post=24315"}],"curies":[{"name":"wp","href":"https:\/\/api.w.org\/{rel}","templated":true}]}}