{"id":24257,"date":"2025-06-16T16:17:14","date_gmt":"2025-06-16T21:17:14","guid":{"rendered":"https:\/\/www.elamazonico.com\/portal\/?p=24257"},"modified":"2025-06-16T16:17:14","modified_gmt":"2025-06-16T21:17:14","slug":"mas-del-60-de-detenidos-en-flagrancia-no-va-a-prision-preventiva-autoridades-alertan-de-impunidad-judicial","status":"publish","type":"post","link":"https:\/\/www.elamazonico.com\/portal\/mas-del-60-de-detenidos-en-flagrancia-no-va-a-prision-preventiva-autoridades-alertan-de-impunidad-judicial\/","title":{"rendered":"M\u00e1s del 60 % de detenidos en flagrancia no va a prisi\u00f3n preventiva: autoridades alertan de impunidad judicial"},"content":{"rendered":"<p class=\"p_0\">La Comisi\u00f3n de Fiscalizaci\u00f3n y Control Pol\u00edtico inici\u00f3 este lunes 16 de junio un proceso de investigaci\u00f3n sobre ciertas decisiones\u00a0<b>judiciales\u00a0<\/b>que<b>\u00a0<\/b>estar\u00edan favoreciendo la\u00a0<b><a href=\"https:\/\/www.vistazo.com\/politica\/nacional\/2025-06-10-depuracion-jueces-fiscales-reimberg-delincuentes-liberaciones-YM9482331\" target=\"_blank\" rel=\"noopener noreferrer\">liberaci\u00f3n<\/a>\u00a0<\/b>de personas detenidas en flagrancia.<\/p>\n<p class=\"p_1\">El ministro del Interior,\u00a0<b>John Reimberg<\/b>, durante su comparecencia mencion\u00f3 que las\u00a0<b>econom\u00edas criminales<\/b>\u00a0mantienen a flote sus estructuras extendiendo sus\u00a0<b>tent\u00e1culos\u00a0<\/b>en los entramados judiciales de los que se benefician para lograr la impunidad.<\/p>\n<p class=\"p_3\">Reimberg reiter\u00f3 que en la lucha contra el crimen organizado se han encontrado con\u00a0<b>barreras\u00a0<\/b>en el procedimiento judicial, con decisiones que permiten que los sospechosos de actos delictivos, detenidos en flagrancia, sean\u00a0<b>liberados o que reciban medidas sustitutivas\u00a0<\/b>a la prisi\u00f3n preventiva, acciones que frenan el trabajo del eje de seguridad.<\/p>\n<div class=\"Center2Display\">\n<div id=\"Center2\" data-google-query-id=\"CP2vt6Dt9o0DFVOxgwgdUZUALA\">\n<div id=\"google_ads_iframe_\/21839199781\/Vistazo\/Vistazo_Center2_0__container__\">\u201cNo puede haber paz sin justicia, ni justicia sin responsabilidad. <u>Las decisiones judiciales no deben convertirse en un mecanismo para que delincuentes queden en libertad\u00bb<\/u>, enfatiz\u00f3.<\/div>\n<\/div>\n<\/div>\n<p class=\"p_5\">Reimberg record\u00f3 que de los\u00a0<b>104 mil aprehendidos\u00a0<\/b>en los m\u00e1s de 900 operativos contra el crimen organizado, muchos est\u00e1n en\u00a0<b>libertad<\/b>, recibieron medidas sustitutivas y han vuelto a cometer delitos; otros tienen\u00a0<b>arresto domiciliario<\/b>, lo cual obliga a destinar\u00a0<u>m\u00e1s de 800 polic\u00edas para su custodia<\/u>.<\/p>\n<p class=\"p_6\">Revel\u00f3 que cuando se denuncia la actuaci\u00f3n irregular de determinados jueces hay que esperar un a\u00f1o<b>\u00a0<\/b>para saber qu\u00e9 pasa con en estos casos, mientras los delincuentes siguen libres. \u201cLos jueces est\u00e1n llamados a estar del lado correcto del pa\u00eds y de la historia\u201d, enfatiz\u00f3.<\/p>\n<p class=\"p_7\">Por su parte, el Comandante de la Polic\u00eda, Pablo D\u00e1vila, asegur\u00f3 que la instituci\u00f3n cumple sus labores con un profundo compromiso con el pa\u00eds, a fin de proteger a la ciudadan\u00eda. Lamentablemente, los plazos prolongados y la carga documental que se necesita para legalizar las aprehensiones ante los operadores de justicia, complican el trabajo de la Polic\u00eda Nacional.<\/p>\n<p class=\"p_8\">Asegur\u00f3 que\u00a0<u>cerca del 60 % de los m\u00e1s de 25 mil ciudadanos aprehendidos en flagrancia ha recibido medidas sustitutivas a la prisi\u00f3n preventiva<\/u>, muchos de ellos tienen entre dos, cinco y m\u00e1s detenciones por las mismas causas, esta recurrencia en el cometimiento de delitos complica las estad\u00edsticas de violencia en el Ecuador.<\/p>\n<p class=\"p_9\">El comandante dijo que esta situaci\u00f3n evidencia la necesidad de revisar los procedimientos para calificar la flagrancia y las condiciones m\u00ednimas para dictar medidas sustitutivas, con el fin de sancionar oportunamente estas conductas y evitar la impunidad. <strong>Fuente: Vistazo<\/strong><\/p>\n","protected":false},"excerpt":{"rendered":"<p>La Comisi\u00f3n de Fiscalizaci\u00f3n y Control Pol\u00edtico inici\u00f3 este lunes 16 de junio un proceso de investigaci\u00f3n sobre ciertas decisiones\u00a0judiciales\u00a0que\u00a0estar\u00edan favoreciendo la\u00a0liberaci\u00f3n\u00a0de personas detenidas en flagrancia. El ministro del Interior,\u00a0John Reimberg, durante su comparecencia mencion\u00f3 que las\u00a0econom\u00edas criminales\u00a0mantienen a flote sus estructuras extendiendo sus\u00a0tent\u00e1culos\u00a0en los entramados judiciales de los que se benefician para lograr la impunidad. Reimberg reiter\u00f3 que en la lucha contra el crimen organizado se han encontrado con\u00a0barreras\u00a0en el procedimiento judicial, con decisiones que permiten que los sospechosos de actos delictivos, detenidos en flagrancia, sean\u00a0liberados o que reciban medidas sustitutivas\u00a0a la prisi\u00f3n preventiva, acciones que frenan el trabajo del eje de seguridad. \u201cNo puede haber paz sin justicia, ni justicia sin responsabilidad. Las decisiones judiciales no deben convertirse en un mecanismo para que delincuentes queden en libertad\u00bb, enfatiz\u00f3. Reimberg record\u00f3 que de los\u00a0104 mil aprehendidos\u00a0en los m\u00e1s de 900 operativos contra el crimen organizado, muchos est\u00e1n en\u00a0libertad, recibieron medidas sustitutivas y han vuelto a cometer delitos; otros tienen\u00a0arresto domiciliario, lo cual obliga a destinar\u00a0m\u00e1s de 800 polic\u00edas para su custodia. Revel\u00f3 que cuando se denuncia la actuaci\u00f3n irregular de determinados jueces hay que esperar un a\u00f1o\u00a0para saber qu\u00e9 pasa con en estos casos, mientras los delincuentes siguen libres. \u201cLos jueces est\u00e1n llamados a estar del lado correcto del pa\u00eds y de la historia\u201d, enfatiz\u00f3. Por su parte, el Comandante de la Polic\u00eda, Pablo D\u00e1vila, asegur\u00f3 que la instituci\u00f3n cumple sus labores con un profundo compromiso con el pa\u00eds, a fin de proteger a la ciudadan\u00eda. Lamentablemente, los plazos prolongados y la carga documental que se necesita para legalizar las aprehensiones ante los operadores de justicia, complican el trabajo de la Polic\u00eda Nacional. Asegur\u00f3 que\u00a0cerca del 60 % de los m\u00e1s de 25 mil ciudadanos aprehendidos en flagrancia ha recibido medidas sustitutivas a la prisi\u00f3n preventiva, muchos de ellos tienen entre dos, cinco y m\u00e1s detenciones por las mismas causas, esta recurrencia en el cometimiento de delitos complica las estad\u00edsticas de violencia en el Ecuador. El comandante dijo que esta situaci\u00f3n evidencia la necesidad de revisar los procedimientos para calificar la flagrancia y las condiciones m\u00ednimas para dictar medidas sustitutivas, con el fin de sancionar oportunamente estas conductas y evitar la impunidad. Fuente: Vistazo<\/p>\n","protected":false},"author":1,"featured_media":24258,"comment_status":"open","ping_status":"open","sticky":false,"template":"","format":"standard","meta":{"footnotes":""},"categories":[268],"tags":[],"class_list":["post-24257","post","type-post","status-publish","format-standard","has-post-thumbnail","hentry","category-nacionales"],"_links":{"self":[{"href":"https:\/\/www.elamazonico.com\/portal\/wp-json\/wp\/v2\/posts\/24257","targetHints":{"allow":["GET"]}}],"collection":[{"href":"https:\/\/www.elamazonico.com\/portal\/wp-json\/wp\/v2\/posts"}],"about":[{"href":"https:\/\/www.elamazonico.com\/portal\/wp-json\/wp\/v2\/types\/post"}],"author":[{"embeddable":true,"href":"https:\/\/www.elamazonico.com\/portal\/wp-json\/wp\/v2\/users\/1"}],"replies":[{"embeddable":true,"href":"https:\/\/www.elamazonico.com\/portal\/wp-json\/wp\/v2\/comments?post=24257"}],"version-history":[{"count":1,"href":"https:\/\/www.elamazonico.com\/portal\/wp-json\/wp\/v2\/posts\/24257\/revisions"}],"predecessor-version":[{"id":24259,"href":"https:\/\/www.elamazonico.com\/portal\/wp-json\/wp\/v2\/posts\/24257\/revisions\/24259"}],"wp:featuredmedia":[{"embeddable":true,"href":"https:\/\/www.elamazonico.com\/portal\/wp-json\/wp\/v2\/media\/24258"}],"wp:attachment":[{"href":"https:\/\/www.elamazonico.com\/portal\/wp-json\/wp\/v2\/media?parent=24257"}],"wp:term":[{"taxonomy":"category","embeddable":true,"href":"https:\/\/www.elamazonico.com\/portal\/wp-json\/wp\/v2\/categories?post=24257"},{"taxonomy":"post_tag","embeddable":true,"href":"https:\/\/www.elamazonico.com\/portal\/wp-json\/wp\/v2\/tags?post=24257"}],"curies":[{"name":"wp","href":"https:\/\/api.w.org\/{rel}","templated":true}]}}