{"id":24254,"date":"2025-06-17T04:02:13","date_gmt":"2025-06-17T09:02:13","guid":{"rendered":"https:\/\/www.elamazonico.com\/portal\/?p=24254"},"modified":"2025-06-16T16:02:24","modified_gmt":"2025-06-16T21:02:24","slug":"diario-el-amazonico-responde-a-diligencia-pre-procesal-presentada-por-la-emmov-de-centinela-del-condor","status":"publish","type":"post","link":"https:\/\/www.elamazonico.com\/portal\/diario-el-amazonico-responde-a-diligencia-pre-procesal-presentada-por-la-emmov-de-centinela-del-condor\/","title":{"rendered":"Diario El Amaz\u00f3nico responde a diligencia pre-procesal presentada por la EMMOV de Centinela del C\u00f3ndor"},"content":{"rendered":"<p>El viernes 13 de junio, en la Unidad Judicial Multicompetente del cant\u00f3n Centinela del C\u00f3ndor, Diario El Amaz\u00f3nico, a trav\u00e9s de su representante legal, el abogado Jamil \u00c1vila, respondi\u00f3 de manera formal a una diligencia pre-procesal iniciada por la Empresa P\u00fablica Municipal de Movilidad del cant\u00f3n Centinela del C\u00f3ndor (EMMOV), la cual busca recabar informaci\u00f3n previa a un eventual proceso judicial, a\u00fan no definido si en la v\u00eda civil o penal.<\/p>\n<p>El abogado defensor explic\u00f3 que la diligencia tiene como finalidad recabar documentaci\u00f3n relacionada con una publicaci\u00f3n realizada por el medio el pasado 21 de abril de 2025, titulada \u00abCrisis administrativa y operativa amenaza con un posible cierre de la EMMOV en Centinela del C\u00f3ndor\u00bb. La nota informativa, de autor\u00eda del gerente y propietario del Diario, Alc\u00edbar Lupercio, expuso la falta de servicios de matriculaci\u00f3n desde octubre del 2024 en dicha instituci\u00f3n durante aproximadamente siete meses, particularmente en el \u00e1rea de matriculaci\u00f3n vehicular.<\/p>\n<p><strong>Un proceso en fase inicial y sin acusaci\u00f3n formal<\/strong><\/p>\n<p>\u00c1vila aclar\u00f3 que no existe, hasta la fecha, ning\u00fan proceso judicial instaurado contra el Diario El Amaz\u00f3nico o su representante legal. La comparecencia del viernes responde exclusivamente a una diligencia para la posible preparaci\u00f3n de un juicio, cuya figura legal todav\u00eda no ha sido definida por la parte solicitante.<\/p>\n<p>El abogado indic\u00f3 que este tipo de diligencias deben analizarse con rigor jur\u00eddico, ya que podr\u00edan entrar en conflicto con el derecho a la libertad de expresi\u00f3n, consagrado en la Constituci\u00f3n de la Rep\u00fablica del Ecuador y en tratados internacionales de derechos humanos, como lo establecen la Corte Constitucional ecuatoriana y la Corte Interamericana de Derechos Humanos.<\/p>\n<p>\u201cEstamos preparados para sostener nuestros argumentos en base al ordenamiento jur\u00eddico nacional e internacional que ampara el ejercicio period\u00edstico\u201d, afirm\u00f3 \u00c1vila.<\/p>\n<p><strong>La postura del medio de comunicaci\u00f3n<\/strong><\/p>\n<p>Por su parte, el gerente del Diario El Amaz\u00f3nico, Alc\u00edbar Lupercio, se pronunci\u00f3 p\u00fablicamente en las afueras de la Unidad Judicial de Zumbi, reafirmando su compromiso con el periodismo de investigaci\u00f3n y la libertad de prensa.<\/p>\n<p>\u201cEl Diario El Amaz\u00f3nico no ha difamado ni injuriado a ning\u00fan funcionario. Simplemente ha ejercido su deber de informar con base en hechos verificables y en el clamor ciudadano. Esta nota, lejos de causar un perjuicio, motiv\u00f3 que la EMMOV reactivara su servicio de matriculaci\u00f3n vehicular a partir del lunes 16 de junio, tras siete meses de inactividad, con sueldos de 2000 y 1600 d\u00f3lares el gerente y jefe administrativo\u201d, declar\u00f3 Lupercio.<\/p>\n<p>Adem\u00e1s, manifest\u00f3 que la publicaci\u00f3n se sustent\u00f3 en testimonios de usuarios y de funcionarios internos de la entidad, quienes confirmaron que el servicio de matriculaci\u00f3n y otros estaban suspendidos. Subray\u00f3 tambi\u00e9n que, pese a que el medio siempre ha mantenido abiertas sus puertas para ejercer el derecho a la r\u00e9plica \u2014que est\u00e1 consagrado en la Constituci\u00f3n, Art. 66 numeral 7 y en la Ley de Comunicaci\u00f3n \u2014, la EMMOV no solicit\u00f3 dicho recurso, sino que opt\u00f3 por iniciar una diligencia legal en busca de documentaci\u00f3n interna del medio, como el RUC y otros datos administrativos.<\/p>\n<p><strong>Libertad de expresi\u00f3n como pilar democr\u00e1tico<\/strong><\/p>\n<p>Ambos representantes coincidieron en que este proceso debe evaluarse desde una perspectiva constitucional. \u201cEl Ecuador es un Estado de derechos y justicia. En una democracia, el pilar fundamental es la libertad de expresi\u00f3n. No se puede pretender silenciar a la prensa por cumplir con su funci\u00f3n de fiscalizar a las instituciones p\u00fablicas, sobre todo cuando se trata de servicios esenciales a la ciudadan\u00eda\u201d, se\u00f1al\u00f3 \u00c1vila.<\/p>\n<p>Asimismo, Alcibar Lupercio, en calidad de periodista anunci\u00f3 que present\u00f3 un oficio con varias preguntas para que con certificado entreguen a la misma para dar mayor informaci\u00f3n del accionar de quienes est\u00e1n al frente de la EMMOV, a fin de esclarecer varios temas a la ciudadan\u00eda.<\/p>\n<p>\u201cSeguiremos informando con valent\u00eda. No nos amedrenta esta acci\u00f3n, al contrario, nos compromete a\u00fan m\u00e1s con la verdad y con el pueblo de Zamora Chinchipe\u201d, concluy\u00f3.<\/p>\n<p>Diario El Amaz\u00f3nico ratifica su compromiso con la \u00e9tica period\u00edstica, la transparencia y el derecho de la ciudadan\u00eda a estar informada. Esperar\u00e1 con firmeza jur\u00eddica y profesional el desarrollo de los procedimientos correspondientes, confiando en la independencia de la justicia ecuatoriana y en el respeto a los principios constitucionales que rigen el pa\u00eds.<\/p>\n","protected":false},"excerpt":{"rendered":"<p>El viernes 13 de junio, en la Unidad Judicial Multicompetente del cant\u00f3n Centinela del C\u00f3ndor, Diario El Amaz\u00f3nico, a trav\u00e9s de su representante legal, el abogado Jamil \u00c1vila, respondi\u00f3 de manera formal a una diligencia pre-procesal iniciada por la Empresa P\u00fablica Municipal de Movilidad del cant\u00f3n Centinela del C\u00f3ndor (EMMOV), la cual busca recabar informaci\u00f3n previa a un eventual proceso judicial, a\u00fan no definido si en la v\u00eda civil o penal. El abogado defensor explic\u00f3 que la diligencia tiene como finalidad recabar documentaci\u00f3n relacionada con una publicaci\u00f3n realizada por el medio el pasado 21 de abril de 2025, titulada \u00abCrisis administrativa y operativa amenaza con un posible cierre de la EMMOV en Centinela del C\u00f3ndor\u00bb. La nota informativa, de autor\u00eda del gerente y propietario del Diario, Alc\u00edbar Lupercio, expuso la falta de servicios de matriculaci\u00f3n desde octubre del 2024 en dicha instituci\u00f3n durante aproximadamente siete meses, particularmente en el \u00e1rea de matriculaci\u00f3n vehicular. Un proceso en fase inicial y sin acusaci\u00f3n formal \u00c1vila aclar\u00f3 que no existe, hasta la fecha, ning\u00fan proceso judicial instaurado contra el Diario El Amaz\u00f3nico o su representante legal. La comparecencia del viernes responde exclusivamente a una diligencia para la posible preparaci\u00f3n de un juicio, cuya figura legal todav\u00eda no ha sido definida por la parte solicitante. El abogado indic\u00f3 que este tipo de diligencias deben analizarse con rigor jur\u00eddico, ya que podr\u00edan entrar en conflicto con el derecho a la libertad de expresi\u00f3n, consagrado en la Constituci\u00f3n de la Rep\u00fablica del Ecuador y en tratados internacionales de derechos humanos, como lo establecen la Corte Constitucional ecuatoriana y la Corte Interamericana de Derechos Humanos. \u201cEstamos preparados para sostener nuestros argumentos en base al ordenamiento jur\u00eddico nacional e internacional que ampara el ejercicio period\u00edstico\u201d, afirm\u00f3 \u00c1vila. La postura del medio de comunicaci\u00f3n Por su parte, el gerente del Diario El Amaz\u00f3nico, Alc\u00edbar Lupercio, se pronunci\u00f3 p\u00fablicamente en las afueras de la Unidad Judicial de Zumbi, reafirmando su compromiso con el periodismo de investigaci\u00f3n y la libertad de prensa. \u201cEl Diario El Amaz\u00f3nico no ha difamado ni injuriado a ning\u00fan funcionario. Simplemente ha ejercido su deber de informar con base en hechos verificables y en el clamor ciudadano. Esta nota, lejos de causar un perjuicio, motiv\u00f3 que la EMMOV reactivara su servicio de matriculaci\u00f3n vehicular a partir del lunes 16 de junio, tras siete meses de inactividad, con sueldos de 2000 y 1600 d\u00f3lares el gerente y jefe administrativo\u201d, declar\u00f3 Lupercio. Adem\u00e1s, manifest\u00f3 que la publicaci\u00f3n se sustent\u00f3 en testimonios de usuarios y de funcionarios internos de la entidad, quienes confirmaron que el servicio de matriculaci\u00f3n y otros estaban suspendidos. Subray\u00f3 tambi\u00e9n que, pese a que el medio siempre ha mantenido abiertas sus puertas para ejercer el derecho a la r\u00e9plica \u2014que est\u00e1 consagrado en la Constituci\u00f3n, Art. 66 numeral 7 y en la Ley de Comunicaci\u00f3n \u2014, la EMMOV no solicit\u00f3 dicho recurso, sino que opt\u00f3 por iniciar una diligencia legal en busca de documentaci\u00f3n interna del medio, como el RUC y otros datos administrativos. Libertad de expresi\u00f3n como pilar democr\u00e1tico Ambos representantes coincidieron en que este proceso debe evaluarse desde una perspectiva constitucional. \u201cEl Ecuador es un Estado de derechos y justicia. En una democracia, el pilar fundamental es la libertad de expresi\u00f3n. No se puede pretender silenciar a la prensa por cumplir con su funci\u00f3n de fiscalizar a las instituciones p\u00fablicas, sobre todo cuando se trata de servicios esenciales a la ciudadan\u00eda\u201d, se\u00f1al\u00f3 \u00c1vila. Asimismo, Alcibar Lupercio, en calidad de periodista anunci\u00f3 que present\u00f3 un oficio con varias preguntas para que con certificado entreguen a la misma para dar mayor informaci\u00f3n del accionar de quienes est\u00e1n al frente de la EMMOV, a fin de esclarecer varios temas a la ciudadan\u00eda. \u201cSeguiremos informando con valent\u00eda. No nos amedrenta esta acci\u00f3n, al contrario, nos compromete a\u00fan m\u00e1s con la verdad y con el pueblo de Zamora Chinchipe\u201d, concluy\u00f3. Diario El Amaz\u00f3nico ratifica su compromiso con la \u00e9tica period\u00edstica, la transparencia y el derecho de la ciudadan\u00eda a estar informada. Esperar\u00e1 con firmeza jur\u00eddica y profesional el desarrollo de los procedimientos correspondientes, confiando en la independencia de la justicia ecuatoriana y en el respeto a los principios constitucionales que rigen el pa\u00eds.<\/p>\n","protected":false},"author":1,"featured_media":24255,"comment_status":"open","ping_status":"open","sticky":false,"template":"","format":"standard","meta":{"footnotes":""},"categories":[243],"tags":[],"class_list":["post-24254","post","type-post","status-publish","format-standard","has-post-thumbnail","hentry","category-noticias-zamora"],"_links":{"self":[{"href":"https:\/\/www.elamazonico.com\/portal\/wp-json\/wp\/v2\/posts\/24254","targetHints":{"allow":["GET"]}}],"collection":[{"href":"https:\/\/www.elamazonico.com\/portal\/wp-json\/wp\/v2\/posts"}],"about":[{"href":"https:\/\/www.elamazonico.com\/portal\/wp-json\/wp\/v2\/types\/post"}],"author":[{"embeddable":true,"href":"https:\/\/www.elamazonico.com\/portal\/wp-json\/wp\/v2\/users\/1"}],"replies":[{"embeddable":true,"href":"https:\/\/www.elamazonico.com\/portal\/wp-json\/wp\/v2\/comments?post=24254"}],"version-history":[{"count":1,"href":"https:\/\/www.elamazonico.com\/portal\/wp-json\/wp\/v2\/posts\/24254\/revisions"}],"predecessor-version":[{"id":24256,"href":"https:\/\/www.elamazonico.com\/portal\/wp-json\/wp\/v2\/posts\/24254\/revisions\/24256"}],"wp:featuredmedia":[{"embeddable":true,"href":"https:\/\/www.elamazonico.com\/portal\/wp-json\/wp\/v2\/media\/24255"}],"wp:attachment":[{"href":"https:\/\/www.elamazonico.com\/portal\/wp-json\/wp\/v2\/media?parent=24254"}],"wp:term":[{"taxonomy":"category","embeddable":true,"href":"https:\/\/www.elamazonico.com\/portal\/wp-json\/wp\/v2\/categories?post=24254"},{"taxonomy":"post_tag","embeddable":true,"href":"https:\/\/www.elamazonico.com\/portal\/wp-json\/wp\/v2\/tags?post=24254"}],"curies":[{"name":"wp","href":"https:\/\/api.w.org\/{rel}","templated":true}]}}