{"id":24226,"date":"2025-06-15T10:16:14","date_gmt":"2025-06-15T15:16:14","guid":{"rendered":"https:\/\/www.elamazonico.com\/portal\/?p=24226"},"modified":"2025-06-15T10:16:14","modified_gmt":"2025-06-15T15:16:14","slug":"presidente-noboa-presento-su-tercer-proyecto-economico-urgente-ley-para-la-recuperacion-de-areas-protegidas-y-desarrollo-local","status":"publish","type":"post","link":"https:\/\/www.elamazonico.com\/portal\/presidente-noboa-presento-su-tercer-proyecto-economico-urgente-ley-para-la-recuperacion-de-areas-protegidas-y-desarrollo-local\/","title":{"rendered":"Presidente Noboa present\u00f3 su tercer proyecto econ\u00f3mico urgente: Ley para la Recuperaci\u00f3n de \u00c1reas Protegidas y Desarrollo Local"},"content":{"rendered":"<p>El presidente de la Rep\u00fablica, Daniel Noboa Azin, envi\u00f3 a la Asamblea Nacional su\u00a0<strong>tercer proyecto de ley calificado como urgente en materia econ\u00f3mica<\/strong>, con el objetivo de establecer un nuevo modelo de gesti\u00f3n para las \u00e1reas naturales protegidas del pa\u00eds y fomentar el desarrollo econ\u00f3mico local de manera sostenible.<\/p>\n<p>El proyecto, denominado\u00a0<strong>Ley Org\u00e1nica de Recuperaci\u00f3n de \u00c1reas Protegidas y Promoci\u00f3n del Desarrollo Local<\/strong>, propone ordenar, proteger y reactivar econ\u00f3micamente territorios que han sido afectados por econom\u00edas ilegales, actividades criminales y abandono institucional, pese a estar legalmente reconocidos como zonas protegidas.<\/p>\n<p>La propuesta incluye mecanismos contractuales que permitir\u00edan la participaci\u00f3n del sector privado, nacional e internacional, en la administraci\u00f3n, operaci\u00f3n y protecci\u00f3n de estas \u00e1reas bajo estrictos lineamientos ambientales. Adem\u00e1s, promueve actividades sostenibles como el\u00a0<strong>turismo ecol\u00f3gico, la investigaci\u00f3n cient\u00edfica, la prestaci\u00f3n de servicios ambientales y la generaci\u00f3n de empleo digno<\/strong>, en especial para comunidades locales.<\/p>\n<p>Entre las medidas destacadas tambi\u00e9n se incluye la\u00a0<strong>remisi\u00f3n del 100% de deudas vencidas por uso de infraestructura pesquera artesanal<\/strong>, como parte de un paquete de acciones para apoyar a sectores hist\u00f3ricamente excluidos y fomentar la econom\u00eda popular y solidaria.<\/p>\n<p>El Gobierno justifica la urgencia del proyecto debido al\u00a0<strong>deterioro de las condiciones de seguridad y conservaci\u00f3n<\/strong>\u00a0en los ecosistemas estrat\u00e9gicos del pa\u00eds, agravado por la miner\u00eda ilegal, la tala indiscriminada, el narcotr\u00e1fico y el conflicto armado interno. Seg\u00fan el proyecto, estas amenazas han convertido a las \u00e1reas protegidas en blancos de grupos criminales, afectando tambi\u00e9n al sector tur\u00edstico y a las comunidades que dependen de \u00e9l.<\/p>\n<p>Con este tercer proyecto de ley urgente, el presidente Noboa contin\u00faa impulsando una agenda legislativa enfocada en dinamizar la econom\u00eda, garantizar la seguridad y atraer inversi\u00f3n responsable. La Asamblea Nacional deber\u00e1 tramitar y pronunciarse sobre esta propuesta en un plazo m\u00e1ximo de 30 d\u00edas. <strong>Fuente: El Tel\u00e9grafo<\/strong><\/p>\n","protected":false},"excerpt":{"rendered":"<p>El presidente de la Rep\u00fablica, Daniel Noboa Azin, envi\u00f3 a la Asamblea Nacional su\u00a0tercer proyecto de ley calificado como urgente en materia econ\u00f3mica, con el objetivo de establecer un nuevo modelo de gesti\u00f3n para las \u00e1reas naturales protegidas del pa\u00eds y fomentar el desarrollo econ\u00f3mico local de manera sostenible. El proyecto, denominado\u00a0Ley Org\u00e1nica de Recuperaci\u00f3n de \u00c1reas Protegidas y Promoci\u00f3n del Desarrollo Local, propone ordenar, proteger y reactivar econ\u00f3micamente territorios que han sido afectados por econom\u00edas ilegales, actividades criminales y abandono institucional, pese a estar legalmente reconocidos como zonas protegidas. La propuesta incluye mecanismos contractuales que permitir\u00edan la participaci\u00f3n del sector privado, nacional e internacional, en la administraci\u00f3n, operaci\u00f3n y protecci\u00f3n de estas \u00e1reas bajo estrictos lineamientos ambientales. Adem\u00e1s, promueve actividades sostenibles como el\u00a0turismo ecol\u00f3gico, la investigaci\u00f3n cient\u00edfica, la prestaci\u00f3n de servicios ambientales y la generaci\u00f3n de empleo digno, en especial para comunidades locales. Entre las medidas destacadas tambi\u00e9n se incluye la\u00a0remisi\u00f3n del 100% de deudas vencidas por uso de infraestructura pesquera artesanal, como parte de un paquete de acciones para apoyar a sectores hist\u00f3ricamente excluidos y fomentar la econom\u00eda popular y solidaria. El Gobierno justifica la urgencia del proyecto debido al\u00a0deterioro de las condiciones de seguridad y conservaci\u00f3n\u00a0en los ecosistemas estrat\u00e9gicos del pa\u00eds, agravado por la miner\u00eda ilegal, la tala indiscriminada, el narcotr\u00e1fico y el conflicto armado interno. Seg\u00fan el proyecto, estas amenazas han convertido a las \u00e1reas protegidas en blancos de grupos criminales, afectando tambi\u00e9n al sector tur\u00edstico y a las comunidades que dependen de \u00e9l. Con este tercer proyecto de ley urgente, el presidente Noboa contin\u00faa impulsando una agenda legislativa enfocada en dinamizar la econom\u00eda, garantizar la seguridad y atraer inversi\u00f3n responsable. La Asamblea Nacional deber\u00e1 tramitar y pronunciarse sobre esta propuesta en un plazo m\u00e1ximo de 30 d\u00edas. Fuente: El Tel\u00e9grafo<\/p>\n","protected":false},"author":1,"featured_media":24227,"comment_status":"open","ping_status":"open","sticky":false,"template":"","format":"standard","meta":{"footnotes":""},"categories":[268],"tags":[],"class_list":["post-24226","post","type-post","status-publish","format-standard","has-post-thumbnail","hentry","category-nacionales"],"_links":{"self":[{"href":"https:\/\/www.elamazonico.com\/portal\/wp-json\/wp\/v2\/posts\/24226","targetHints":{"allow":["GET"]}}],"collection":[{"href":"https:\/\/www.elamazonico.com\/portal\/wp-json\/wp\/v2\/posts"}],"about":[{"href":"https:\/\/www.elamazonico.com\/portal\/wp-json\/wp\/v2\/types\/post"}],"author":[{"embeddable":true,"href":"https:\/\/www.elamazonico.com\/portal\/wp-json\/wp\/v2\/users\/1"}],"replies":[{"embeddable":true,"href":"https:\/\/www.elamazonico.com\/portal\/wp-json\/wp\/v2\/comments?post=24226"}],"version-history":[{"count":1,"href":"https:\/\/www.elamazonico.com\/portal\/wp-json\/wp\/v2\/posts\/24226\/revisions"}],"predecessor-version":[{"id":24228,"href":"https:\/\/www.elamazonico.com\/portal\/wp-json\/wp\/v2\/posts\/24226\/revisions\/24228"}],"wp:featuredmedia":[{"embeddable":true,"href":"https:\/\/www.elamazonico.com\/portal\/wp-json\/wp\/v2\/media\/24227"}],"wp:attachment":[{"href":"https:\/\/www.elamazonico.com\/portal\/wp-json\/wp\/v2\/media?parent=24226"}],"wp:term":[{"taxonomy":"category","embeddable":true,"href":"https:\/\/www.elamazonico.com\/portal\/wp-json\/wp\/v2\/categories?post=24226"},{"taxonomy":"post_tag","embeddable":true,"href":"https:\/\/www.elamazonico.com\/portal\/wp-json\/wp\/v2\/tags?post=24226"}],"curies":[{"name":"wp","href":"https:\/\/api.w.org\/{rel}","templated":true}]}}