{"id":24222,"date":"2025-06-16T04:01:10","date_gmt":"2025-06-16T09:01:10","guid":{"rendered":"https:\/\/www.elamazonico.com\/portal\/?p=24222"},"modified":"2025-06-14T10:32:40","modified_gmt":"2025-06-14T15:32:40","slug":"educacion-con-obras-y-no-con-discursos-coordinacion-zonal-7-impulsa-historica-inversion-en-infraestructura-escolar","status":"publish","type":"post","link":"https:\/\/www.elamazonico.com\/portal\/educacion-con-obras-y-no-con-discursos-coordinacion-zonal-7-impulsa-historica-inversion-en-infraestructura-escolar\/","title":{"rendered":"Educaci\u00f3n con obras y no con discursos: Coordinaci\u00f3n Zonal 7 impulsa hist\u00f3rica inversi\u00f3n en infraestructura escolar"},"content":{"rendered":"<p data-start=\"354\" data-end=\"719\">En un claro testimonio del compromiso con una educaci\u00f3n p\u00fablica de calidad, digna e inclusiva, la <strong data-start=\"452\" data-end=\"504\">Coordinaci\u00f3n Zonal 7 del Ministerio de Educaci\u00f3n<\/strong>, bajo el liderazgo del Coordinador Zonal <strong data-start=\"546\" data-end=\"566\">Favio Villamizar<\/strong>, impulsa una ambiciosa intervenci\u00f3n en infraestructura escolar, que beneficiar\u00e1 a <strong data-start=\"649\" data-end=\"683\">nueve instituciones educativas<\/strong> del Distrito 19D01 Yacuambi-Zamora.<\/p>\n<p data-start=\"721\" data-end=\"1160\">Con una inversi\u00f3n que supera el <strong data-start=\"753\" data-end=\"782\">mill\u00f3n y medio de d\u00f3lares<\/strong>, se fortalecen los espacios de aprendizaje en zonas urbanas y rurales, gracias a la articulaci\u00f3n con los <strong data-start=\"888\" data-end=\"941\">Gobiernos Aut\u00f3nomos Descentralizados Parroquiales<\/strong> de Sabanilla, Cumbaratza, Tutupali y San Carlos de las Minas. Esta sinergia interinstitucional se consolida como un ejemplo de gesti\u00f3n participativa y corresponsable en favor de la ni\u00f1ez y juventud de Zamora Chinchipe.<\/p>\n<p data-start=\"1162\" data-end=\"1531\">Durante su reciente recorrido territorial por la provincia, Villamizar suscribi\u00f3 los convenios presentados por los GAD parroquiales, permitiendo viabilizar intervenciones estrat\u00e9gicas en beneficio directo de las comunidades educativas. Las obras contempladas abarcan desde la repotenciaci\u00f3n de aulas hasta la construcci\u00f3n de espacios recreativos y sanitarios adecuados.<\/p>\n<h3 data-start=\"1533\" data-end=\"1575\"><strong data-start=\"1537\" data-end=\"1575\">Detalle de los convenios firmados:<\/strong><\/h3>\n<p data-start=\"1577\" data-end=\"1672\"> <strong data-start=\"1580\" data-end=\"1611\">GAD Parroquial de Sabanilla<\/strong><br data-start=\"1611\" data-end=\"1614\" \/>Intervenci\u00f3n integral en cinco instituciones educativas:<\/p>\n<ul data-start=\"1673\" data-end=\"1842\">\n<li data-start=\"1673\" data-end=\"1697\">\n<p data-start=\"1675\" data-end=\"1697\">Rosita Paredes Jumbo<\/p>\n<\/li>\n<li data-start=\"1698\" data-end=\"1720\">\n<p data-start=\"1700\" data-end=\"1720\">Gloria In\u00e9s Romero<\/p>\n<\/li>\n<li data-start=\"1721\" data-end=\"1740\">\n<p data-start=\"1723\" data-end=\"1740\">Naciones Unidas<\/p>\n<\/li>\n<li data-start=\"1741\" data-end=\"1778\">\n<p data-start=\"1743\" data-end=\"1778\">V\u00edctor Manuel Rodr\u00edguez Pe\u00f1arreta<\/p>\n<\/li>\n<li data-start=\"1779\" data-end=\"1842\">\n<p data-start=\"1781\" data-end=\"1842\">Carmita Consuelo Villalta<br data-start=\"1806\" data-end=\"1809\" \/><strong data-start=\"1809\" data-end=\"1828\">Monto estimado:<\/strong> <em data-start=\"1829\" data-end=\"1842\">$758,406.05<\/em><\/p>\n<\/li>\n<\/ul>\n<p data-start=\"1844\" data-end=\"1894\"> <strong data-start=\"1847\" data-end=\"1892\">GAD Parroquial de San Carlos de las Minas<\/strong><\/p>\n<ul data-start=\"1895\" data-end=\"2014\">\n<li data-start=\"1895\" data-end=\"2014\">\n<p data-start=\"1897\" data-end=\"2014\">Construcci\u00f3n de bloque de aulas y bater\u00edas sanitarias en la U.E. V\u00edctor Manuel Pe\u00f1aherrera<br data-start=\"1987\" data-end=\"1990\" \/><strong data-start=\"1990\" data-end=\"2000\">Monto:<\/strong> <em data-start=\"2001\" data-end=\"2014\">$163,200.69<\/em><\/p>\n<\/li>\n<\/ul>\n<p data-start=\"2016\" data-end=\"2053\"> <strong data-start=\"2019\" data-end=\"2051\">GAD Parroquial de Cumbaratza<\/strong><\/p>\n<ul data-start=\"2054\" data-end=\"2204\">\n<li data-start=\"2054\" data-end=\"2100\">\n<p data-start=\"2056\" data-end=\"2100\">Cancha cubierta en la U.E. Princesa Paccha<\/p>\n<\/li>\n<li data-start=\"2101\" data-end=\"2204\">\n<p data-start=\"2103\" data-end=\"2204\">Cubierta para el sector Quebrada de Cumbaratza (U.E. Manuel Quiroga)<br data-start=\"2171\" data-end=\"2174\" \/><strong data-start=\"2174\" data-end=\"2190\">Monto total:<\/strong> <em data-start=\"2191\" data-end=\"2204\">$273,587.15<\/em><\/p>\n<\/li>\n<\/ul>\n<p data-start=\"2206\" data-end=\"2241\"> <strong data-start=\"2209\" data-end=\"2239\">GAD Parroquial de Tutupali<\/strong><\/p>\n<ul data-start=\"2242\" data-end=\"2337\">\n<li data-start=\"2242\" data-end=\"2337\">\n<p data-start=\"2244\" data-end=\"2337\">Adecentamiento y repotenciaci\u00f3n de la UEI Biling\u00fce General Miranda<br data-start=\"2310\" data-end=\"2313\" \/><strong data-start=\"2313\" data-end=\"2323\">Monto:<\/strong> <em data-start=\"2324\" data-end=\"2337\">$351,441.22<\/em><\/p>\n<\/li>\n<\/ul>\n<h3 data-start=\"2339\" data-end=\"2390\"><strong data-start=\"2343\" data-end=\"2390\">Educaci\u00f3n como derecho y prioridad nacional<\/strong><\/h3>\n<p data-start=\"2392\" data-end=\"2687\">Desde la Coordinaci\u00f3n Zonal 7 se reafirma la convicci\u00f3n de que <strong data-start=\"2455\" data-end=\"2488\">la educaci\u00f3n no puede esperar<\/strong>, y que los territorios m\u00e1s alejados tambi\u00e9n merecen escuelas dignas, modernas y funcionales. Estas obras, m\u00e1s all\u00e1 de su impacto f\u00edsico, son una inversi\u00f3n en futuro, equidad y transformaci\u00f3n social.<\/p>\n<p data-start=\"2689\" data-end=\"2925\">A trav\u00e9s de estas acciones, se fortalece el tejido institucional y comunitario en torno a un objetivo com\u00fan: <strong data-start=\"2798\" data-end=\"2925\">garantizar espacios seguros y adecuados para el aprendizaje de ni\u00f1as, ni\u00f1os y adolescentes en cada rinc\u00f3n del sur del pa\u00eds.<\/strong><\/p>\n","protected":false},"excerpt":{"rendered":"<p>En un claro testimonio del compromiso con una educaci\u00f3n p\u00fablica de calidad, digna e inclusiva, la Coordinaci\u00f3n Zonal 7 del Ministerio de Educaci\u00f3n, bajo el liderazgo del Coordinador Zonal Favio Villamizar, impulsa una ambiciosa intervenci\u00f3n en infraestructura escolar, que beneficiar\u00e1 a nueve instituciones educativas del Distrito 19D01 Yacuambi-Zamora. Con una inversi\u00f3n que supera el mill\u00f3n y medio de d\u00f3lares, se fortalecen los espacios de aprendizaje en zonas urbanas y rurales, gracias a la articulaci\u00f3n con los Gobiernos Aut\u00f3nomos Descentralizados Parroquiales de Sabanilla, Cumbaratza, Tutupali y San Carlos de las Minas. Esta sinergia interinstitucional se consolida como un ejemplo de gesti\u00f3n participativa y corresponsable en favor de la ni\u00f1ez y juventud de Zamora Chinchipe. Durante su reciente recorrido territorial por la provincia, Villamizar suscribi\u00f3 los convenios presentados por los GAD parroquiales, permitiendo viabilizar intervenciones estrat\u00e9gicas en beneficio directo de las comunidades educativas. Las obras contempladas abarcan desde la repotenciaci\u00f3n de aulas hasta la construcci\u00f3n de espacios recreativos y sanitarios adecuados. Detalle de los convenios firmados: GAD Parroquial de SabanillaIntervenci\u00f3n integral en cinco instituciones educativas: Rosita Paredes Jumbo Gloria In\u00e9s Romero Naciones Unidas V\u00edctor Manuel Rodr\u00edguez Pe\u00f1arreta Carmita Consuelo VillaltaMonto estimado: $758,406.05 GAD Parroquial de San Carlos de las Minas Construcci\u00f3n de bloque de aulas y bater\u00edas sanitarias en la U.E. V\u00edctor Manuel Pe\u00f1aherreraMonto: $163,200.69 GAD Parroquial de Cumbaratza Cancha cubierta en la U.E. Princesa Paccha Cubierta para el sector Quebrada de Cumbaratza (U.E. Manuel Quiroga)Monto total: $273,587.15 GAD Parroquial de Tutupali Adecentamiento y repotenciaci\u00f3n de la UEI Biling\u00fce General MirandaMonto: $351,441.22 Educaci\u00f3n como derecho y prioridad nacional Desde la Coordinaci\u00f3n Zonal 7 se reafirma la convicci\u00f3n de que la educaci\u00f3n no puede esperar, y que los territorios m\u00e1s alejados tambi\u00e9n merecen escuelas dignas, modernas y funcionales. Estas obras, m\u00e1s all\u00e1 de su impacto f\u00edsico, son una inversi\u00f3n en futuro, equidad y transformaci\u00f3n social. A trav\u00e9s de estas acciones, se fortalece el tejido institucional y comunitario en torno a un objetivo com\u00fan: garantizar espacios seguros y adecuados para el aprendizaje de ni\u00f1as, ni\u00f1os y adolescentes en cada rinc\u00f3n del sur del pa\u00eds.<\/p>\n","protected":false},"author":1,"featured_media":24223,"comment_status":"open","ping_status":"open","sticky":false,"template":"","format":"standard","meta":{"footnotes":""},"categories":[243],"tags":[],"class_list":["post-24222","post","type-post","status-publish","format-standard","has-post-thumbnail","hentry","category-noticias-zamora"],"_links":{"self":[{"href":"https:\/\/www.elamazonico.com\/portal\/wp-json\/wp\/v2\/posts\/24222","targetHints":{"allow":["GET"]}}],"collection":[{"href":"https:\/\/www.elamazonico.com\/portal\/wp-json\/wp\/v2\/posts"}],"about":[{"href":"https:\/\/www.elamazonico.com\/portal\/wp-json\/wp\/v2\/types\/post"}],"author":[{"embeddable":true,"href":"https:\/\/www.elamazonico.com\/portal\/wp-json\/wp\/v2\/users\/1"}],"replies":[{"embeddable":true,"href":"https:\/\/www.elamazonico.com\/portal\/wp-json\/wp\/v2\/comments?post=24222"}],"version-history":[{"count":1,"href":"https:\/\/www.elamazonico.com\/portal\/wp-json\/wp\/v2\/posts\/24222\/revisions"}],"predecessor-version":[{"id":24224,"href":"https:\/\/www.elamazonico.com\/portal\/wp-json\/wp\/v2\/posts\/24222\/revisions\/24224"}],"wp:featuredmedia":[{"embeddable":true,"href":"https:\/\/www.elamazonico.com\/portal\/wp-json\/wp\/v2\/media\/24223"}],"wp:attachment":[{"href":"https:\/\/www.elamazonico.com\/portal\/wp-json\/wp\/v2\/media?parent=24222"}],"wp:term":[{"taxonomy":"category","embeddable":true,"href":"https:\/\/www.elamazonico.com\/portal\/wp-json\/wp\/v2\/categories?post=24222"},{"taxonomy":"post_tag","embeddable":true,"href":"https:\/\/www.elamazonico.com\/portal\/wp-json\/wp\/v2\/tags?post=24222"}],"curies":[{"name":"wp","href":"https:\/\/api.w.org\/{rel}","templated":true}]}}