{"id":24213,"date":"2025-06-14T09:31:18","date_gmt":"2025-06-14T14:31:18","guid":{"rendered":"https:\/\/www.elamazonico.com\/portal\/?p=24213"},"modified":"2025-06-14T09:31:18","modified_gmt":"2025-06-14T14:31:18","slug":"el-legislador-ronal-gonzalez-suspendido-por-incidentes-en-la-asamblea","status":"publish","type":"post","link":"https:\/\/www.elamazonico.com\/portal\/el-legislador-ronal-gonzalez-suspendido-por-incidentes-en-la-asamblea\/","title":{"rendered":"El legislador Ronal Gonz\u00e1lez suspendido por incidentes en la Asamblea"},"content":{"rendered":"<p>El\u00a0<strong>Consejo de Administraci\u00f3n Legislativa (CAL)<\/strong>\u00a0suspendi\u00f3 a\u00a0<strong>Ronal Gonz\u00e1lez<\/strong>, legislador por la\u00a0<strong>Revoluci\u00f3n Ciudadana (RC)<\/strong>, por provocar incidentes en la\u00a0<strong>Asamblea Nacional<\/strong>.<\/p>\n<p>El asamble\u00edsta del corre\u00edsmo estar\u00e1 suspendido por el lapso\u00a0<strong>de 60 d\u00edas y sin sueldo<\/strong>. Durante ese tiempo, se principalizar\u00e1 a su\u00a0<strong>suplente<\/strong>,\u00a0<strong>Ang\u00e9lica Cabrera<\/strong>, seg\u00fan El Universo.<\/p>\n<h2>\u00bfQu\u00e9 incidentes hubo en la Asamblea?<\/h2>\n<p><a href=\"https:\/\/www.eltelegrafo.com.ec\/noticias\/nacionales\/44\/diana-jacome-pide-sancion-contra-ronal-gonzalez-uso-megafono-asamblea\" target=\"_blank\" rel=\"noopener noreferrer\"><strong>Diana J\u00e1come<\/strong>, legisladora del partido oficialista ADN, present\u00f3 una denuncia en contra de Gonz\u00e1lez,<\/a>\u00a0quien irrumpi\u00f3 en el Palacio Legislativo con un meg\u00e1fono.<\/p>\n<p>\u201cS\u00ed me escuchas, sinverg\u00fcenza\u201d le dijo a otro asamble\u00edsta. El hecho se registr\u00f3 en la sesi\u00f3n plenaria del pasado 26 de mayo.<\/p>\n<p>D\u00edas antes, el legislador de la RC se\u00f1al\u00f3 que el\u00a0<a href=\"https:\/\/www.eltelegrafo.com.ec\/noticias\/nacionales\/44\/niels-olsen-accion-proteccion-correismo\" target=\"_blank\" rel=\"noopener noreferrer\"><strong>presidente de la Asamblea, Niels Olsen,<\/strong><\/a>\u00a0no permit\u00eda hablar a asamble\u00edstas de otras bancadas y adelant\u00f3 que comprar\u00eda meg\u00e1fonos para que le otorguen la palabra.<\/p>\n<h2>La normativa legal y las sanciones<\/h2>\n<p>En la<strong>\u00a0Ley Org\u00e1nica de la Funci\u00f3n Legislativa<\/strong>, en su art\u00edculo 171, se establecen como faltas administrativas muy graves a:<\/p>\n<ul>\n<li>Provocar incidentes violentos o instigaci\u00f3n a la violencia en las sesiones del\u00a0<strong>Pleno de la Asamblea Nacional<\/strong>, el Consejo de Administraci\u00f3n Legislativa o las comisiones especializadas.<\/li>\n<li>Expresarse con t\u00e9rminos ofensivos, discriminatorios o que inciten al odio en las sesiones del Pleno de la Asamblea Nacional, del Consejo de la Administraci\u00f3n Legislativa y de las comisiones especializadas.<\/li>\n<\/ul>\n<p>En la norma adem\u00e1s se explica que estas y otras faltas ser\u00e1n sancionadas con la suspensi\u00f3n sin remuneraci\u00f3n y de 31 a 90 d\u00edas. <strong>Fuente: El Tel\u00e9grafo\u00a0<\/strong><\/p>\n","protected":false},"excerpt":{"rendered":"<p>El\u00a0Consejo de Administraci\u00f3n Legislativa (CAL)\u00a0suspendi\u00f3 a\u00a0Ronal Gonz\u00e1lez, legislador por la\u00a0Revoluci\u00f3n Ciudadana (RC), por provocar incidentes en la\u00a0Asamblea Nacional. El asamble\u00edsta del corre\u00edsmo estar\u00e1 suspendido por el lapso\u00a0de 60 d\u00edas y sin sueldo. Durante ese tiempo, se principalizar\u00e1 a su\u00a0suplente,\u00a0Ang\u00e9lica Cabrera, seg\u00fan El Universo. \u00bfQu\u00e9 incidentes hubo en la Asamblea? Diana J\u00e1come, legisladora del partido oficialista ADN, present\u00f3 una denuncia en contra de Gonz\u00e1lez,\u00a0quien irrumpi\u00f3 en el Palacio Legislativo con un meg\u00e1fono. \u201cS\u00ed me escuchas, sinverg\u00fcenza\u201d le dijo a otro asamble\u00edsta. El hecho se registr\u00f3 en la sesi\u00f3n plenaria del pasado 26 de mayo. D\u00edas antes, el legislador de la RC se\u00f1al\u00f3 que el\u00a0presidente de la Asamblea, Niels Olsen,\u00a0no permit\u00eda hablar a asamble\u00edstas de otras bancadas y adelant\u00f3 que comprar\u00eda meg\u00e1fonos para que le otorguen la palabra. La normativa legal y las sanciones En la\u00a0Ley Org\u00e1nica de la Funci\u00f3n Legislativa, en su art\u00edculo 171, se establecen como faltas administrativas muy graves a: Provocar incidentes violentos o instigaci\u00f3n a la violencia en las sesiones del\u00a0Pleno de la Asamblea Nacional, el Consejo de Administraci\u00f3n Legislativa o las comisiones especializadas. Expresarse con t\u00e9rminos ofensivos, discriminatorios o que inciten al odio en las sesiones del Pleno de la Asamblea Nacional, del Consejo de la Administraci\u00f3n Legislativa y de las comisiones especializadas. En la norma adem\u00e1s se explica que estas y otras faltas ser\u00e1n sancionadas con la suspensi\u00f3n sin remuneraci\u00f3n y de 31 a 90 d\u00edas. Fuente: El Tel\u00e9grafo\u00a0<\/p>\n","protected":false},"author":1,"featured_media":24214,"comment_status":"open","ping_status":"open","sticky":false,"template":"","format":"standard","meta":{"footnotes":""},"categories":[268],"tags":[],"class_list":["post-24213","post","type-post","status-publish","format-standard","has-post-thumbnail","hentry","category-nacionales"],"_links":{"self":[{"href":"https:\/\/www.elamazonico.com\/portal\/wp-json\/wp\/v2\/posts\/24213","targetHints":{"allow":["GET"]}}],"collection":[{"href":"https:\/\/www.elamazonico.com\/portal\/wp-json\/wp\/v2\/posts"}],"about":[{"href":"https:\/\/www.elamazonico.com\/portal\/wp-json\/wp\/v2\/types\/post"}],"author":[{"embeddable":true,"href":"https:\/\/www.elamazonico.com\/portal\/wp-json\/wp\/v2\/users\/1"}],"replies":[{"embeddable":true,"href":"https:\/\/www.elamazonico.com\/portal\/wp-json\/wp\/v2\/comments?post=24213"}],"version-history":[{"count":1,"href":"https:\/\/www.elamazonico.com\/portal\/wp-json\/wp\/v2\/posts\/24213\/revisions"}],"predecessor-version":[{"id":24215,"href":"https:\/\/www.elamazonico.com\/portal\/wp-json\/wp\/v2\/posts\/24213\/revisions\/24215"}],"wp:featuredmedia":[{"embeddable":true,"href":"https:\/\/www.elamazonico.com\/portal\/wp-json\/wp\/v2\/media\/24214"}],"wp:attachment":[{"href":"https:\/\/www.elamazonico.com\/portal\/wp-json\/wp\/v2\/media?parent=24213"}],"wp:term":[{"taxonomy":"category","embeddable":true,"href":"https:\/\/www.elamazonico.com\/portal\/wp-json\/wp\/v2\/categories?post=24213"},{"taxonomy":"post_tag","embeddable":true,"href":"https:\/\/www.elamazonico.com\/portal\/wp-json\/wp\/v2\/tags?post=24213"}],"curies":[{"name":"wp","href":"https:\/\/api.w.org\/{rel}","templated":true}]}}