{"id":24210,"date":"2025-06-14T09:18:21","date_gmt":"2025-06-14T14:18:21","guid":{"rendered":"https:\/\/www.elamazonico.com\/portal\/?p=24210"},"modified":"2025-06-14T09:18:21","modified_gmt":"2025-06-14T14:18:21","slug":"caso-vidrio-libre-dictan-medidas-cautelares-contra-una-exjueza-un-exfiscal-y-dos-abogados-vinculados-a-la-trama","status":"publish","type":"post","link":"https:\/\/www.elamazonico.com\/portal\/caso-vidrio-libre-dictan-medidas-cautelares-contra-una-exjueza-un-exfiscal-y-dos-abogados-vinculados-a-la-trama\/","title":{"rendered":"Caso \u2018Vidrio Libre\u2019: Dictan medidas cautelares contra una exjueza, un exfiscal y dos abogados vinculados a la trama"},"content":{"rendered":"<div class=\"paragraph texto\">\n<p class=\"p_0\"><b>El juez que lleva el caso denominado \u00ab<a href=\"https:\/\/www.vistazo.com\/cronologia\/-\/meta\/caso-vidrio-libre\">Vidrio Libre<\/a>\u00ab, en el que se investiga el supuesto cometimiento del delito de asociaci\u00f3n il\u00edcita, dict\u00f3 una prohibici\u00f3n de salida del pa\u00eds y presentaciones peri\u00f3dicas para el exfiscal V\u00edctor Hugo A., la exjueza Anabel T., y los abogados Cristhian P. y Edison L.<\/b><\/p>\n<p class=\"p_2\">El expresidente del Consejo de la Judicatura,\u00a0<b>Wilman Ter\u00e1n<\/b>, tambi\u00e9n se encuentra entre los procesados como presuntos autores directos, pero el magistrado\u00a0<b>no orden\u00f3 medidas cautelares en su contra<\/b>\u00a0durante la audiencia de formulaci\u00f3n de cargos dado que ya se encuentra<b>\u00a0encarcelado provisionalmente\u00a0<\/b>por su vinculaci\u00f3n a una trama de delincuencia organizada.<\/p>\n<p class=\"p_3\">Seg\u00fan la Fiscal\u00eda General del Estado, el caso\u00a0<b>\u00abVidrio Libre\u00bb<\/b>\u00a0investiga una presunta asociaci\u00f3n entre exfuncionarios y abogados con el objetivo de lograr la<b>\u00a0\u00abliberaci\u00f3n ileg\u00edtima\u00bb<\/b>\u00a0del exvicepresidente de la Rep\u00fablica,\u00a0<b>Jorge Glas<\/b>, \u00abevadiendo la acci\u00f3n de la justicia\u00bb.<\/p>\n<div>\n<div class=\"trv-player-container\">\n<div class=\"trv-wrapper\">\n<div id=\"br_video_player_0804eb03009b346ed315aa3973603c5a7a4d6079\" class=\"trvd_video_player trvdinstream\">\n<div class=\"media-player\">\n<div class=\"trv-video\">\n<div id=\"truvid_ima_container43068\" class=\"truvid_ima_container trv-ima-container-hidden\">\n<div><strong>Supuesto plan para liberar a Glas<\/strong><\/div>\n<\/div>\n<\/div>\n<\/div>\n<\/div>\n<\/div>\n<\/div>\n<\/div>\n<\/div>\n<div class=\"paragraph texto\">\n<p class=\"p_4\">\u00abComo parte del plan, Wilman T. (Ter\u00e1n) habr\u00eda mantenido reuniones con el entonces juez Emerson C. en el domicilio de la exjueza Anabel T., donde le solicit\u00f3 que emita una medida que\u00a0<b>permita la excarcelaci\u00f3n de Jorge G.<\/b>, ofreci\u00e9ndole a cambio el\u00a0<b>archivo de todos sus expedientes disciplinarios\u00a0<\/b>para evitar su destituci\u00f3n, as\u00ed como un supuesto<b>\u00a0&#8216;blindaje&#8217; desde el gobierno<\/b>\u00ab, inform\u00f3 el Ministerio P\u00fablico.<\/p>\n<p class=\"p_5\">La entidad agreg\u00f3 que aquella supuesta negociaci\u00f3n habr\u00eda contado con el\u00a0<b>respaldo del entonces fiscal de Santo Domingo<\/b>, V\u00edctor Hugo A., quien \u2013seg\u00fan la investigaci\u00f3n\u2013 habr\u00eda pedido que se proceda con la medida, ya que el abogado Edison L. garantizar\u00eda la\u00a0<b>nula reacci\u00f3n institucional por parte del SNAI.<\/b><\/p>\n<\/div>\n<div class=\"multimediaMacroWrapper img lateral\">\n<figure class=\"contentMedia art-img\">\n<div><img fetchpriority=\"high\" decoding=\"async\" class=\" lazyloaded\" title=\"Wilman Ter\u00e1n estuvo presente durante la audiencia de formulaci\u00f3n de cargos.\" src=\"https:\/\/www.vistazo.com\/placeholder\/svg\/viewbox\/768x588\" sizes=\"100vw\" srcset=\"\/\/www.vistazo.com\/binrepository\/768x588\/0c0\/0d0\/none\/12727\/XALN\/20250613171926-caso-vidrio-wilman-ter_2251924_20250613200003.jpg 768w,\/\/www.vistazo.com\/binrepository\/640x490\/0c0\/0d0\/none\/12727\/XALO\/20250613171926-caso-vidrio-wilman-ter_2251924_20250613200003.jpg 640w,\/\/www.vistazo.com\/binrepository\/512x392\/0c0\/0d0\/none\/12727\/XALP\/20250613171926-caso-vidrio-wilman-ter_2251924_20250613200003.jpg 512w,\/\/www.vistazo.com\/binrepository\/384x294\/0c0\/0d0\/none\/12727\/XALB\/20250613171926-caso-vidrio-wilman-ter_2251924_20250613200003.jpg 384w,\/\/www.vistazo.com\/binrepository\/300x230\/0c0\/0d0\/none\/12727\/XALD\/20250613171926-caso-vidrio-wilman-ter_2251924_20250613200003.jpg 300w\" alt=\"$!Wilman Ter\u00e1n estuvo presente durante la audiencia de formulaci\u00f3n de cargos.\" width=\"768\" height=\"588\" data-srcset=\"\/\/www.vistazo.com\/binrepository\/768x588\/0c0\/0d0\/none\/12727\/XALN\/20250613171926-caso-vidrio-wilman-ter_2251924_20250613200003.jpg 768w,\/\/www.vistazo.com\/binrepository\/640x490\/0c0\/0d0\/none\/12727\/XALO\/20250613171926-caso-vidrio-wilman-ter_2251924_20250613200003.jpg 640w,\/\/www.vistazo.com\/binrepository\/512x392\/0c0\/0d0\/none\/12727\/XALP\/20250613171926-caso-vidrio-wilman-ter_2251924_20250613200003.jpg 512w,\/\/www.vistazo.com\/binrepository\/384x294\/0c0\/0d0\/none\/12727\/XALB\/20250613171926-caso-vidrio-wilman-ter_2251924_20250613200003.jpg 384w,\/\/www.vistazo.com\/binrepository\/300x230\/0c0\/0d0\/none\/12727\/XALD\/20250613171926-caso-vidrio-wilman-ter_2251924_20250613200003.jpg 300w\" \/><\/div>\n<div class=\"cutline-byline\"><span class=\"cutline-text\">Wilman Ter\u00e1n estuvo presente durante la audiencia de formulaci\u00f3n de cargos.<\/span>\u00a0<span class=\"byline-image\">(ROLANDO ENRIQUEZ &#8211; API)<\/span><\/div>\n<\/figure>\n<\/div>\n<div class=\"paragraph texto\">\n<p class=\"p_6\">\u00abPosteriormente,\u00a0<b>Wilman T. habr\u00eda redactado la acci\u00f3n constitucional de medida cautelar<\/b>, mientras que Anabel T. presuntamente coordin\u00f3 el sorteo en la Unidad Judicial de Santo Domingo, y el patrocinio, presentaci\u00f3n y tramitaci\u00f3n estuvo a cargo del abogado\u00a0<b>Cristhian P.<\/b>\u00ab, precis\u00f3 la Fiscal\u00eda en el marco de la audiencia.<\/p>\n<p class=\"p_8\">Todo ello devino en que\u00a0<b>Christian P.\u00a0<\/b>presentara la demanda constitucional en beneficio del exvicepresidente en el cant\u00f3n Santo Domingo, la cual fue sorteada al despacho del juez Emerson C., quien, el 28 de noviembre del 2022,\u00a0<b>orden\u00f3 que Glas saliera de prisi\u00f3n\u00a0<\/b>y que recibiera<b>\u00a0medidas cautelares<\/b>.<\/p>\n<p class=\"p_9\">Glas, sobre quien a\u00fan pesan\u00a0<b>dos condenas previas por corrupci\u00f3n<\/b>, ha estado bajo\u00a0<b>prisi\u00f3n preventiva<\/b>\u00a0en la c\u00e1rcel de m\u00e1xima seguridad \u201cLa Roca\u201d, situada en la ciudad de Guayaquil, desde que fue\u00a0<b>detenido nuevamente al interior de la Embajada de M\u00e9xico en Quito<\/b>, en abril del a\u00f1o pasado, luego de haber recibido asilo diplom\u00e1tico. <strong>Fuente: Vistazo<\/strong><\/p>\n<\/div>\n","protected":false},"excerpt":{"rendered":"<p>El juez que lleva el caso denominado \u00abVidrio Libre\u00ab, en el que se investiga el supuesto cometimiento del delito de asociaci\u00f3n il\u00edcita, dict\u00f3 una prohibici\u00f3n de salida del pa\u00eds y presentaciones peri\u00f3dicas para el exfiscal V\u00edctor Hugo A., la exjueza Anabel T., y los abogados Cristhian P. y Edison L. El expresidente del Consejo de la Judicatura,\u00a0Wilman Ter\u00e1n, tambi\u00e9n se encuentra entre los procesados como presuntos autores directos, pero el magistrado\u00a0no orden\u00f3 medidas cautelares en su contra\u00a0durante la audiencia de formulaci\u00f3n de cargos dado que ya se encuentra\u00a0encarcelado provisionalmente\u00a0por su vinculaci\u00f3n a una trama de delincuencia organizada. Seg\u00fan la Fiscal\u00eda General del Estado, el caso\u00a0\u00abVidrio Libre\u00bb\u00a0investiga una presunta asociaci\u00f3n entre exfuncionarios y abogados con el objetivo de lograr la\u00a0\u00abliberaci\u00f3n ileg\u00edtima\u00bb\u00a0del exvicepresidente de la Rep\u00fablica,\u00a0Jorge Glas, \u00abevadiendo la acci\u00f3n de la justicia\u00bb. Supuesto plan para liberar a Glas \u00abComo parte del plan, Wilman T. (Ter\u00e1n) habr\u00eda mantenido reuniones con el entonces juez Emerson C. en el domicilio de la exjueza Anabel T., donde le solicit\u00f3 que emita una medida que\u00a0permita la excarcelaci\u00f3n de Jorge G., ofreci\u00e9ndole a cambio el\u00a0archivo de todos sus expedientes disciplinarios\u00a0para evitar su destituci\u00f3n, as\u00ed como un supuesto\u00a0&#8216;blindaje&#8217; desde el gobierno\u00ab, inform\u00f3 el Ministerio P\u00fablico. La entidad agreg\u00f3 que aquella supuesta negociaci\u00f3n habr\u00eda contado con el\u00a0respaldo del entonces fiscal de Santo Domingo, V\u00edctor Hugo A., quien \u2013seg\u00fan la investigaci\u00f3n\u2013 habr\u00eda pedido que se proceda con la medida, ya que el abogado Edison L. garantizar\u00eda la\u00a0nula reacci\u00f3n institucional por parte del SNAI. Wilman Ter\u00e1n estuvo presente durante la audiencia de formulaci\u00f3n de cargos.\u00a0(ROLANDO ENRIQUEZ &#8211; API) \u00abPosteriormente,\u00a0Wilman T. habr\u00eda redactado la acci\u00f3n constitucional de medida cautelar, mientras que Anabel T. presuntamente coordin\u00f3 el sorteo en la Unidad Judicial de Santo Domingo, y el patrocinio, presentaci\u00f3n y tramitaci\u00f3n estuvo a cargo del abogado\u00a0Cristhian P.\u00ab, precis\u00f3 la Fiscal\u00eda en el marco de la audiencia. Todo ello devino en que\u00a0Christian P.\u00a0presentara la demanda constitucional en beneficio del exvicepresidente en el cant\u00f3n Santo Domingo, la cual fue sorteada al despacho del juez Emerson C., quien, el 28 de noviembre del 2022,\u00a0orden\u00f3 que Glas saliera de prisi\u00f3n\u00a0y que recibiera\u00a0medidas cautelares. Glas, sobre quien a\u00fan pesan\u00a0dos condenas previas por corrupci\u00f3n, ha estado bajo\u00a0prisi\u00f3n preventiva\u00a0en la c\u00e1rcel de m\u00e1xima seguridad \u201cLa Roca\u201d, situada en la ciudad de Guayaquil, desde que fue\u00a0detenido nuevamente al interior de la Embajada de M\u00e9xico en Quito, en abril del a\u00f1o pasado, luego de haber recibido asilo diplom\u00e1tico. Fuente: Vistazo<\/p>\n","protected":false},"author":1,"featured_media":24211,"comment_status":"open","ping_status":"open","sticky":false,"template":"","format":"standard","meta":{"footnotes":""},"categories":[268],"tags":[],"class_list":["post-24210","post","type-post","status-publish","format-standard","has-post-thumbnail","hentry","category-nacionales"],"_links":{"self":[{"href":"https:\/\/www.elamazonico.com\/portal\/wp-json\/wp\/v2\/posts\/24210","targetHints":{"allow":["GET"]}}],"collection":[{"href":"https:\/\/www.elamazonico.com\/portal\/wp-json\/wp\/v2\/posts"}],"about":[{"href":"https:\/\/www.elamazonico.com\/portal\/wp-json\/wp\/v2\/types\/post"}],"author":[{"embeddable":true,"href":"https:\/\/www.elamazonico.com\/portal\/wp-json\/wp\/v2\/users\/1"}],"replies":[{"embeddable":true,"href":"https:\/\/www.elamazonico.com\/portal\/wp-json\/wp\/v2\/comments?post=24210"}],"version-history":[{"count":1,"href":"https:\/\/www.elamazonico.com\/portal\/wp-json\/wp\/v2\/posts\/24210\/revisions"}],"predecessor-version":[{"id":24212,"href":"https:\/\/www.elamazonico.com\/portal\/wp-json\/wp\/v2\/posts\/24210\/revisions\/24212"}],"wp:featuredmedia":[{"embeddable":true,"href":"https:\/\/www.elamazonico.com\/portal\/wp-json\/wp\/v2\/media\/24211"}],"wp:attachment":[{"href":"https:\/\/www.elamazonico.com\/portal\/wp-json\/wp\/v2\/media?parent=24210"}],"wp:term":[{"taxonomy":"category","embeddable":true,"href":"https:\/\/www.elamazonico.com\/portal\/wp-json\/wp\/v2\/categories?post=24210"},{"taxonomy":"post_tag","embeddable":true,"href":"https:\/\/www.elamazonico.com\/portal\/wp-json\/wp\/v2\/tags?post=24210"}],"curies":[{"name":"wp","href":"https:\/\/api.w.org\/{rel}","templated":true}]}}