{"id":24199,"date":"2025-06-13T09:16:13","date_gmt":"2025-06-13T14:16:13","guid":{"rendered":"https:\/\/www.elamazonico.com\/portal\/?p=24199"},"modified":"2025-06-13T09:16:13","modified_gmt":"2025-06-13T14:16:13","slug":"caso-pantalla-wilman-teran-ira-a-juicio-por-presunto-fraude-en-concurso-de-jueces","status":"publish","type":"post","link":"https:\/\/www.elamazonico.com\/portal\/caso-pantalla-wilman-teran-ira-a-juicio-por-presunto-fraude-en-concurso-de-jueces\/","title":{"rendered":"Caso Pantalla: Wilman Ter\u00e1n ir\u00e1 a juicio por presunto fraude en concurso de jueces"},"content":{"rendered":"<p><strong>Wilman Ter\u00e1n, expresidente del Consejo de la Judicatura, y la exjueza Anabel Torres fueron llamados a juicio por el delito de asociaci\u00f3n il\u00edcita en el escandaloso caso Pantalla, que salpica a las m\u00e1s altas esferas judiciales del pa\u00eds.<\/strong><\/p>\n<div class=\"google-auto-placed ap_container\"><ins class=\"adsbygoogle adsbygoogle-noablate\" data-ad-format=\"auto\" data-ad-client=\"ca-pub-7837679359314521\" data-adsbygoogle-status=\"done\" data-ad-status=\"filled\"><\/p>\n<div id=\"aswift_2_host\">El conjuez de la Corte Nacional de Justicia, Edison Cantos, acogi\u00f3 el pedido de la Fiscal\u00eda tras presentar <strong>177 elementos de convicci\u00f3n<\/strong>. Entre las pruebas constan pericias sobre dispositivos electr\u00f3nicos, versiones de implicados, y an\u00e1lisis financieros del millonario presupuesto destinado al fallido concurso de jueces de la Corte Nacional de Justicia.<\/div>\n<p><\/ins><\/div>\n<p>El caso estall\u00f3 en febrero de 2024 tras una denuncia del propio Director General del Consejo de la Judicatura. La Fiscal\u00eda sostiene que Wilman Ter\u00e1n habr\u00eda articulado un entramado desde su alto cargo para manipular los resultados del concurso 2023 y favorecer a Anabel Torres, quien aspiraba a la presidencia de la Corte Nacional.<\/p>\n<p><strong>El concurso fue declarado nulo en 2024<\/strong>, luego de que se detectaran presuntas irregularidades que comprometen la transparencia del sistema de selecci\u00f3n judicial. La Fiscal\u00eda advierte que no se trat\u00f3 de errores administrativos, sino de una estrategia para posicionar a personas afines en el m\u00e1s alto tribunal del pa\u00eds.<\/p>\n","protected":false},"excerpt":{"rendered":"<p>Wilman Ter\u00e1n, expresidente del Consejo de la Judicatura, y la exjueza Anabel Torres fueron llamados a juicio por el delito de asociaci\u00f3n il\u00edcita en el escandaloso caso Pantalla, que salpica a las m\u00e1s altas esferas judiciales del pa\u00eds. El conjuez de la Corte Nacional de Justicia, Edison Cantos, acogi\u00f3 el pedido de la Fiscal\u00eda tras presentar 177 elementos de convicci\u00f3n. Entre las pruebas constan pericias sobre dispositivos electr\u00f3nicos, versiones de implicados, y an\u00e1lisis financieros del millonario presupuesto destinado al fallido concurso de jueces de la Corte Nacional de Justicia. El caso estall\u00f3 en febrero de 2024 tras una denuncia del propio Director General del Consejo de la Judicatura. La Fiscal\u00eda sostiene que Wilman Ter\u00e1n habr\u00eda articulado un entramado desde su alto cargo para manipular los resultados del concurso 2023 y favorecer a Anabel Torres, quien aspiraba a la presidencia de la Corte Nacional. El concurso fue declarado nulo en 2024, luego de que se detectaran presuntas irregularidades que comprometen la transparencia del sistema de selecci\u00f3n judicial. La Fiscal\u00eda advierte que no se trat\u00f3 de errores administrativos, sino de una estrategia para posicionar a personas afines en el m\u00e1s alto tribunal del pa\u00eds.<\/p>\n","protected":false},"author":1,"featured_media":24200,"comment_status":"open","ping_status":"open","sticky":false,"template":"","format":"standard","meta":{"footnotes":""},"categories":[268],"tags":[],"class_list":["post-24199","post","type-post","status-publish","format-standard","has-post-thumbnail","hentry","category-nacionales"],"_links":{"self":[{"href":"https:\/\/www.elamazonico.com\/portal\/wp-json\/wp\/v2\/posts\/24199","targetHints":{"allow":["GET"]}}],"collection":[{"href":"https:\/\/www.elamazonico.com\/portal\/wp-json\/wp\/v2\/posts"}],"about":[{"href":"https:\/\/www.elamazonico.com\/portal\/wp-json\/wp\/v2\/types\/post"}],"author":[{"embeddable":true,"href":"https:\/\/www.elamazonico.com\/portal\/wp-json\/wp\/v2\/users\/1"}],"replies":[{"embeddable":true,"href":"https:\/\/www.elamazonico.com\/portal\/wp-json\/wp\/v2\/comments?post=24199"}],"version-history":[{"count":1,"href":"https:\/\/www.elamazonico.com\/portal\/wp-json\/wp\/v2\/posts\/24199\/revisions"}],"predecessor-version":[{"id":24201,"href":"https:\/\/www.elamazonico.com\/portal\/wp-json\/wp\/v2\/posts\/24199\/revisions\/24201"}],"wp:featuredmedia":[{"embeddable":true,"href":"https:\/\/www.elamazonico.com\/portal\/wp-json\/wp\/v2\/media\/24200"}],"wp:attachment":[{"href":"https:\/\/www.elamazonico.com\/portal\/wp-json\/wp\/v2\/media?parent=24199"}],"wp:term":[{"taxonomy":"category","embeddable":true,"href":"https:\/\/www.elamazonico.com\/portal\/wp-json\/wp\/v2\/categories?post=24199"},{"taxonomy":"post_tag","embeddable":true,"href":"https:\/\/www.elamazonico.com\/portal\/wp-json\/wp\/v2\/tags?post=24199"}],"curies":[{"name":"wp","href":"https:\/\/api.w.org\/{rel}","templated":true}]}}