{"id":24175,"date":"2025-06-10T18:22:02","date_gmt":"2025-06-10T23:22:02","guid":{"rendered":"https:\/\/www.elamazonico.com\/portal\/?p=24175"},"modified":"2025-06-10T18:22:02","modified_gmt":"2025-06-10T23:22:02","slug":"tribunal-nego-a-jorge-glas-el-recurso-para-declarar-caduca-la-prision-preventiva-por-el-caso-reconstruccion-de-manabi","status":"publish","type":"post","link":"https:\/\/www.elamazonico.com\/portal\/tribunal-nego-a-jorge-glas-el-recurso-para-declarar-caduca-la-prision-preventiva-por-el-caso-reconstruccion-de-manabi\/","title":{"rendered":"Tribunal neg\u00f3 a Jorge Glas el recurso para declarar caduca la prisi\u00f3n preventiva por el caso Reconstrucci\u00f3n de Manab\u00ed"},"content":{"rendered":"<div class=\"paragraph texto\">\n<p class=\"p_0\">Un tribunal de Ecuador\u00a0<b>neg\u00f3 este martes el recurso de habeas corpus<\/b>\u00a0presentado por el exvicepresidente<b><a href=\"https:\/\/www.vistazo.com\/actualidad\/nacional\/2025-06-05-jorge-glas-traslado-quito-audiencia-caso-reconstruccion-manabi-KH9458286\">\u00a0Jorge Glas<\/a><\/b>\u00a0con el que buscaba que se declarase la\u00a0<u><b>caducidad de la prisi\u00f3n preventiva<\/b><\/u>\u00a0que cumple desde abril del 2024, tras su detenci\u00f3n dentro de la Embajada de M\u00e9xico en Quito.<\/p>\n<p class=\"p_1\">Los defensores de Glas interpusieron el pasado jueves el habeas corpus en contra de los jueces\u00a0<u>Mercedes Caicedo, Marco Rodr\u00edguez y Javier De la Cadena<\/u>, quienes conforman el tribunal que lleva el juicio donde el exvicepresidente est\u00e1 acusado de peculado (malversaci\u00f3n de fondos p\u00fablicos) en las obras para la<b>\u00a0reconstrucci\u00f3n de las zonas afectadas por el terremoto de 2016<\/b>.<\/p>\n<p class=\"p_3\">Seg\u00fan D\u00e1maris C\u00e1ceres y Andr\u00e9s Villegas, abogados de Glas, la orden de prisi\u00f3n preventiva en el caso de peculado ya caduc\u00f3, pues\u00a0<b>han pasado 432 d\u00edas desde que fue detenido<\/b>, m\u00e1s del a\u00f1o que establece la ley para los procesados sin sentencia.<\/p>\n<div>\n<div class=\"trv-player-container\">\n<div class=\"trv-wrapper\">\n<div id=\"br_video_player_7233bef206965ff848d3aa3973603c5a7a4d6079\" class=\"trvd_video_player trvdinstream\">\n<div class=\"media-player\">\n<div class=\"trv-video\"><\/div>\n<\/div>\n<\/div>\n<\/div>\n<\/div>\n<\/div>\n<\/div>\n<div class=\"multimediaMacroWrapper img lateral\">\n<figure class=\"contentMedia art-img\">\n<div><img fetchpriority=\"high\" decoding=\"async\" class=\" lazyloaded\" title=\"Audiencia de Juzgamiento del Caso caso Reconstrucci\u00f3n de Manab\u00ed.\" src=\"https:\/\/www.vistazo.com\/placeholder\/svg\/viewbox\/768x659\" sizes=\"100vw\" srcset=\"\/\/www.vistazo.com\/binrepository\/768x659\/0c0\/0d0\/none\/12727\/BXGC\/20250606170929-juicio-caso-reconstruc_2244644_20250610180649.jpg 768w,\/\/www.vistazo.com\/binrepository\/640x549\/0c0\/0d0\/none\/12727\/BXGL\/20250606170929-juicio-caso-reconstruc_2244644_20250610180649.jpg 640w,\/\/www.vistazo.com\/binrepository\/512x439\/0c0\/0d0\/none\/12727\/BXGJ\/20250606170929-juicio-caso-reconstruc_2244644_20250610180649.jpg 512w,\/\/www.vistazo.com\/binrepository\/384x330\/0c0\/0d0\/none\/12727\/BXGO\/20250606170929-juicio-caso-reconstruc_2244644_20250610180649.jpg 384w,\/\/www.vistazo.com\/binrepository\/300x257\/0c0\/0d0\/none\/12727\/BXGC\/20250606170929-juicio-caso-reconstruc_2244644_20250610180649.jpg 300w\" alt=\"$!Audiencia de Juzgamiento del Caso caso Reconstrucci\u00f3n de Manab\u00ed.\" width=\"768\" height=\"659\" data-srcset=\"\/\/www.vistazo.com\/binrepository\/768x659\/0c0\/0d0\/none\/12727\/BXGC\/20250606170929-juicio-caso-reconstruc_2244644_20250610180649.jpg 768w,\/\/www.vistazo.com\/binrepository\/640x549\/0c0\/0d0\/none\/12727\/BXGL\/20250606170929-juicio-caso-reconstruc_2244644_20250610180649.jpg 640w,\/\/www.vistazo.com\/binrepository\/512x439\/0c0\/0d0\/none\/12727\/BXGJ\/20250606170929-juicio-caso-reconstruc_2244644_20250610180649.jpg 512w,\/\/www.vistazo.com\/binrepository\/384x330\/0c0\/0d0\/none\/12727\/BXGO\/20250606170929-juicio-caso-reconstruc_2244644_20250610180649.jpg 384w,\/\/www.vistazo.com\/binrepository\/300x257\/0c0\/0d0\/none\/12727\/BXGC\/20250606170929-juicio-caso-reconstruc_2244644_20250610180649.jpg 300w\" \/><\/div>\n<div class=\"cutline-byline\"><span class=\"cutline-text\">Audiencia de Juzgamiento del Caso caso Reconstrucci\u00f3n de Manab\u00ed.\u00a0<\/span><span class=\"byline-image\">(ROLANDO ENRIQUEZ)<\/span><\/div>\n<\/figure>\n<\/div>\n<h2 class=\"h2vistazo\">\u00bfQU\u00c9 SUCEDI\u00d3 EN LA AUDIENCIA?<\/h2>\n<div class=\"paragraph texto\">\n<p class=\"p_4\">A trav\u00e9s de videoconferencia desde La Roca, la c\u00e1rcel de m\u00e1xima seguridad de Ecuador, Glas intervino brevemente en la audiencia para precisar que, con este pedido,\u00a0<u><b>no buscaba recuperar su libertad<\/b><\/u>, pues a\u00fan debe terminar de cumplir una pena de ocho a\u00f1os de c\u00e1rcel por dos condenas por corrupci\u00f3n cuya culpabilidad sigue rechazando.<\/p>\n<p class=\"p_5\">El exvicepresidente fundament\u00f3 su solicitud en que es\u00a0<u><b>\u00abun derecho\u00bb<\/b><\/u>\u00a0y abog\u00f3 por cumplir con la legislaci\u00f3n.<\/p>\n<p class=\"p_6\">Sin embargo, el tribunal concluy\u00f3 que Glas \u00aborient\u00f3 su estrategia de defensa con sus abogados a impedir su juzgamiento dentro de los plazos establecidos en el c\u00f3digo penal con\u00a0<u><b>maniobras dilatorias<\/b><\/u>\u00a0que vulneran el principio de buena fe y lealtad procesal\u00bb.<\/p>\n<p class=\"p_7\">Adem\u00e1s, los magistrados determinaron que el exvicepresidente\u00a0<u><b>\u00abpresent\u00f3 varias peticiones de diferimiento de la audiencia de juicio y de su reinstalaci\u00f3n\u00bb<\/b><\/u>, que incluso sus defensores no acudieron a las diligencias y que tambi\u00e9n se presentaron recusaciones, lo que provoc\u00f3 que se suspendieran los plazos de esta medida de privaci\u00f3n de libertad.<\/p>\n<p class=\"p_8\">Y agregaron que Glas retard\u00f3 su juicio por el denominado caso Reconstrucci\u00f3n \u00abmediante\u00a0<u><b>actos orientados a provocar la caducidad de la prisi\u00f3n preventiva<\/b><\/u>\u00a0con elementos no sustentados jur\u00eddicamente\u00bb, por lo que decidieron no aceptar el habeas corpus.<\/p>\n<p class=\"p_9\">\n<\/div>\n<div class=\"multimediaMacroWrapper img lateral\">\n<figure class=\"contentMedia art-img\">\n<div><img decoding=\"async\" class=\" lazyloaded\" title=\"Glas permanece recluido en La Roca.\" src=\"https:\/\/www.vistazo.com\/placeholder\/svg\/viewbox\/768x563\" sizes=\"100vw\" srcset=\"\/\/www.vistazo.com\/binrepository\/768x563\/0c0\/0d0\/none\/12727\/FWGI\/20250606170919-juicio-caso-reconstruc_2244649_20250610180651.jpg 768w,\/\/www.vistazo.com\/binrepository\/640x469\/0c0\/0d0\/none\/12727\/FWGI\/20250606170919-juicio-caso-reconstruc_2244649_20250610180651.jpg 640w,\/\/www.vistazo.com\/binrepository\/512x375\/0c0\/0d0\/none\/12727\/FWGG\/20250606170919-juicio-caso-reconstruc_2244649_20250610180651.jpg 512w,\/\/www.vistazo.com\/binrepository\/384x282\/0c0\/0d0\/none\/12727\/FWGG\/20250606170919-juicio-caso-reconstruc_2244649_20250610180651.jpg 384w,\/\/www.vistazo.com\/binrepository\/300x220\/0c0\/0d0\/none\/12727\/FWGC\/20250606170919-juicio-caso-reconstruc_2244649_20250610180651.jpg 300w\" alt=\"$!Glas permanece recluido en La Roca.\" width=\"768\" height=\"563\" data-srcset=\"\/\/www.vistazo.com\/binrepository\/768x563\/0c0\/0d0\/none\/12727\/FWGI\/20250606170919-juicio-caso-reconstruc_2244649_20250610180651.jpg 768w,\/\/www.vistazo.com\/binrepository\/640x469\/0c0\/0d0\/none\/12727\/FWGI\/20250606170919-juicio-caso-reconstruc_2244649_20250610180651.jpg 640w,\/\/www.vistazo.com\/binrepository\/512x375\/0c0\/0d0\/none\/12727\/FWGG\/20250606170919-juicio-caso-reconstruc_2244649_20250610180651.jpg 512w,\/\/www.vistazo.com\/binrepository\/384x282\/0c0\/0d0\/none\/12727\/FWGG\/20250606170919-juicio-caso-reconstruc_2244649_20250610180651.jpg 384w,\/\/www.vistazo.com\/binrepository\/300x220\/0c0\/0d0\/none\/12727\/FWGC\/20250606170919-juicio-caso-reconstruc_2244649_20250610180651.jpg 300w\" \/><\/div>\n<div class=\"cutline-byline\"><span class=\"cutline-text\">Glas permanece recluido en La Roca.\u00a0<\/span><span class=\"byline-image\">(ROLANDO ENRIQUEZ)<\/span><\/div>\n<\/figure>\n<\/div>\n<h2 class=\"h2vistazo\">LA DETENCI\u00d3N DE GLAS<\/h2>\n<div class=\"paragraph texto\">\n<p class=\"p_10\">Glas est\u00e1 recluido en La Roca desde que fuese detenido el 5 de abril de 2024 en la\u00a0<b>Embajada de M\u00e9xico en Quito<\/b>, intervenida por orden del presidente de Ecuador, Daniel Noboa, despu\u00e9s de que el exvicepresidente recibiese asilo diplom\u00e1tico del Gobierno mexicano, al considerarlo un \u00abperseguido pol\u00edtico\u00bb por las sentencias y procesos por corrupci\u00f3n que acumula desde 2017.<\/p>\n<p class=\"p_11\">Este episodio llev\u00f3 a la\u00a0<b>ruptura de las relaciones diplom\u00e1ticas entre ambos pa\u00edses\u00a0<\/b>y a un litigio en la Corte Internacional de Justicia de La Haya con acusaciones mutuas de haber contravenido tratados internacionales. M\u00e9xico acusa a Ecuador de romper la inviolabilidad de las sedes diplom\u00e1ticas y Ecuador culpa a M\u00e9xico de desvirtuar la figura del asilo diplom\u00e1tico.<\/p>\n<p class=\"p_12\">El exvicepresidente, uno de los hombres fuertes del Gobierno del presidente Rafael Correa, se encontraba en la embajada mexicana desde diciembre de 2023, cuando lleg\u00f3 a pedir asilo al advertir que la Fiscal\u00eda buscaba imputarlo por el caso Reconstrucci\u00f3n, por el que semanas despu\u00e9s un juez orden\u00f3 su\u00a0<b>captura con fines de prisi\u00f3n preventiva.<\/b><\/p>\n<p class=\"p_13\">Recientemente, Glas tambi\u00e9n fue como sospechoso por la Fiscal\u00eda dentro de la investigaci\u00f3n que busca a los autores intelectuales del asesinato del candidato presidencial\u00a0<b><a href=\"https:\/\/www.vistazo.com\/actualidad\/nacional\/2025-05-15-asesinato-fernando-villavicencio-version-jorge-glas-figuras-correismo-pagado-1-millon-dolares-KY9346059\">Fernando Villavicencio<\/a><\/b> en 2023, en una de las \u00faltimas acciones del Ministerio P\u00fablico con Diana Salazar como fiscal general, duramente atacada por el corre\u00edsmo al acusarla de &#8216;lawfare&#8217;. <strong>Fuente: Vistazo<\/strong><\/p>\n<\/div>\n","protected":false},"excerpt":{"rendered":"<p>Un tribunal de Ecuador\u00a0neg\u00f3 este martes el recurso de habeas corpus\u00a0presentado por el exvicepresidente\u00a0Jorge Glas\u00a0con el que buscaba que se declarase la\u00a0caducidad de la prisi\u00f3n preventiva\u00a0que cumple desde abril del 2024, tras su detenci\u00f3n dentro de la Embajada de M\u00e9xico en Quito. Los defensores de Glas interpusieron el pasado jueves el habeas corpus en contra de los jueces\u00a0Mercedes Caicedo, Marco Rodr\u00edguez y Javier De la Cadena, quienes conforman el tribunal que lleva el juicio donde el exvicepresidente est\u00e1 acusado de peculado (malversaci\u00f3n de fondos p\u00fablicos) en las obras para la\u00a0reconstrucci\u00f3n de las zonas afectadas por el terremoto de 2016. Seg\u00fan D\u00e1maris C\u00e1ceres y Andr\u00e9s Villegas, abogados de Glas, la orden de prisi\u00f3n preventiva en el caso de peculado ya caduc\u00f3, pues\u00a0han pasado 432 d\u00edas desde que fue detenido, m\u00e1s del a\u00f1o que establece la ley para los procesados sin sentencia. Audiencia de Juzgamiento del Caso caso Reconstrucci\u00f3n de Manab\u00ed.\u00a0(ROLANDO ENRIQUEZ) \u00bfQU\u00c9 SUCEDI\u00d3 EN LA AUDIENCIA? A trav\u00e9s de videoconferencia desde La Roca, la c\u00e1rcel de m\u00e1xima seguridad de Ecuador, Glas intervino brevemente en la audiencia para precisar que, con este pedido,\u00a0no buscaba recuperar su libertad, pues a\u00fan debe terminar de cumplir una pena de ocho a\u00f1os de c\u00e1rcel por dos condenas por corrupci\u00f3n cuya culpabilidad sigue rechazando. El exvicepresidente fundament\u00f3 su solicitud en que es\u00a0\u00abun derecho\u00bb\u00a0y abog\u00f3 por cumplir con la legislaci\u00f3n. Sin embargo, el tribunal concluy\u00f3 que Glas \u00aborient\u00f3 su estrategia de defensa con sus abogados a impedir su juzgamiento dentro de los plazos establecidos en el c\u00f3digo penal con\u00a0maniobras dilatorias\u00a0que vulneran el principio de buena fe y lealtad procesal\u00bb. Adem\u00e1s, los magistrados determinaron que el exvicepresidente\u00a0\u00abpresent\u00f3 varias peticiones de diferimiento de la audiencia de juicio y de su reinstalaci\u00f3n\u00bb, que incluso sus defensores no acudieron a las diligencias y que tambi\u00e9n se presentaron recusaciones, lo que provoc\u00f3 que se suspendieran los plazos de esta medida de privaci\u00f3n de libertad. Y agregaron que Glas retard\u00f3 su juicio por el denominado caso Reconstrucci\u00f3n \u00abmediante\u00a0actos orientados a provocar la caducidad de la prisi\u00f3n preventiva\u00a0con elementos no sustentados jur\u00eddicamente\u00bb, por lo que decidieron no aceptar el habeas corpus. Glas permanece recluido en La Roca.\u00a0(ROLANDO ENRIQUEZ) LA DETENCI\u00d3N DE GLAS Glas est\u00e1 recluido en La Roca desde que fuese detenido el 5 de abril de 2024 en la\u00a0Embajada de M\u00e9xico en Quito, intervenida por orden del presidente de Ecuador, Daniel Noboa, despu\u00e9s de que el exvicepresidente recibiese asilo diplom\u00e1tico del Gobierno mexicano, al considerarlo un \u00abperseguido pol\u00edtico\u00bb por las sentencias y procesos por corrupci\u00f3n que acumula desde 2017. Este episodio llev\u00f3 a la\u00a0ruptura de las relaciones diplom\u00e1ticas entre ambos pa\u00edses\u00a0y a un litigio en la Corte Internacional de Justicia de La Haya con acusaciones mutuas de haber contravenido tratados internacionales. M\u00e9xico acusa a Ecuador de romper la inviolabilidad de las sedes diplom\u00e1ticas y Ecuador culpa a M\u00e9xico de desvirtuar la figura del asilo diplom\u00e1tico. El exvicepresidente, uno de los hombres fuertes del Gobierno del presidente Rafael Correa, se encontraba en la embajada mexicana desde diciembre de 2023, cuando lleg\u00f3 a pedir asilo al advertir que la Fiscal\u00eda buscaba imputarlo por el caso Reconstrucci\u00f3n, por el que semanas despu\u00e9s un juez orden\u00f3 su\u00a0captura con fines de prisi\u00f3n preventiva. Recientemente, Glas tambi\u00e9n fue como sospechoso por la Fiscal\u00eda dentro de la investigaci\u00f3n que busca a los autores intelectuales del asesinato del candidato presidencial\u00a0Fernando Villavicencio en 2023, en una de las \u00faltimas acciones del Ministerio P\u00fablico con Diana Salazar como fiscal general, duramente atacada por el corre\u00edsmo al acusarla de &#8216;lawfare&#8217;. Fuente: Vistazo<\/p>\n","protected":false},"author":1,"featured_media":24176,"comment_status":"open","ping_status":"open","sticky":false,"template":"","format":"standard","meta":{"footnotes":""},"categories":[268],"tags":[],"class_list":["post-24175","post","type-post","status-publish","format-standard","has-post-thumbnail","hentry","category-nacionales"],"_links":{"self":[{"href":"https:\/\/www.elamazonico.com\/portal\/wp-json\/wp\/v2\/posts\/24175","targetHints":{"allow":["GET"]}}],"collection":[{"href":"https:\/\/www.elamazonico.com\/portal\/wp-json\/wp\/v2\/posts"}],"about":[{"href":"https:\/\/www.elamazonico.com\/portal\/wp-json\/wp\/v2\/types\/post"}],"author":[{"embeddable":true,"href":"https:\/\/www.elamazonico.com\/portal\/wp-json\/wp\/v2\/users\/1"}],"replies":[{"embeddable":true,"href":"https:\/\/www.elamazonico.com\/portal\/wp-json\/wp\/v2\/comments?post=24175"}],"version-history":[{"count":1,"href":"https:\/\/www.elamazonico.com\/portal\/wp-json\/wp\/v2\/posts\/24175\/revisions"}],"predecessor-version":[{"id":24177,"href":"https:\/\/www.elamazonico.com\/portal\/wp-json\/wp\/v2\/posts\/24175\/revisions\/24177"}],"wp:featuredmedia":[{"embeddable":true,"href":"https:\/\/www.elamazonico.com\/portal\/wp-json\/wp\/v2\/media\/24176"}],"wp:attachment":[{"href":"https:\/\/www.elamazonico.com\/portal\/wp-json\/wp\/v2\/media?parent=24175"}],"wp:term":[{"taxonomy":"category","embeddable":true,"href":"https:\/\/www.elamazonico.com\/portal\/wp-json\/wp\/v2\/categories?post=24175"},{"taxonomy":"post_tag","embeddable":true,"href":"https:\/\/www.elamazonico.com\/portal\/wp-json\/wp\/v2\/tags?post=24175"}],"curies":[{"name":"wp","href":"https:\/\/api.w.org\/{rel}","templated":true}]}}