{"id":24159,"date":"2025-06-10T12:35:19","date_gmt":"2025-06-10T17:35:19","guid":{"rendered":"https:\/\/www.elamazonico.com\/portal\/?p=24159"},"modified":"2025-06-10T12:35:19","modified_gmt":"2025-06-10T17:35:19","slug":"daniel-noboa-prorroga-estado-de-excepcion-en-7-provincias-y-en-quito-por-grave-conmocion-interna","status":"publish","type":"post","link":"https:\/\/www.elamazonico.com\/portal\/daniel-noboa-prorroga-estado-de-excepcion-en-7-provincias-y-en-quito-por-grave-conmocion-interna\/","title":{"rendered":"Daniel Noboa prorroga estado de excepci\u00f3n en 7 provincias y en Quito por &#8216;grave conmoci\u00f3n interna&#8217;"},"content":{"rendered":"<p class=\"p_0\">El presidente de la Rep\u00fablica,\u00a0<b><a href=\"https:\/\/www.vistazo.com\/cronologia\/-\/meta\/daniel-noboa\" target=\"_blank\" rel=\"noopener noreferrer\">Daniel Noboa<\/a><\/b>, renov\u00f3 la declaratoria de\u00a0<b>estado de excepci\u00f3n<\/b>\u00a0en las provincias de Guayas, Los R\u00edos, Manab\u00ed, Orellana, Santa Elena, El Oro, Sucumb\u00edos; y el Distrito Metropolitano de Quito de la provincia de Pichincha, por grave conmoci\u00f3n interna.<\/p>\n<p class=\"p_2\">Mediante el Decreto Ejecutivo No. 23, firmado este 10 de junio, el presidente Daniel Noboa extendi\u00f3 por 30 d\u00edas m\u00e1s la vigencia de esta medida. La decisi\u00f3n se tom\u00f3 tras registrarse un\u00a0<b>incremento\u00a0<\/b>de hechos delictivos entre el 4 y 9 de junio en varias ciudades del pa\u00eds.<\/p>\n<p class=\"p_3\">\u00abLos niveles de violencia siguen siendo alarmantes y se requiere las medidas extraordinarias que ampara un\u00a0<b>Estado de Excepci\u00f3n<\/b>\u00a0para garantizar los derechos constitucionales de los ciudadanos Ecuatorianos\u00bb, recoge el decreto.<\/p>\n<div>\n<div>\n<div class=\"trv-player-container\">\n<div class=\"trv-wrapper\">\n<div id=\"br_video_player_8040bba5f35864c4bfe7f8f821d3965a7a4d6079\" class=\"trvd_video_player trvdinstream\">\n<div class=\"media-player\">\n<div class=\"trv-video\">\n<div id=\"truvid_ima_container54703\" class=\"truvid_ima_container trv-ima-container-hidden\">\n<div>Seg\u00fan informes militares y de inteligencia presentados por el Gobierno, aunque se ha logrado cierta contenci\u00f3n, <u>los niveles de violencia y criminalidad siguen siendo altos<\/u>.<\/div>\n<\/div>\n<\/div>\n<\/div>\n<\/div>\n<\/div>\n<\/div>\n<\/div>\n<\/div>\n<p class=\"p_5\">Tambi\u00e9n detalla que los\u00a0<b>grupos delictivos<\/b>\u00a0no solo han establecido\u00a0<b>nuevas alianzas<\/b>, sino que conservan su capacidad operativa y siguen representando una\u00a0<b>amenaza\u00a0<\/b>significativa. Adem\u00e1s, se ha registrado un incremento en la comisi\u00f3n de delitos graves.<\/p>\n<p class=\"p_6\">Por lo que Noboa record\u00f3 que el objetivo final del estado de excepci\u00f3n es \u00abgarantizar el orden p\u00fablico, la paz social y la convivencia pac\u00edfica de los ciudadanos\u00bb.<\/p>\n<p class=\"p_7\">No obstante, el mandatario hizo \u00e9nfasis en la obligaci\u00f3n establecida en el art\u00edculo 166 de la Constituci\u00f3n de la Rep\u00fablica del Ecuador que dispone: \u201c(&#8230;)\u00a0<i>las servidoras y servidores p\u00fablicos ser\u00e1n responsables por cualquier abuso que hubieran cometido en el ejercicio de sus facultades durante la vigencia del estado de excepci\u00f3n\u201d<\/i>.<\/p>\n<p class=\"p_8\">Asimismo, el Gobierno enfatiz\u00f3 que los\u00a0<b>resultados\u00a0<\/b>de las operaciones en cuanto a capturas, decomisos y debilitamiento de los Grupos Armados Organizados, se debe en gran parte a la utilizaci\u00f3n de\u00a0<u>medidas extraordinarias como la limitaci\u00f3n y restricci\u00f3n del derecho de inviolabilidad de domicilio, la inviolabilidad de correspondencia y la libertad de reuni\u00f3n<\/u>, que permite a las Fuerzas Armadas en coordinaci\u00f3n con la Polic\u00eda (bloque de seguridad) \u00abactuar en forma oportuna e inmediata, deteniendo a los\u00a0<b>delincuentes\u00a0<\/b>con las evidencias respectivas de los diversos delitos\u00bb.<\/p>\n","protected":false},"excerpt":{"rendered":"<p>El presidente de la Rep\u00fablica,\u00a0Daniel Noboa, renov\u00f3 la declaratoria de\u00a0estado de excepci\u00f3n\u00a0en las provincias de Guayas, Los R\u00edos, Manab\u00ed, Orellana, Santa Elena, El Oro, Sucumb\u00edos; y el Distrito Metropolitano de Quito de la provincia de Pichincha, por grave conmoci\u00f3n interna. Mediante el Decreto Ejecutivo No. 23, firmado este 10 de junio, el presidente Daniel Noboa extendi\u00f3 por 30 d\u00edas m\u00e1s la vigencia de esta medida. La decisi\u00f3n se tom\u00f3 tras registrarse un\u00a0incremento\u00a0de hechos delictivos entre el 4 y 9 de junio en varias ciudades del pa\u00eds. \u00abLos niveles de violencia siguen siendo alarmantes y se requiere las medidas extraordinarias que ampara un\u00a0Estado de Excepci\u00f3n\u00a0para garantizar los derechos constitucionales de los ciudadanos Ecuatorianos\u00bb, recoge el decreto. Seg\u00fan informes militares y de inteligencia presentados por el Gobierno, aunque se ha logrado cierta contenci\u00f3n, los niveles de violencia y criminalidad siguen siendo altos. Tambi\u00e9n detalla que los\u00a0grupos delictivos\u00a0no solo han establecido\u00a0nuevas alianzas, sino que conservan su capacidad operativa y siguen representando una\u00a0amenaza\u00a0significativa. Adem\u00e1s, se ha registrado un incremento en la comisi\u00f3n de delitos graves. Por lo que Noboa record\u00f3 que el objetivo final del estado de excepci\u00f3n es \u00abgarantizar el orden p\u00fablico, la paz social y la convivencia pac\u00edfica de los ciudadanos\u00bb. No obstante, el mandatario hizo \u00e9nfasis en la obligaci\u00f3n establecida en el art\u00edculo 166 de la Constituci\u00f3n de la Rep\u00fablica del Ecuador que dispone: \u201c(&#8230;)\u00a0las servidoras y servidores p\u00fablicos ser\u00e1n responsables por cualquier abuso que hubieran cometido en el ejercicio de sus facultades durante la vigencia del estado de excepci\u00f3n\u201d. Asimismo, el Gobierno enfatiz\u00f3 que los\u00a0resultados\u00a0de las operaciones en cuanto a capturas, decomisos y debilitamiento de los Grupos Armados Organizados, se debe en gran parte a la utilizaci\u00f3n de\u00a0medidas extraordinarias como la limitaci\u00f3n y restricci\u00f3n del derecho de inviolabilidad de domicilio, la inviolabilidad de correspondencia y la libertad de reuni\u00f3n, que permite a las Fuerzas Armadas en coordinaci\u00f3n con la Polic\u00eda (bloque de seguridad) \u00abactuar en forma oportuna e inmediata, deteniendo a los\u00a0delincuentes\u00a0con las evidencias respectivas de los diversos delitos\u00bb.<\/p>\n","protected":false},"author":1,"featured_media":24160,"comment_status":"open","ping_status":"open","sticky":false,"template":"","format":"standard","meta":{"footnotes":""},"categories":[268],"tags":[],"class_list":["post-24159","post","type-post","status-publish","format-standard","has-post-thumbnail","hentry","category-nacionales"],"_links":{"self":[{"href":"https:\/\/www.elamazonico.com\/portal\/wp-json\/wp\/v2\/posts\/24159","targetHints":{"allow":["GET"]}}],"collection":[{"href":"https:\/\/www.elamazonico.com\/portal\/wp-json\/wp\/v2\/posts"}],"about":[{"href":"https:\/\/www.elamazonico.com\/portal\/wp-json\/wp\/v2\/types\/post"}],"author":[{"embeddable":true,"href":"https:\/\/www.elamazonico.com\/portal\/wp-json\/wp\/v2\/users\/1"}],"replies":[{"embeddable":true,"href":"https:\/\/www.elamazonico.com\/portal\/wp-json\/wp\/v2\/comments?post=24159"}],"version-history":[{"count":1,"href":"https:\/\/www.elamazonico.com\/portal\/wp-json\/wp\/v2\/posts\/24159\/revisions"}],"predecessor-version":[{"id":24161,"href":"https:\/\/www.elamazonico.com\/portal\/wp-json\/wp\/v2\/posts\/24159\/revisions\/24161"}],"wp:featuredmedia":[{"embeddable":true,"href":"https:\/\/www.elamazonico.com\/portal\/wp-json\/wp\/v2\/media\/24160"}],"wp:attachment":[{"href":"https:\/\/www.elamazonico.com\/portal\/wp-json\/wp\/v2\/media?parent=24159"}],"wp:term":[{"taxonomy":"category","embeddable":true,"href":"https:\/\/www.elamazonico.com\/portal\/wp-json\/wp\/v2\/categories?post=24159"},{"taxonomy":"post_tag","embeddable":true,"href":"https:\/\/www.elamazonico.com\/portal\/wp-json\/wp\/v2\/tags?post=24159"}],"curies":[{"name":"wp","href":"https:\/\/api.w.org\/{rel}","templated":true}]}}