{"id":24156,"date":"2025-06-10T09:24:59","date_gmt":"2025-06-10T14:24:59","guid":{"rendered":"https:\/\/www.elamazonico.com\/portal\/?p=24156"},"modified":"2025-06-10T09:24:59","modified_gmt":"2025-06-10T14:24:59","slug":"el-estado-que-pudo-ser","status":"publish","type":"post","link":"https:\/\/www.elamazonico.com\/portal\/el-estado-que-pudo-ser\/","title":{"rendered":"El Estado que pudo ser"},"content":{"rendered":"<p>En el convulso escenario pol\u00edtico del Ecuador de los a\u00f1os treinta del siglo pasado, la historia de la administraci\u00f3n p\u00fablica \u2014que he abordado en distintos momentos en esta columna\u2014 vivi\u00f3 un episodio tan breve como significativo bajo el liderazgo de Alberto Enr\u00edquez Gallo. Tras la ca\u00edda de la dictadura de Federico P\u00e1ez en 1937, Enr\u00edquez emprendi\u00f3 una serie de reformas que, lejos de responder a los intereses de las \u00e9lites tradicionales, buscaron delinear un Estado moderno, incluyente y con una autonom\u00eda relativa frente a las fracciones dominantes y al capital extranjero.<\/p>\n<p>Su proyecto gubernamental rompi\u00f3 con la l\u00f3gica olig\u00e1rquica predominante, apostando por una administraci\u00f3n p\u00fablica orientada a los intereses nacionales. Las reformas impulsadas, como el C\u00f3digo del Trabajo, la Ley de Educaci\u00f3n y el Estatuto Jur\u00eddico de las Comunidades Ind\u00edgenas, entre otras, fueron expresi\u00f3n de una nueva racionalidad estatal que buscaba articular derechos sociales, democratizaci\u00f3n institucional y soberan\u00eda econ\u00f3mica.<\/p>\n<p>Desde una mirada hist\u00f3rica, la breve administraci\u00f3n de Enr\u00edquez Gallo represent\u00f3 un intento concreto por construir un Estado benefactor y garante de derechos, con una administraci\u00f3n p\u00fablica orientada a la redistribuci\u00f3n y a la modernizaci\u00f3n institucional. Frente a la corrupci\u00f3n legalizada mediante contratos lesivos con compa\u00f1\u00edas extranjeras \u2014defendidos incluso por influyentes abogados y pol\u00edticos de la \u00e9poca\u2014 emergi\u00f3 una visi\u00f3n de Estado capaz de regular la econom\u00eda, ordenar lo p\u00fablico y canalizar las demandas sociales.<\/p>\n<p>Este ciclo de reformas se inscribe en la accidentada trayectoria de la administraci\u00f3n p\u00fablica latinoamericana: avances truncos, modernizaciones precarias y contradicciones persistentes entre una visi\u00f3n nacional del desarrollo y una l\u00f3gica de subordinaci\u00f3n a intereses globales. La historia de Enr\u00edquez revela una tensi\u00f3n estructural: la dificultad para consolidar un proyecto estatal sostenible ante el choque entre los ideales de equidad y los intereses dominantes.<\/p>\n<p>Casi un siglo despu\u00e9s, en medio de nuevas crisis, mirar este episodio no constituye un ejercicio de nostalgia, sino de memoria activa. Pensar el futuro de nuestras administraciones p\u00fablicas exige aprender de aquellos momentos en que el Estado intent\u00f3 ser algo m\u00e1s que un aparato al servicio del poder: una herramienta para el bienestar colectivo y la justicia social. Esa experiencia hist\u00f3rica ofrece lecciones valiosas a las que nuestros gobernantes deben remitirse con responsabilidad y visi\u00f3n de pa\u00eds. <strong>Fuente: El Tel\u00e9grafo<\/strong><\/p>\n","protected":false},"excerpt":{"rendered":"<p>En el convulso escenario pol\u00edtico del Ecuador de los a\u00f1os treinta del siglo pasado, la historia de la administraci\u00f3n p\u00fablica \u2014que he abordado en distintos momentos en esta columna\u2014 vivi\u00f3 un episodio tan breve como significativo bajo el liderazgo de Alberto Enr\u00edquez Gallo. Tras la ca\u00edda de la dictadura de Federico P\u00e1ez en 1937, Enr\u00edquez emprendi\u00f3 una serie de reformas que, lejos de responder a los intereses de las \u00e9lites tradicionales, buscaron delinear un Estado moderno, incluyente y con una autonom\u00eda relativa frente a las fracciones dominantes y al capital extranjero. Su proyecto gubernamental rompi\u00f3 con la l\u00f3gica olig\u00e1rquica predominante, apostando por una administraci\u00f3n p\u00fablica orientada a los intereses nacionales. Las reformas impulsadas, como el C\u00f3digo del Trabajo, la Ley de Educaci\u00f3n y el Estatuto Jur\u00eddico de las Comunidades Ind\u00edgenas, entre otras, fueron expresi\u00f3n de una nueva racionalidad estatal que buscaba articular derechos sociales, democratizaci\u00f3n institucional y soberan\u00eda econ\u00f3mica. Desde una mirada hist\u00f3rica, la breve administraci\u00f3n de Enr\u00edquez Gallo represent\u00f3 un intento concreto por construir un Estado benefactor y garante de derechos, con una administraci\u00f3n p\u00fablica orientada a la redistribuci\u00f3n y a la modernizaci\u00f3n institucional. Frente a la corrupci\u00f3n legalizada mediante contratos lesivos con compa\u00f1\u00edas extranjeras \u2014defendidos incluso por influyentes abogados y pol\u00edticos de la \u00e9poca\u2014 emergi\u00f3 una visi\u00f3n de Estado capaz de regular la econom\u00eda, ordenar lo p\u00fablico y canalizar las demandas sociales. Este ciclo de reformas se inscribe en la accidentada trayectoria de la administraci\u00f3n p\u00fablica latinoamericana: avances truncos, modernizaciones precarias y contradicciones persistentes entre una visi\u00f3n nacional del desarrollo y una l\u00f3gica de subordinaci\u00f3n a intereses globales. La historia de Enr\u00edquez revela una tensi\u00f3n estructural: la dificultad para consolidar un proyecto estatal sostenible ante el choque entre los ideales de equidad y los intereses dominantes. Casi un siglo despu\u00e9s, en medio de nuevas crisis, mirar este episodio no constituye un ejercicio de nostalgia, sino de memoria activa. Pensar el futuro de nuestras administraciones p\u00fablicas exige aprender de aquellos momentos en que el Estado intent\u00f3 ser algo m\u00e1s que un aparato al servicio del poder: una herramienta para el bienestar colectivo y la justicia social. Esa experiencia hist\u00f3rica ofrece lecciones valiosas a las que nuestros gobernantes deben remitirse con responsabilidad y visi\u00f3n de pa\u00eds. Fuente: El Tel\u00e9grafo<\/p>\n","protected":false},"author":1,"featured_media":24157,"comment_status":"open","ping_status":"open","sticky":false,"template":"","format":"standard","meta":{"footnotes":""},"categories":[7],"tags":[],"class_list":["post-24156","post","type-post","status-publish","format-standard","has-post-thumbnail","hentry","category-opinion"],"_links":{"self":[{"href":"https:\/\/www.elamazonico.com\/portal\/wp-json\/wp\/v2\/posts\/24156","targetHints":{"allow":["GET"]}}],"collection":[{"href":"https:\/\/www.elamazonico.com\/portal\/wp-json\/wp\/v2\/posts"}],"about":[{"href":"https:\/\/www.elamazonico.com\/portal\/wp-json\/wp\/v2\/types\/post"}],"author":[{"embeddable":true,"href":"https:\/\/www.elamazonico.com\/portal\/wp-json\/wp\/v2\/users\/1"}],"replies":[{"embeddable":true,"href":"https:\/\/www.elamazonico.com\/portal\/wp-json\/wp\/v2\/comments?post=24156"}],"version-history":[{"count":1,"href":"https:\/\/www.elamazonico.com\/portal\/wp-json\/wp\/v2\/posts\/24156\/revisions"}],"predecessor-version":[{"id":24158,"href":"https:\/\/www.elamazonico.com\/portal\/wp-json\/wp\/v2\/posts\/24156\/revisions\/24158"}],"wp:featuredmedia":[{"embeddable":true,"href":"https:\/\/www.elamazonico.com\/portal\/wp-json\/wp\/v2\/media\/24157"}],"wp:attachment":[{"href":"https:\/\/www.elamazonico.com\/portal\/wp-json\/wp\/v2\/media?parent=24156"}],"wp:term":[{"taxonomy":"category","embeddable":true,"href":"https:\/\/www.elamazonico.com\/portal\/wp-json\/wp\/v2\/categories?post=24156"},{"taxonomy":"post_tag","embeddable":true,"href":"https:\/\/www.elamazonico.com\/portal\/wp-json\/wp\/v2\/tags?post=24156"}],"curies":[{"name":"wp","href":"https:\/\/api.w.org\/{rel}","templated":true}]}}