{"id":24149,"date":"2025-06-09T22:23:45","date_gmt":"2025-06-10T03:23:45","guid":{"rendered":"https:\/\/www.elamazonico.com\/portal\/?p=24149"},"modified":"2025-06-09T22:23:45","modified_gmt":"2025-06-10T03:23:45","slug":"leonidas-iza-anuncia-decisiones-severas-para-asambleistas-de-pachakutik-que-votaron-por-la-ley-de-solidaridad","status":"publish","type":"post","link":"https:\/\/www.elamazonico.com\/portal\/leonidas-iza-anuncia-decisiones-severas-para-asambleistas-de-pachakutik-que-votaron-por-la-ley-de-solidaridad\/","title":{"rendered":"Leonidas Iza anuncia &#8216;decisiones severas&#8217; para asamble\u00edstas de Pachakutik que votaron por la &#8216;Ley de Solidaridad&#8217;"},"content":{"rendered":"<p class=\"p_0\">El presidente de la Confederaci\u00f3n de Nacionalidades Ind\u00edgenas de Ecuador (<b>Conaie<\/b>) y excandidato presidencial,\u00a0<b><a href=\"https:\/\/www.vistazo.com\/cronologia\/-\/meta\/leonidas-iza\" target=\"_blank\" rel=\"noopener noreferrer\">Leonidas Iza<\/a><\/b>, asegur\u00f3 este lunes que los asamble\u00edstas de\u00a0<b>Pachakutik<\/b>\u00a0que respaldaron la aprobaci\u00f3n de la denominada &#8216;<b>Ley de Solidaridad Nacional<\/b>&#8216; impulsada por el Gobierno de Daniel Noboa, se enfrentar\u00e1n a \u00ab<b>decisiones severas<\/b>\u00bb en el pr\u00f3ximo Congreso de la formaci\u00f3n.<\/p>\n<p class=\"p_2\">\u00abEl movimiento Pachakutik tiene sus procedimientos internos que ya est\u00e1n anunciados por el Consejo Pol\u00edtico. La mayor\u00eda, con la participaci\u00f3n de las provincias, efectuar\u00e1n de manera interna y legal lo que corresponda a cada legislador\u00bb, anunci\u00f3 Iza este lunes durante una rueda de prensa.<\/p>\n<p class=\"p_3\">La &#8216;Ley de Solidaridad Nacional&#8217;, enviada con car\u00e1cter\u00a0<b>urgente\u00a0<\/b>por el presidente Noboa, establece disposiciones legales y tributarias para combatir el financiamiento de las\u00a0<b>mafias<\/b>, proteger a la poblaci\u00f3n civil, fortalecer las fuerzas del orden y reactivar econ\u00f3micamente las zonas afectadas por la violencia.<\/p>\n<div class=\"Center2Display\">\n<div id=\"Center2\" data-google-query-id=\"CMHSwqXz5Y0DFdcvTwgd3PcT6A\">\n<div id=\"google_ads_iframe_\/21839199781\/Vistazo\/Vistazo_Center2_0__container__\">Tambi\u00e9n contiene en su texto otras disposiciones como un \u00ab<b>indulto preventivo<\/b>\u00bb en manos del mandatario para salvar de cualquier proceso penal a\u00a0<b>polic\u00edas\u00a0<\/b>y\u00a0<b>militares\u00a0<\/b>que sean investigados y procesados por delitos cometidos en el marco del conflicto armado interno.<\/div>\n<\/div>\n<\/div>\n<p class=\"p_5\">\u00abLamentablemente debo decir que, luego de un an\u00e1lisis con datos, sobre qu\u00e9 ha significado la criminalidad y la violencia en el Ecuador,\u00a0<u>les aseguro que el presidente de la Rep\u00fablica no tiene inter\u00e9s en cambiar la criminalidad ni acabar con los grupos de delincuencia organizada<\/u>\u00ab, asegur\u00f3 Iza.<\/p>\n<p class=\"p_6\">El excandidato presidencial de Pachakutik, en las recientes elecciones generales 2025, justific\u00f3 su afirmaci\u00f3n argumentando que el gobernante \u00abno est\u00e1 pensando en resolver los problemas de la gente\u00bb sino que en realidad est\u00e1n pensadas \u00ab<b>para sus negocios<\/b>\u00ab.<\/p>\n<p class=\"p_7\">\u00ab(Este) es el mejor escenario para tener imp\u00e1vidos y con miedo a la gente y ellos seguir haciendo negocios\u00bb, remarc\u00f3 Iza.<\/p>\n<p class=\"p_9\">Al ser preguntado por si los\u00a0<b>asamble\u00edstas\u00a0<\/b>que respaldaron la promulgaci\u00f3n de esta nueva normativa ser\u00e1n expulsados de Pachakutik, tal y como anunci\u00f3 la coordinaci\u00f3n del movimiento, Iza inform\u00f3 de que se tomar\u00e1 una decisi\u00f3n \u00ab<u>severa frente a los legisladores que han roto el mandato<\/u>\u00ab.<\/p>\n<p class=\"p_10\">El dirigente tambi\u00e9n confirm\u00f3 que ser\u00e1 durante la realizaci\u00f3n del\u00a0<b>Congreso de la Conaie<\/b>, la cual tendr\u00e1 lugar el pr\u00f3ximo mes de julio, cuando se tome el dictamen contra estos representantes de Pachakutik.<\/p>\n<p class=\"p_11\">Adem\u00e1s, lament\u00f3 que \u00ab<u>parte de los legisladores del movimiento Pachakutik, fueron arrastrados por lo com\u00fan y una pol\u00edtica nefasta radicalmente neoliberal<\/u>\u00ab.<\/p>\n<p class=\"p_12\">Tras la aprobaci\u00f3n de la Ley, la\u00a0<b>bancada\u00a0<\/b>ind\u00edgena emiti\u00f3 un comunicado en horas de la madrugada del pasado domingo, en el que insisti\u00f3 en que el respaldo que dieron al oficialismo fue \u00abcon la convicci\u00f3n de que el pa\u00eds exige respuestas firmes, responsables y urgentes ante la grave crisis de\u00a0<b>violencia<\/b>\u00ab. <strong>Fuente: Vistazo<\/strong><\/p>\n","protected":false},"excerpt":{"rendered":"<p>El presidente de la Confederaci\u00f3n de Nacionalidades Ind\u00edgenas de Ecuador (Conaie) y excandidato presidencial,\u00a0Leonidas Iza, asegur\u00f3 este lunes que los asamble\u00edstas de\u00a0Pachakutik\u00a0que respaldaron la aprobaci\u00f3n de la denominada &#8216;Ley de Solidaridad Nacional&#8216; impulsada por el Gobierno de Daniel Noboa, se enfrentar\u00e1n a \u00abdecisiones severas\u00bb en el pr\u00f3ximo Congreso de la formaci\u00f3n. \u00abEl movimiento Pachakutik tiene sus procedimientos internos que ya est\u00e1n anunciados por el Consejo Pol\u00edtico. La mayor\u00eda, con la participaci\u00f3n de las provincias, efectuar\u00e1n de manera interna y legal lo que corresponda a cada legislador\u00bb, anunci\u00f3 Iza este lunes durante una rueda de prensa. La &#8216;Ley de Solidaridad Nacional&#8217;, enviada con car\u00e1cter\u00a0urgente\u00a0por el presidente Noboa, establece disposiciones legales y tributarias para combatir el financiamiento de las\u00a0mafias, proteger a la poblaci\u00f3n civil, fortalecer las fuerzas del orden y reactivar econ\u00f3micamente las zonas afectadas por la violencia. Tambi\u00e9n contiene en su texto otras disposiciones como un \u00abindulto preventivo\u00bb en manos del mandatario para salvar de cualquier proceso penal a\u00a0polic\u00edas\u00a0y\u00a0militares\u00a0que sean investigados y procesados por delitos cometidos en el marco del conflicto armado interno. \u00abLamentablemente debo decir que, luego de un an\u00e1lisis con datos, sobre qu\u00e9 ha significado la criminalidad y la violencia en el Ecuador,\u00a0les aseguro que el presidente de la Rep\u00fablica no tiene inter\u00e9s en cambiar la criminalidad ni acabar con los grupos de delincuencia organizada\u00ab, asegur\u00f3 Iza. El excandidato presidencial de Pachakutik, en las recientes elecciones generales 2025, justific\u00f3 su afirmaci\u00f3n argumentando que el gobernante \u00abno est\u00e1 pensando en resolver los problemas de la gente\u00bb sino que en realidad est\u00e1n pensadas \u00abpara sus negocios\u00ab. \u00ab(Este) es el mejor escenario para tener imp\u00e1vidos y con miedo a la gente y ellos seguir haciendo negocios\u00bb, remarc\u00f3 Iza. Al ser preguntado por si los\u00a0asamble\u00edstas\u00a0que respaldaron la promulgaci\u00f3n de esta nueva normativa ser\u00e1n expulsados de Pachakutik, tal y como anunci\u00f3 la coordinaci\u00f3n del movimiento, Iza inform\u00f3 de que se tomar\u00e1 una decisi\u00f3n \u00absevera frente a los legisladores que han roto el mandato\u00ab. El dirigente tambi\u00e9n confirm\u00f3 que ser\u00e1 durante la realizaci\u00f3n del\u00a0Congreso de la Conaie, la cual tendr\u00e1 lugar el pr\u00f3ximo mes de julio, cuando se tome el dictamen contra estos representantes de Pachakutik. Adem\u00e1s, lament\u00f3 que \u00abparte de los legisladores del movimiento Pachakutik, fueron arrastrados por lo com\u00fan y una pol\u00edtica nefasta radicalmente neoliberal\u00ab. Tras la aprobaci\u00f3n de la Ley, la\u00a0bancada\u00a0ind\u00edgena emiti\u00f3 un comunicado en horas de la madrugada del pasado domingo, en el que insisti\u00f3 en que el respaldo que dieron al oficialismo fue \u00abcon la convicci\u00f3n de que el pa\u00eds exige respuestas firmes, responsables y urgentes ante la grave crisis de\u00a0violencia\u00ab. Fuente: Vistazo<\/p>\n","protected":false},"author":1,"featured_media":24150,"comment_status":"open","ping_status":"open","sticky":false,"template":"","format":"standard","meta":{"footnotes":""},"categories":[268],"tags":[],"class_list":["post-24149","post","type-post","status-publish","format-standard","has-post-thumbnail","hentry","category-nacionales"],"_links":{"self":[{"href":"https:\/\/www.elamazonico.com\/portal\/wp-json\/wp\/v2\/posts\/24149","targetHints":{"allow":["GET"]}}],"collection":[{"href":"https:\/\/www.elamazonico.com\/portal\/wp-json\/wp\/v2\/posts"}],"about":[{"href":"https:\/\/www.elamazonico.com\/portal\/wp-json\/wp\/v2\/types\/post"}],"author":[{"embeddable":true,"href":"https:\/\/www.elamazonico.com\/portal\/wp-json\/wp\/v2\/users\/1"}],"replies":[{"embeddable":true,"href":"https:\/\/www.elamazonico.com\/portal\/wp-json\/wp\/v2\/comments?post=24149"}],"version-history":[{"count":1,"href":"https:\/\/www.elamazonico.com\/portal\/wp-json\/wp\/v2\/posts\/24149\/revisions"}],"predecessor-version":[{"id":24151,"href":"https:\/\/www.elamazonico.com\/portal\/wp-json\/wp\/v2\/posts\/24149\/revisions\/24151"}],"wp:featuredmedia":[{"embeddable":true,"href":"https:\/\/www.elamazonico.com\/portal\/wp-json\/wp\/v2\/media\/24150"}],"wp:attachment":[{"href":"https:\/\/www.elamazonico.com\/portal\/wp-json\/wp\/v2\/media?parent=24149"}],"wp:term":[{"taxonomy":"category","embeddable":true,"href":"https:\/\/www.elamazonico.com\/portal\/wp-json\/wp\/v2\/categories?post=24149"},{"taxonomy":"post_tag","embeddable":true,"href":"https:\/\/www.elamazonico.com\/portal\/wp-json\/wp\/v2\/tags?post=24149"}],"curies":[{"name":"wp","href":"https:\/\/api.w.org\/{rel}","templated":true}]}}