{"id":24146,"date":"2025-06-09T22:21:57","date_gmt":"2025-06-10T03:21:57","guid":{"rendered":"https:\/\/www.elamazonico.com\/portal\/?p=24146"},"modified":"2025-06-09T22:21:57","modified_gmt":"2025-06-10T03:21:57","slug":"comision-de-fiscalizacion-niega-el-juicio-politico-contra-gian-carlo-loffredo-por-el-caso-malvinas","status":"publish","type":"post","link":"https:\/\/www.elamazonico.com\/portal\/comision-de-fiscalizacion-niega-el-juicio-politico-contra-gian-carlo-loffredo-por-el-caso-malvinas\/","title":{"rendered":"Comisi\u00f3n de Fiscalizaci\u00f3n niega el juicio pol\u00edtico contra Gian Carlo Loffredo por el caso Malvinas"},"content":{"rendered":"<div class=\"paragraph texto\">\n<p class=\"p_0\">Con cuatro votos a favor y seis en contra, la\u00a0<b>Comisi\u00f3n de Fiscalizaci\u00f3n no calific\u00f3 el juicio pol\u00edtico\u00a0<\/b>al ministro de Defensa,\u00a0<b><a href=\"https:\/\/www.vistazo.com\/politica\/nacional\/2025-02-25-caso-malvinas-asamblea-responsabiliza-politicamente-ministro-gian-carlo-loffredo-incumplimiento-funciones-FX8880315\">Gian Carlo Loffredo<\/a><\/b>, quien es acusado por el corre\u00edsmo por presunto incumplimiento de funciones.<\/p>\n<p class=\"p_1\">El asamble\u00edsta\u00a0<b>H\u00e9ctor Valladares<\/b>, de Revoluci\u00f3n Ciudadana, plante\u00f3 el proceso de fiscalizaci\u00f3n por tres motivos. El principal es la presunta desaparici\u00f3n forzada de los cuatro ni\u00f1os de\u00a0<u><b>Las Malvinas\u00a0<\/b><\/u>en manos de militares de la Fuerza A\u00e9rea Ecuatoriana (FAE).<\/p>\n<p class=\"p_3\">Tambi\u00e9n, es criticado por su inasistencia al Pleno de la Asamblea y a la Comisi\u00f3n de Fiscalizaci\u00f3n, de la anterior legislatura, para exponer datos sobre el caso Malvinas. Y el tercer elemento, es que las\u00a0<b>fuerzas armadas impidieron el ingreso de Ver\u00f3nica Abad\u00a0<\/b>a la Vicepresidencia.<\/p>\n<div>\n<div>\n<div class=\"trv-player-container\">\n<div class=\"trv-wrapper\">\n<div id=\"br_video_player_d76c4b0798572090032db551fc7d255a7a4d6079\" class=\"trvd_video_player trvdinstream\">\n<div class=\"media-player\">\n<div class=\"trv-video\">\n<div id=\"truvid_ima_container56656\" class=\"truvid_ima_container trv-ima-container-hidden\">\n<div>Sin embargo, este lunes nueve de junio, la actual Comisi\u00f3n de Fiscalizaci\u00f3n, de mayor\u00eda oficialista, no encontr\u00f3 los argumentos suficientes para seguir con el proceso.<\/div>\n<\/div>\n<\/div>\n<\/div>\n<\/div>\n<\/div>\n<\/div>\n<\/div>\n<\/div>\n<p class=\"p_5\">Sobre los ni\u00f1os de Las Malvinas, los asamble\u00edstas de ADN concordaron en que la\u00a0<u><b>Fiscal\u00eda ya tiene un proceso investigativo<\/b><\/u>\u00a0en marcha y que Loffredo no consta en la causa.<\/p>\n<p class=\"p_6\">Es as\u00ed que los legisladores Ferdinan \u00c1lvarez, Nataly Morillo, Paula Villacreces, Fabiola Sanmart\u00edn y Bel\u00e9n Tapia votaron en contra de continuar con el juicio pol\u00edtico. Todos son del movimiento oficialista.<\/p>\n<p class=\"p_7\">El asamble\u00edsta de Pachakutik,\u00a0<u><b>Luis Nango<\/b><\/u>, tambi\u00e9n se sum\u00f3 a esta tendencia y el proceso qued\u00f3 impedido de continuar en esta comisi\u00f3n.<\/p>\n<p class=\"p_8\">Mientras que<u>\u00a0Katherine Bustos, Ana Herrera, Fricson George y Nanki Lauro Saant Juank<\/u>, todos de Revoluci\u00f3n Ciudadana, votaron a favor del juicio.<\/p>\n<p class=\"p_9\">Ahora esta decisi\u00f3n\u00a0<b>deber\u00e1 ser ratificada por el pleno de la Asamblea<\/b>, dominado por la mayor\u00eda af\u00edn al Gobierno.<\/p>\n<p class=\"p_10\">\n<\/div>\n<div class=\"multimediaMacroWrapper img lateral\">\n<figure class=\"contentMedia art-img\">\n<div><img fetchpriority=\"high\" decoding=\"async\" class=\" lazyloaded\" title=\"Comisi\u00f3n de Fiscalizaci\u00f3n.\" src=\"https:\/\/www.vistazo.com\/placeholder\/svg\/viewbox\/768x512\" sizes=\"100vw\" srcset=\"\/\/www.vistazo.com\/binrepository\/768x512\/0c0\/0d0\/none\/12727\/OSIJ\/gtcfhe4xgaawene_2242479_20250609200937.jpg 768w,\/\/www.vistazo.com\/binrepository\/640x427\/0c0\/0d0\/none\/12727\/OSLS\/gtcfhe4xgaawene_2242479_20250609200937.jpg 640w,\/\/www.vistazo.com\/binrepository\/512x341\/0c0\/0d0\/none\/12727\/OSJV\/gtcfhe4xgaawene_2242479_20250609200937.jpg 512w,\/\/www.vistazo.com\/binrepository\/384x256\/0c0\/0d0\/none\/12727\/OSMO\/gtcfhe4xgaawene_2242479_20250609200937.jpg 384w,\/\/www.vistazo.com\/binrepository\/300x200\/0c0\/0d0\/none\/12727\/OSKV\/gtcfhe4xgaawene_2242479_20250609200937.jpg 300w\" alt=\"$!Comisi\u00f3n de Fiscalizaci\u00f3n.\" width=\"768\" height=\"512\" data-srcset=\"\/\/www.vistazo.com\/binrepository\/768x512\/0c0\/0d0\/none\/12727\/OSIJ\/gtcfhe4xgaawene_2242479_20250609200937.jpg 768w,\/\/www.vistazo.com\/binrepository\/640x427\/0c0\/0d0\/none\/12727\/OSLS\/gtcfhe4xgaawene_2242479_20250609200937.jpg 640w,\/\/www.vistazo.com\/binrepository\/512x341\/0c0\/0d0\/none\/12727\/OSJV\/gtcfhe4xgaawene_2242479_20250609200937.jpg 512w,\/\/www.vistazo.com\/binrepository\/384x256\/0c0\/0d0\/none\/12727\/OSMO\/gtcfhe4xgaawene_2242479_20250609200937.jpg 384w,\/\/www.vistazo.com\/binrepository\/300x200\/0c0\/0d0\/none\/12727\/OSKV\/gtcfhe4xgaawene_2242479_20250609200937.jpg 300w\" \/><\/div>\n<div class=\"cutline-byline\"><span class=\"cutline-text\">Comisi\u00f3n de Fiscalizaci\u00f3n.\u00a0<\/span><span class=\"byline-image\">(Foto: Asamblea )<\/span><\/div>\n<\/figure>\n<\/div>\n<h2 class=\"h2vistazo\">REVOLUCI\u00d3N CIUDADANA REACCIONA<\/h2>\n<div class=\"paragraph texto\">\n<p class=\"p_11\">El movimiento corre\u00edsta emiti\u00f3 un comunicado en el que califican a esta decisi\u00f3n como \u201cvergonzosa\u201d.<\/p>\n<p class=\"p_12\">\u201c<b>Optaron por blindar al poder<\/b>, por proteger al Ministro que no compareci\u00f3, no respondi\u00f3 y no pidi\u00f3 perd\u00f3n, seguro tampoco conoce los nombres de los ni\u00f1os\u201d, manifest\u00f3 la RC.<\/p>\n<p class=\"p_13\">Agreg\u00f3 que \u201cellos (los legisladores de AND y Pachakutik)\u00a0<u><b>eligieron la impunidad<\/b><\/u>; nosotros seguimos del lado de la memoria, de las v\u00edctimas, de la verdad. Aunque la justicia est\u00e9 herida, no dejaremos de luchar por ella\u201d. <strong>Fuente: Vistazo<\/strong><\/p>\n<\/div>\n","protected":false},"excerpt":{"rendered":"<p>Con cuatro votos a favor y seis en contra, la\u00a0Comisi\u00f3n de Fiscalizaci\u00f3n no calific\u00f3 el juicio pol\u00edtico\u00a0al ministro de Defensa,\u00a0Gian Carlo Loffredo, quien es acusado por el corre\u00edsmo por presunto incumplimiento de funciones. El asamble\u00edsta\u00a0H\u00e9ctor Valladares, de Revoluci\u00f3n Ciudadana, plante\u00f3 el proceso de fiscalizaci\u00f3n por tres motivos. El principal es la presunta desaparici\u00f3n forzada de los cuatro ni\u00f1os de\u00a0Las Malvinas\u00a0en manos de militares de la Fuerza A\u00e9rea Ecuatoriana (FAE). Tambi\u00e9n, es criticado por su inasistencia al Pleno de la Asamblea y a la Comisi\u00f3n de Fiscalizaci\u00f3n, de la anterior legislatura, para exponer datos sobre el caso Malvinas. Y el tercer elemento, es que las\u00a0fuerzas armadas impidieron el ingreso de Ver\u00f3nica Abad\u00a0a la Vicepresidencia. Sin embargo, este lunes nueve de junio, la actual Comisi\u00f3n de Fiscalizaci\u00f3n, de mayor\u00eda oficialista, no encontr\u00f3 los argumentos suficientes para seguir con el proceso. Sobre los ni\u00f1os de Las Malvinas, los asamble\u00edstas de ADN concordaron en que la\u00a0Fiscal\u00eda ya tiene un proceso investigativo\u00a0en marcha y que Loffredo no consta en la causa. Es as\u00ed que los legisladores Ferdinan \u00c1lvarez, Nataly Morillo, Paula Villacreces, Fabiola Sanmart\u00edn y Bel\u00e9n Tapia votaron en contra de continuar con el juicio pol\u00edtico. Todos son del movimiento oficialista. El asamble\u00edsta de Pachakutik,\u00a0Luis Nango, tambi\u00e9n se sum\u00f3 a esta tendencia y el proceso qued\u00f3 impedido de continuar en esta comisi\u00f3n. Mientras que\u00a0Katherine Bustos, Ana Herrera, Fricson George y Nanki Lauro Saant Juank, todos de Revoluci\u00f3n Ciudadana, votaron a favor del juicio. Ahora esta decisi\u00f3n\u00a0deber\u00e1 ser ratificada por el pleno de la Asamblea, dominado por la mayor\u00eda af\u00edn al Gobierno. Comisi\u00f3n de Fiscalizaci\u00f3n.\u00a0(Foto: Asamblea ) REVOLUCI\u00d3N CIUDADANA REACCIONA El movimiento corre\u00edsta emiti\u00f3 un comunicado en el que califican a esta decisi\u00f3n como \u201cvergonzosa\u201d. \u201cOptaron por blindar al poder, por proteger al Ministro que no compareci\u00f3, no respondi\u00f3 y no pidi\u00f3 perd\u00f3n, seguro tampoco conoce los nombres de los ni\u00f1os\u201d, manifest\u00f3 la RC. Agreg\u00f3 que \u201cellos (los legisladores de AND y Pachakutik)\u00a0eligieron la impunidad; nosotros seguimos del lado de la memoria, de las v\u00edctimas, de la verdad. Aunque la justicia est\u00e9 herida, no dejaremos de luchar por ella\u201d. Fuente: Vistazo<\/p>\n","protected":false},"author":1,"featured_media":24147,"comment_status":"open","ping_status":"open","sticky":false,"template":"","format":"standard","meta":{"footnotes":""},"categories":[268],"tags":[],"class_list":["post-24146","post","type-post","status-publish","format-standard","has-post-thumbnail","hentry","category-nacionales"],"_links":{"self":[{"href":"https:\/\/www.elamazonico.com\/portal\/wp-json\/wp\/v2\/posts\/24146","targetHints":{"allow":["GET"]}}],"collection":[{"href":"https:\/\/www.elamazonico.com\/portal\/wp-json\/wp\/v2\/posts"}],"about":[{"href":"https:\/\/www.elamazonico.com\/portal\/wp-json\/wp\/v2\/types\/post"}],"author":[{"embeddable":true,"href":"https:\/\/www.elamazonico.com\/portal\/wp-json\/wp\/v2\/users\/1"}],"replies":[{"embeddable":true,"href":"https:\/\/www.elamazonico.com\/portal\/wp-json\/wp\/v2\/comments?post=24146"}],"version-history":[{"count":1,"href":"https:\/\/www.elamazonico.com\/portal\/wp-json\/wp\/v2\/posts\/24146\/revisions"}],"predecessor-version":[{"id":24148,"href":"https:\/\/www.elamazonico.com\/portal\/wp-json\/wp\/v2\/posts\/24146\/revisions\/24148"}],"wp:featuredmedia":[{"embeddable":true,"href":"https:\/\/www.elamazonico.com\/portal\/wp-json\/wp\/v2\/media\/24147"}],"wp:attachment":[{"href":"https:\/\/www.elamazonico.com\/portal\/wp-json\/wp\/v2\/media?parent=24146"}],"wp:term":[{"taxonomy":"category","embeddable":true,"href":"https:\/\/www.elamazonico.com\/portal\/wp-json\/wp\/v2\/categories?post=24146"},{"taxonomy":"post_tag","embeddable":true,"href":"https:\/\/www.elamazonico.com\/portal\/wp-json\/wp\/v2\/tags?post=24146"}],"curies":[{"name":"wp","href":"https:\/\/api.w.org\/{rel}","templated":true}]}}