{"id":24140,"date":"2025-06-09T22:08:14","date_gmt":"2025-06-10T03:08:14","guid":{"rendered":"https:\/\/www.elamazonico.com\/portal\/?p=24140"},"modified":"2025-06-09T22:12:26","modified_gmt":"2025-06-10T03:12:26","slug":"cuenta-regresiva-para-el-cierre-del-ano-escolar-2024-2025","status":"publish","type":"post","link":"https:\/\/www.elamazonico.com\/portal\/cuenta-regresiva-para-el-cierre-del-ano-escolar-2024-2025\/","title":{"rendered":"Cuenta regresiva para el cierre del a\u00f1o escolar 2024-2025"},"content":{"rendered":"<p>El pr\u00f3ximo 1 de julio culminar\u00e1 oficialmente el a\u00f1o lectivo 2024-2025 para 1.727.355 estudiantes de los niveles de Inicial a Bachillerato, distribuidos en 6.741 instituciones educativas de la Sierra y Amazon\u00eda.<\/p>\n<p>Junto a ellos, 99.979 docentes cerrar\u00e1n el ciclo escolar y 121.829 j\u00f3venes de\u00a0<strong>tercero de Bachillerato<\/strong>\u00a0concretar\u00e1n su graduaci\u00f3n.<\/p>\n<p>De acuerdo con el cronograma establecido por el<strong>\u00a0Ministerio de Educaci\u00f3n<\/strong>, los estudiantes de instituciones fiscales que deban rendir supletorios asistir\u00e1n a clases de recuperaci\u00f3n entre el 2 y el 4 de julio. Posteriormente, las calificaciones se entregar\u00e1n hasta el 9 de julio, fecha en la que tambi\u00e9n se realizar\u00e1n las juntas correspondientes para definir la promoci\u00f3n de los alumnos.<\/p>\n<p>Tras este proceso, el personal docente iniciar\u00e1 su per\u00edodo de<strong>\u00a0vacaciones ininterrumpidas<\/strong>\u00a0del 10 de julio al 8 de agosto de 2025. Esta pausa representa un momento clave para la planificaci\u00f3n del pr\u00f3ximo\u00a0<strong>a\u00f1o escolar,<\/strong>\u00a0adem\u00e1s de ser un merecido descanso tras el cierre de un a\u00f1o acad\u00e9mico intenso en todo el pa\u00eds.<\/p>\n<p>El Ministerio de Educaci\u00f3n mantendr\u00e1 habilitada, del 5 al 17 de agosto de 2025, la p\u00e1gina web\u00a0<a href=\"https:\/\/juntos.educacion.gob.ec\/\">https:\/\/juntos.educacion.gob.ec<\/a>, donde se podr\u00e1 realizar el proceso de matr\u00edcula y\/o traslado ordinario de estudiantes que deseen acceder a la educaci\u00f3n fiscal, en todos los niveles y modalidades. Este proceso deber\u00e1 cumplirse de acuerdo con el cronograma establecido, la disponibilidad de oferta educativa y la ubicaci\u00f3n domiciliaria del estudiante.<\/p>\n<p>En caso de que el representante legal de un estudiante requiera asistencia durante el proceso, las direcciones distritales contar\u00e1n con operadores telef\u00f3nicos y personal capacitado para atender inquietudes y asegurar el correcto desarrollo del tr\u00e1mite educativo. El\u00a0<strong>cronograma de matr\u00edculas<\/strong>\u00a0ordinarias se organizar\u00e1 seg\u00fan el nivel y subnivel educativo:<\/p>\n<p><img fetchpriority=\"high\" decoding=\"async\" title=\"Cronograma de matr\u00edculas - Ministerio de Educaci\u00f3n \" src=\"https:\/\/www.eltelegrafo.com.ec\/images\/Fotos_ElTelegrafo\/tabla_1_1.png?ver=1749501370948\" alt=\"Cronograma de matr\u00edculas\" width=\"687\" height=\"199\" \/><\/p>\n<p>Como es habitual en las instituciones educativas de sostenimiento fiscal, el personal docente retornar\u00e1 a los establecimientos d\u00edas antes del regreso total de la comunidad educativa a las aulas. Se tiene previsto que los docentes retornen a las instituciones el 12 de agosto, y que los estudiantes lo hagan de forma escalonada a partir del 1 de septiembre de 2025, seg\u00fan el siguiente\u00a0<strong>cronograma:<\/strong><\/p>\n<p><img decoding=\"async\" title=\"Ministerio de Educaci\u00f3n\" src=\"https:\/\/www.eltelegrafo.com.ec\/images\/Fotos_ElTelegrafo\/tabla_2_1.png?ver=1749501450052\" alt=\"Cronograma de retorno a las aulas\" width=\"546\" height=\"175\" \/><\/p>\n<p>Por su parte, con el fin de cumplir con los 200 d\u00edas laborables establecidos, las instituciones\u00a0<strong>educativas municipales, fiscomisionales y particulares<\/strong>\u00a0deber\u00e1n elaborar y socializar sus propios cronogramas escolares. Estas instituciones podr\u00e1n, de forma voluntaria, acogerse al cronograma definido para las unidades educativas fiscales.<\/p>\n<h2>Para bachilleres<\/h2>\n<p>El Ministerio de Educaci\u00f3n inform\u00f3 que el sistema inform\u00e1tico de titulaci\u00f3n para todas las instituciones educativas estar\u00e1 habilitado hasta el inicio del siguiente a\u00f1o lectivo. En casos espec\u00edficos posteriores, se habilitar\u00e1 y socializar\u00e1 oportunamente.<br \/>\nLas instituciones educativas de todos los sostenimientos deber\u00e1n registrar en el sistema inform\u00e1tico del Ministerio de Educaci\u00f3n las\u00a0<strong>calificaciones<\/strong>\u00a0necesarias para cumplir con la normativa vigente. Este registro es esencial para garantizar la validez de los t\u00edtulos de bachiller y facilitar el acceso a la educaci\u00f3n superior.<\/p>\n<h2>Para futuros bachilleres<\/h2>\n<p>Con respecto a la modificaci\u00f3n de fechas en el calendario escolar, las instituciones educativas que no sean de sostenimiento fiscal y que deseen modificar las fechas de inicio del a\u00f1o escolar deber\u00e1n considerar, en sus propios cronogramas, las fechas establecidas por la<strong>\u00a0Secretar\u00eda de Educaci\u00f3n Superior, Ciencia, Tecnolog\u00eda e Innovaci\u00f3n<\/strong> (Senescyt). Esto permitir\u00e1 que, al cierre del a\u00f1o lectivo 2025-2026, los procesos de acceso a la educaci\u00f3n superior coincidan adecuadamente.<strong> Fuente: El Tel\u00e9grafo<\/strong><\/p>\n<p>&nbsp;<\/p>\n","protected":false},"excerpt":{"rendered":"<p>El pr\u00f3ximo 1 de julio culminar\u00e1 oficialmente el a\u00f1o lectivo 2024-2025 para 1.727.355 estudiantes de los niveles de Inicial a Bachillerato, distribuidos en 6.741 instituciones educativas de la Sierra y Amazon\u00eda. Junto a ellos, 99.979 docentes cerrar\u00e1n el ciclo escolar y 121.829 j\u00f3venes de\u00a0tercero de Bachillerato\u00a0concretar\u00e1n su graduaci\u00f3n. De acuerdo con el cronograma establecido por el\u00a0Ministerio de Educaci\u00f3n, los estudiantes de instituciones fiscales que deban rendir supletorios asistir\u00e1n a clases de recuperaci\u00f3n entre el 2 y el 4 de julio. Posteriormente, las calificaciones se entregar\u00e1n hasta el 9 de julio, fecha en la que tambi\u00e9n se realizar\u00e1n las juntas correspondientes para definir la promoci\u00f3n de los alumnos. Tras este proceso, el personal docente iniciar\u00e1 su per\u00edodo de\u00a0vacaciones ininterrumpidas\u00a0del 10 de julio al 8 de agosto de 2025. Esta pausa representa un momento clave para la planificaci\u00f3n del pr\u00f3ximo\u00a0a\u00f1o escolar,\u00a0adem\u00e1s de ser un merecido descanso tras el cierre de un a\u00f1o acad\u00e9mico intenso en todo el pa\u00eds. El Ministerio de Educaci\u00f3n mantendr\u00e1 habilitada, del 5 al 17 de agosto de 2025, la p\u00e1gina web\u00a0https:\/\/juntos.educacion.gob.ec, donde se podr\u00e1 realizar el proceso de matr\u00edcula y\/o traslado ordinario de estudiantes que deseen acceder a la educaci\u00f3n fiscal, en todos los niveles y modalidades. Este proceso deber\u00e1 cumplirse de acuerdo con el cronograma establecido, la disponibilidad de oferta educativa y la ubicaci\u00f3n domiciliaria del estudiante. En caso de que el representante legal de un estudiante requiera asistencia durante el proceso, las direcciones distritales contar\u00e1n con operadores telef\u00f3nicos y personal capacitado para atender inquietudes y asegurar el correcto desarrollo del tr\u00e1mite educativo. El\u00a0cronograma de matr\u00edculas\u00a0ordinarias se organizar\u00e1 seg\u00fan el nivel y subnivel educativo: Como es habitual en las instituciones educativas de sostenimiento fiscal, el personal docente retornar\u00e1 a los establecimientos d\u00edas antes del regreso total de la comunidad educativa a las aulas. Se tiene previsto que los docentes retornen a las instituciones el 12 de agosto, y que los estudiantes lo hagan de forma escalonada a partir del 1 de septiembre de 2025, seg\u00fan el siguiente\u00a0cronograma: Por su parte, con el fin de cumplir con los 200 d\u00edas laborables establecidos, las instituciones\u00a0educativas municipales, fiscomisionales y particulares\u00a0deber\u00e1n elaborar y socializar sus propios cronogramas escolares. Estas instituciones podr\u00e1n, de forma voluntaria, acogerse al cronograma definido para las unidades educativas fiscales. Para bachilleres El Ministerio de Educaci\u00f3n inform\u00f3 que el sistema inform\u00e1tico de titulaci\u00f3n para todas las instituciones educativas estar\u00e1 habilitado hasta el inicio del siguiente a\u00f1o lectivo. En casos espec\u00edficos posteriores, se habilitar\u00e1 y socializar\u00e1 oportunamente. Las instituciones educativas de todos los sostenimientos deber\u00e1n registrar en el sistema inform\u00e1tico del Ministerio de Educaci\u00f3n las\u00a0calificaciones\u00a0necesarias para cumplir con la normativa vigente. Este registro es esencial para garantizar la validez de los t\u00edtulos de bachiller y facilitar el acceso a la educaci\u00f3n superior. Para futuros bachilleres Con respecto a la modificaci\u00f3n de fechas en el calendario escolar, las instituciones educativas que no sean de sostenimiento fiscal y que deseen modificar las fechas de inicio del a\u00f1o escolar deber\u00e1n considerar, en sus propios cronogramas, las fechas establecidas por la\u00a0Secretar\u00eda de Educaci\u00f3n Superior, Ciencia, Tecnolog\u00eda e Innovaci\u00f3n (Senescyt). Esto permitir\u00e1 que, al cierre del a\u00f1o lectivo 2025-2026, los procesos de acceso a la educaci\u00f3n superior coincidan adecuadamente. Fuente: El Tel\u00e9grafo &nbsp;<\/p>\n","protected":false},"author":1,"featured_media":24141,"comment_status":"open","ping_status":"open","sticky":false,"template":"","format":"standard","meta":{"footnotes":""},"categories":[268],"tags":[],"class_list":["post-24140","post","type-post","status-publish","format-standard","has-post-thumbnail","hentry","category-nacionales"],"_links":{"self":[{"href":"https:\/\/www.elamazonico.com\/portal\/wp-json\/wp\/v2\/posts\/24140","targetHints":{"allow":["GET"]}}],"collection":[{"href":"https:\/\/www.elamazonico.com\/portal\/wp-json\/wp\/v2\/posts"}],"about":[{"href":"https:\/\/www.elamazonico.com\/portal\/wp-json\/wp\/v2\/types\/post"}],"author":[{"embeddable":true,"href":"https:\/\/www.elamazonico.com\/portal\/wp-json\/wp\/v2\/users\/1"}],"replies":[{"embeddable":true,"href":"https:\/\/www.elamazonico.com\/portal\/wp-json\/wp\/v2\/comments?post=24140"}],"version-history":[{"count":1,"href":"https:\/\/www.elamazonico.com\/portal\/wp-json\/wp\/v2\/posts\/24140\/revisions"}],"predecessor-version":[{"id":24142,"href":"https:\/\/www.elamazonico.com\/portal\/wp-json\/wp\/v2\/posts\/24140\/revisions\/24142"}],"wp:featuredmedia":[{"embeddable":true,"href":"https:\/\/www.elamazonico.com\/portal\/wp-json\/wp\/v2\/media\/24141"}],"wp:attachment":[{"href":"https:\/\/www.elamazonico.com\/portal\/wp-json\/wp\/v2\/media?parent=24140"}],"wp:term":[{"taxonomy":"category","embeddable":true,"href":"https:\/\/www.elamazonico.com\/portal\/wp-json\/wp\/v2\/categories?post=24140"},{"taxonomy":"post_tag","embeddable":true,"href":"https:\/\/www.elamazonico.com\/portal\/wp-json\/wp\/v2\/tags?post=24140"}],"curies":[{"name":"wp","href":"https:\/\/api.w.org\/{rel}","templated":true}]}}