{"id":24126,"date":"2025-06-09T17:03:28","date_gmt":"2025-06-09T22:03:28","guid":{"rendered":"https:\/\/www.elamazonico.com\/portal\/?p=24126"},"modified":"2025-06-09T17:03:28","modified_gmt":"2025-06-09T22:03:28","slug":"policias-implicados-en-red-narco-del-gato-farfan-iran-a-juicio-por-caso-jaguar-asi-era-el-modus-operandi","status":"publish","type":"post","link":"https:\/\/www.elamazonico.com\/portal\/policias-implicados-en-red-narco-del-gato-farfan-iran-a-juicio-por-caso-jaguar-asi-era-el-modus-operandi\/","title":{"rendered":"Polic\u00edas implicados en red narco del &#8216;Gato Farf\u00e1n&#8217; ir\u00e1n a juicio por &#8216;Caso Jaguar&#8217;: as\u00ed era el modus operandi"},"content":{"rendered":"<div class=\"paragraph texto\">\n<p class=\"p_0\">Trece presuntos integrantes de una red de\u00a0<b>narcotr\u00e1fico<\/b>, que tendr\u00eda supuestos v\u00ednculos con el narcotraficante Wilder S\u00e1nchez, alias \u2018<b><a href=\"https:\/\/www.vistazo.com\/actualidad\/nacional\/circulo-cercano-del-gato-farfan-es-sentenciado-por-blanquear-mas-de-115-millones-del-narcotrafico-YA7345089\" target=\"_blank\" rel=\"noopener noreferrer\">Gato Farf\u00e1n<\/a><\/b>\u2019, fueron llamados a juicio por el delito de delincuencia organizada en la trama denominada como &#8216;<b>Caso Jaguar<\/b>&#8216;.<\/p>\n<p class=\"p_1\">El Juez de la Unidad Especializada para el Juzgamiento de Delitos Relacionados con Corrupci\u00f3n y Crimen Organizado que conoci\u00f3 la causa acept\u00f3 el pedido de la Fiscal\u00eda General del Estado y\u00a0<b>llam\u00f3 a juicio<\/b> a Olger O., Shirley R., Jorge S., Enmer P., Bryan T., Marjorie C., Juan O., Daniel M., Byron N., Kl\u00e9ver E., Luis A., Alberto D. y Jos\u00e9 F.<\/p>\n<p class=\"p_3\">Durante la audiencia preparatoria de juicio, el fiscal present\u00f3 su\u00a0<b>dictamen acusatorio<\/b>\u00a0con base en los elementos de convicci\u00f3n recabados durante la investigaci\u00f3n. La detenci\u00f3n ocurri\u00f3 el 18 de abril de 2024 durante un operativo, en el que se desarticul\u00f3 un grupo que ser\u00eda parte de una estructura delictiva con\u00a0<u>nexos con c\u00e1rteles extranjeros para cometer tr\u00e1fico de drogas<\/u>.<\/p>\n<div>\n<div class=\"trv-player-container\">\n<div class=\"trv-wrapper\">\n<div id=\"br_video_player_0d2dde2a494f98c590c4f8f821d3965a7a4d6079\" class=\"trvd_video_player trvdinstream\">\n<div class=\"media-player\">\n<div class=\"trv-video\">\n<div id=\"truvid_ima_container84282\" class=\"truvid_ima_container trv-ima-container-hidden\">\n<div>En ese operativo, realizado en ocho provincias del pa\u00eds, se detuvo a catorce personas, entre ellas <b>diez polic\u00edas<\/b>. Siete de los uniformados detenidos estaban en servicio activo y otros tres en servicio pasivo.<\/div>\n<\/div>\n<\/div>\n<\/div>\n<\/div>\n<\/div>\n<\/div>\n<\/div>\n<\/div>\n<h2 class=\"h2vistazo\">Polic\u00edas implicados en red narco del &#8216;Gato Farf\u00e1n&#8217;<\/h2>\n<div class=\"paragraph texto\">\n<p class=\"p_5\">Los elementos de convicci\u00f3n revelaron que los procesados eran parte de una estructura delictiva que ten\u00eda v\u00ednculos con organizaciones y carteles extranjeros, principalmente con Wilder S\u00e1nchez, alias \u201c<b>Gato Farf\u00e1n<\/b>\u201d, l\u00edder de una estructura delictiva transnacional que enviaba droga desde Ecuador hacia M\u00e9xico para el Cartel de Sinaloa.<\/p>\n<p class=\"p_6\">Este caso tuvo como base una instrucci\u00f3n fiscal abierta en\u00a0<b>Napo\u00a0<\/b>por el\u00a0<u>robo perpetrado en abril de 2022 a la ex Secretar\u00eda T\u00e9cnica de Drogas<\/u>\u00a0de esa provincia, de donde se sustrajeron 2.350 kilos de clorhidrato de\u00a0<b>coca\u00edna<\/b>. Seg\u00fan lo explicado en la audiencia, el prop\u00f3sito de este grupo estructurado hab\u00eda sido\u00a0<b>recuperar\u00a0<\/b>el alcaloide.<\/p>\n<p class=\"p_8\">La\u00a0<b>recuperaci\u00f3n\u00a0<\/b>de la\u00a0<b>droga\u00a0<\/b>\u2013por parte de la organizaci\u00f3n\u2013 se llev\u00f3 a cabo, utilizando una camioneta doble cabina y vestimentas similares a las que usa la\u00a0<b>Polic\u00eda<\/b>. Esa sustancia hab\u00eda sido previamente incautada a \u2018Gato Farf\u00e1n\u2019.<\/p>\n<p class=\"p_9\">Por este hecho, posteriormente, tres personas fueron detenidas durante un operativo, entre ellas Juan O. Por su parte, el procesado Olger O. (<b>expolic\u00eda<\/b>) habr\u00eda ofrecido\u00a0<b>d\u00e1divas\u00a0<\/b>para que el cami\u00f3n con droga no sea revisado por agentes policiales, mientras que los otros procesados habr\u00edan recibido dinero y colaborado en la compra de los automotores en Quito, mismos que luego fueron trasladados al Tena para recuperar el estupefaciente.<\/p>\n<p class=\"p_10\">El procesado Jorge S., primo de Juan O., habr\u00eda recibido la transferencia del dinero para la adquisici\u00f3n de los\u00a0<b>veh\u00edculos<\/b>. En cuanto a Shirley R., el Fiscal indic\u00f3 que ella tambi\u00e9n habr\u00eda receptado una parte del dinero en una\u00a0<b>helader\u00eda\u00a0<\/b>en Santo Domingo de los Ts\u00e1chilas.<\/p>\n<p class=\"p_11\">Seg\u00fan la investigaci\u00f3n, los polic\u00edas involucrados recib\u00edan grandes cantidades de dinero de las mafias del\u00a0<b>narcotr\u00e1fico\u00a0<\/b>para tener acceso a informaci\u00f3n privilegiada y lograr tambi\u00e9n certificaciones falsas para el uso de armas.<\/p>\n<p class=\"p_12\">En los registros a los inmuebles se incautaron aproximadamente 750.000 d\u00f3lares en efectivo, dos veh\u00edculos, cinco armas de fuego, municiones de diferentes calibres, tel\u00e9fonos m\u00f3viles y otros dispositivos electr\u00f3nicos.<\/p>\n<p class=\"p_13\">El art\u00edculo 369 del C\u00f3digo Org\u00e1nico Integral Penal (COIP) sanciona el delito de delincuencia organizada con una pena privativa de libertad de diez a trece a\u00f1os, considerando que el hecho se cometi\u00f3 antes de la \u00faltima reforma de dicho cuerpo normativo.<\/p>\n<\/div>\n","protected":false},"excerpt":{"rendered":"<p>Trece presuntos integrantes de una red de\u00a0narcotr\u00e1fico, que tendr\u00eda supuestos v\u00ednculos con el narcotraficante Wilder S\u00e1nchez, alias \u2018Gato Farf\u00e1n\u2019, fueron llamados a juicio por el delito de delincuencia organizada en la trama denominada como &#8216;Caso Jaguar&#8216;. El Juez de la Unidad Especializada para el Juzgamiento de Delitos Relacionados con Corrupci\u00f3n y Crimen Organizado que conoci\u00f3 la causa acept\u00f3 el pedido de la Fiscal\u00eda General del Estado y\u00a0llam\u00f3 a juicio a Olger O., Shirley R., Jorge S., Enmer P., Bryan T., Marjorie C., Juan O., Daniel M., Byron N., Kl\u00e9ver E., Luis A., Alberto D. y Jos\u00e9 F. Durante la audiencia preparatoria de juicio, el fiscal present\u00f3 su\u00a0dictamen acusatorio\u00a0con base en los elementos de convicci\u00f3n recabados durante la investigaci\u00f3n. La detenci\u00f3n ocurri\u00f3 el 18 de abril de 2024 durante un operativo, en el que se desarticul\u00f3 un grupo que ser\u00eda parte de una estructura delictiva con\u00a0nexos con c\u00e1rteles extranjeros para cometer tr\u00e1fico de drogas. En ese operativo, realizado en ocho provincias del pa\u00eds, se detuvo a catorce personas, entre ellas diez polic\u00edas. Siete de los uniformados detenidos estaban en servicio activo y otros tres en servicio pasivo. Polic\u00edas implicados en red narco del &#8216;Gato Farf\u00e1n&#8217; Los elementos de convicci\u00f3n revelaron que los procesados eran parte de una estructura delictiva que ten\u00eda v\u00ednculos con organizaciones y carteles extranjeros, principalmente con Wilder S\u00e1nchez, alias \u201cGato Farf\u00e1n\u201d, l\u00edder de una estructura delictiva transnacional que enviaba droga desde Ecuador hacia M\u00e9xico para el Cartel de Sinaloa. Este caso tuvo como base una instrucci\u00f3n fiscal abierta en\u00a0Napo\u00a0por el\u00a0robo perpetrado en abril de 2022 a la ex Secretar\u00eda T\u00e9cnica de Drogas\u00a0de esa provincia, de donde se sustrajeron 2.350 kilos de clorhidrato de\u00a0coca\u00edna. Seg\u00fan lo explicado en la audiencia, el prop\u00f3sito de este grupo estructurado hab\u00eda sido\u00a0recuperar\u00a0el alcaloide. La\u00a0recuperaci\u00f3n\u00a0de la\u00a0droga\u00a0\u2013por parte de la organizaci\u00f3n\u2013 se llev\u00f3 a cabo, utilizando una camioneta doble cabina y vestimentas similares a las que usa la\u00a0Polic\u00eda. Esa sustancia hab\u00eda sido previamente incautada a \u2018Gato Farf\u00e1n\u2019. Por este hecho, posteriormente, tres personas fueron detenidas durante un operativo, entre ellas Juan O. Por su parte, el procesado Olger O. (expolic\u00eda) habr\u00eda ofrecido\u00a0d\u00e1divas\u00a0para que el cami\u00f3n con droga no sea revisado por agentes policiales, mientras que los otros procesados habr\u00edan recibido dinero y colaborado en la compra de los automotores en Quito, mismos que luego fueron trasladados al Tena para recuperar el estupefaciente. El procesado Jorge S., primo de Juan O., habr\u00eda recibido la transferencia del dinero para la adquisici\u00f3n de los\u00a0veh\u00edculos. En cuanto a Shirley R., el Fiscal indic\u00f3 que ella tambi\u00e9n habr\u00eda receptado una parte del dinero en una\u00a0helader\u00eda\u00a0en Santo Domingo de los Ts\u00e1chilas. Seg\u00fan la investigaci\u00f3n, los polic\u00edas involucrados recib\u00edan grandes cantidades de dinero de las mafias del\u00a0narcotr\u00e1fico\u00a0para tener acceso a informaci\u00f3n privilegiada y lograr tambi\u00e9n certificaciones falsas para el uso de armas. En los registros a los inmuebles se incautaron aproximadamente 750.000 d\u00f3lares en efectivo, dos veh\u00edculos, cinco armas de fuego, municiones de diferentes calibres, tel\u00e9fonos m\u00f3viles y otros dispositivos electr\u00f3nicos. El art\u00edculo 369 del C\u00f3digo Org\u00e1nico Integral Penal (COIP) sanciona el delito de delincuencia organizada con una pena privativa de libertad de diez a trece a\u00f1os, considerando que el hecho se cometi\u00f3 antes de la \u00faltima reforma de dicho cuerpo normativo.<\/p>\n","protected":false},"author":1,"featured_media":24127,"comment_status":"open","ping_status":"open","sticky":false,"template":"","format":"standard","meta":{"footnotes":""},"categories":[268],"tags":[],"class_list":["post-24126","post","type-post","status-publish","format-standard","has-post-thumbnail","hentry","category-nacionales"],"_links":{"self":[{"href":"https:\/\/www.elamazonico.com\/portal\/wp-json\/wp\/v2\/posts\/24126","targetHints":{"allow":["GET"]}}],"collection":[{"href":"https:\/\/www.elamazonico.com\/portal\/wp-json\/wp\/v2\/posts"}],"about":[{"href":"https:\/\/www.elamazonico.com\/portal\/wp-json\/wp\/v2\/types\/post"}],"author":[{"embeddable":true,"href":"https:\/\/www.elamazonico.com\/portal\/wp-json\/wp\/v2\/users\/1"}],"replies":[{"embeddable":true,"href":"https:\/\/www.elamazonico.com\/portal\/wp-json\/wp\/v2\/comments?post=24126"}],"version-history":[{"count":1,"href":"https:\/\/www.elamazonico.com\/portal\/wp-json\/wp\/v2\/posts\/24126\/revisions"}],"predecessor-version":[{"id":24128,"href":"https:\/\/www.elamazonico.com\/portal\/wp-json\/wp\/v2\/posts\/24126\/revisions\/24128"}],"wp:featuredmedia":[{"embeddable":true,"href":"https:\/\/www.elamazonico.com\/portal\/wp-json\/wp\/v2\/media\/24127"}],"wp:attachment":[{"href":"https:\/\/www.elamazonico.com\/portal\/wp-json\/wp\/v2\/media?parent=24126"}],"wp:term":[{"taxonomy":"category","embeddable":true,"href":"https:\/\/www.elamazonico.com\/portal\/wp-json\/wp\/v2\/categories?post=24126"},{"taxonomy":"post_tag","embeddable":true,"href":"https:\/\/www.elamazonico.com\/portal\/wp-json\/wp\/v2\/tags?post=24126"}],"curies":[{"name":"wp","href":"https:\/\/api.w.org\/{rel}","templated":true}]}}