{"id":24107,"date":"2025-06-08T08:21:01","date_gmt":"2025-06-08T13:21:01","guid":{"rendered":"https:\/\/www.elamazonico.com\/portal\/?p=24107"},"modified":"2025-06-08T08:21:01","modified_gmt":"2025-06-08T13:21:01","slug":"daniel-noboa-condena-el-atentado-en-contra-del-senador-colombiano-miguel-uribe-turbay","status":"publish","type":"post","link":"https:\/\/www.elamazonico.com\/portal\/daniel-noboa-condena-el-atentado-en-contra-del-senador-colombiano-miguel-uribe-turbay\/","title":{"rendered":"Daniel Noboa condena el atentado en contra del senador colombiano Miguel Uribe Turbay"},"content":{"rendered":"<div class=\"paragraph texto\">\n<p class=\"p_0\"><b>El presidente de Ecuador,\u00a0<a href=\"https:\/\/www.vistazo.com\/cronologia\/-\/meta\/daniel-noboa\">Daniel Noboa<\/a>, se solidariz\u00f3 hoy con la familia del senador Miguel Uribe Turbay, precandidato presidencial del partido derechista Centro Democr\u00e1tico, quien fue herido de gravedad este s\u00e1bado, y conden\u00f3 todo tipo de violencia.<\/b><\/p>\n<p class=\"p_2\">\u00abCon profundo dolor,\u00a0<b>acompa\u00f1o a la familia del senador Miguel Uribe en este momento tan duro<\/b>. Mi respeto y oraciones est\u00e1n con ustedes\u00bb, escribi\u00f3 en su cuenta de la red social X.<\/p>\n<p class=\"p_3\">Agreg\u00f3:\u00a0<b>\u00abCondenamos toda forma de violencia e intolerancia. No est\u00e1n solos\u00bb.<\/b><\/p>\n<div class=\"Center2Display\">\n<div id=\"Center2\" data-google-query-id=\"CJKzq__04Y0DFbwcigMd_Gsk8A\">\n<div id=\"google_ads_iframe_\/21839199781\/Vistazo\/Vistazo_Center2_0__container__\"><b>Uribe Turbay<\/b>, de 39 a\u00f1os,\u00a0<b>recibi\u00f3 varios disparos cuando realizaba un acto de campa\u00f1a en un parque del barrio Modelia<\/b>, en el oeste de Bogot\u00e1, y fue trasladado herido de gravedad a una cl\u00ednica de la capital colombiana por sus colaboradores, que en v\u00eddeos divulgados en redes sociales, se ve como lo cargan ensangrentado.<\/div>\n<\/div>\n<\/div>\n<p class=\"p_5\">La Presidencia de Ecuador subray\u00f3 posteriormente en un comunicado que \u00ab<b>la violencia pol\u00edtica ni ning\u00fan tipo de violencia pueden ser toleradas\u00a0<\/b>ni tener cabida en sociedades democr\u00e1ticas y pluralistas\u00bb.<\/p>\n<\/div>\n<div class=\"multimediaMacroWrapper img lateral\">\n<figure class=\"contentMedia art-img\">\n<div><img fetchpriority=\"high\" decoding=\"async\" class=\" lazyloaded\" title=\"Fotograf\u00eda de archivo del presidente de Ecuador, Daniel Noboa.\" src=\"https:\/\/www.vistazo.com\/placeholder\/svg\/viewbox\/768x513\" sizes=\"100vw\" srcset=\"\/\/www.vistazo.com\/binrepository\/768x513\/0c0\/0d0\/none\/12727\/YWDP\/20240404100252-gye-inauguracion-hospi_2239593_20250608074229.jpg 768w,\/\/www.vistazo.com\/binrepository\/640x428\/0c0\/0d0\/none\/12727\/YWDN\/20240404100252-gye-inauguracion-hospi_2239593_20250608074229.jpg 640w,\/\/www.vistazo.com\/binrepository\/512x342\/0c0\/0d0\/none\/12727\/YWDC\/20240404100252-gye-inauguracion-hospi_2239593_20250608074229.jpg 512w,\/\/www.vistazo.com\/binrepository\/384x257\/0c0\/0d0\/none\/12727\/YWDO\/20240404100252-gye-inauguracion-hospi_2239593_20250608074229.jpg 384w,\/\/www.vistazo.com\/binrepository\/300x200\/0c0\/0d0\/none\/12727\/YWDA\/20240404100252-gye-inauguracion-hospi_2239593_20250608074229.jpg 300w\" alt=\"$!Fotograf\u00eda de archivo del presidente de Ecuador, Daniel Noboa.\" width=\"768\" height=\"513\" data-srcset=\"\/\/www.vistazo.com\/binrepository\/768x513\/0c0\/0d0\/none\/12727\/YWDP\/20240404100252-gye-inauguracion-hospi_2239593_20250608074229.jpg 768w,\/\/www.vistazo.com\/binrepository\/640x428\/0c0\/0d0\/none\/12727\/YWDN\/20240404100252-gye-inauguracion-hospi_2239593_20250608074229.jpg 640w,\/\/www.vistazo.com\/binrepository\/512x342\/0c0\/0d0\/none\/12727\/YWDC\/20240404100252-gye-inauguracion-hospi_2239593_20250608074229.jpg 512w,\/\/www.vistazo.com\/binrepository\/384x257\/0c0\/0d0\/none\/12727\/YWDO\/20240404100252-gye-inauguracion-hospi_2239593_20250608074229.jpg 384w,\/\/www.vistazo.com\/binrepository\/300x200\/0c0\/0d0\/none\/12727\/YWDA\/20240404100252-gye-inauguracion-hospi_2239593_20250608074229.jpg 300w\" \/><\/div>\n<div class=\"cutline-byline\"><span class=\"cutline-text\">Fotograf\u00eda de archivo del presidente de Ecuador, Daniel Noboa.<\/span>\u00a0<span class=\"byline-image\">(C\u00e9sar Mu\u00f1oz \/ API)<\/span><\/div>\n<\/figure>\n<\/div>\n<div class=\"paragraph texto\">\n<p class=\"p_6\">El senador es un pol\u00edtico\u00a0<b>cercano al expresidente \u00c1lvaro Uribe<\/b>\u00a0y uno de\u00a0<b>los m\u00e1s cr\u00edticos\u00a0<\/b>del presidente colombiano, Gustavo Petro, especialmente por el\u00a0<b>deterioro de la seguridad<\/b>\u00a0en el pa\u00eds.<\/p>\n<p class=\"p_7\">Ecuador tambi\u00e9n ha sido escenario en el ultimo tiempo de episodios de violencia pol\u00edtica. Uno de los hechos m\u00e1s tr\u00e1gicos fue\u00a0<b>el asesinato en 2023 del candidato presidencial Fernando Villavicencio\u00a0<\/b>poco antes la primera vuelta de las elecciones presidenciales que en abril pasado Noboa.<\/p>\n<\/div>\n<div class=\"paragraph texto\">\n<p class=\"p_9\">Entre los principales objetivos del nuevo Gobierno ecuatoriano destaca, precisamente, la<b>\u00a0lucha frontal contra el crimen organizado<\/b>, que Daniel Noboa ha calificado como\u00a0<b>&#8216;conflicto armado interno&#8217;<\/b>, al tiempo que ha considerado a las bandas criminales como \u00abterroristas\u00bb.<\/p>\n<p class=\"p_10\">M\u00e1s de un centenar de personas se congregaron este s\u00e1bado frente a la Fundaci\u00f3n Santa Fe de Bogot\u00e1 para<b>\u00a0orar por<\/b>\u00a0<b>la recuperaci\u00f3n del senador y precandidato presidencial colombiano Miguel Uribe Turbay<\/b>, que est\u00e1 en estado cr\u00edtico tras recibir dos disparos cuando daba un discurso en un acto de campa\u00f1a. <strong>Fuente: Vistazo<\/strong><\/p>\n<\/div>\n","protected":false},"excerpt":{"rendered":"<p>El presidente de Ecuador,\u00a0Daniel Noboa, se solidariz\u00f3 hoy con la familia del senador Miguel Uribe Turbay, precandidato presidencial del partido derechista Centro Democr\u00e1tico, quien fue herido de gravedad este s\u00e1bado, y conden\u00f3 todo tipo de violencia. \u00abCon profundo dolor,\u00a0acompa\u00f1o a la familia del senador Miguel Uribe en este momento tan duro. Mi respeto y oraciones est\u00e1n con ustedes\u00bb, escribi\u00f3 en su cuenta de la red social X. Agreg\u00f3:\u00a0\u00abCondenamos toda forma de violencia e intolerancia. No est\u00e1n solos\u00bb. Uribe Turbay, de 39 a\u00f1os,\u00a0recibi\u00f3 varios disparos cuando realizaba un acto de campa\u00f1a en un parque del barrio Modelia, en el oeste de Bogot\u00e1, y fue trasladado herido de gravedad a una cl\u00ednica de la capital colombiana por sus colaboradores, que en v\u00eddeos divulgados en redes sociales, se ve como lo cargan ensangrentado. La Presidencia de Ecuador subray\u00f3 posteriormente en un comunicado que \u00abla violencia pol\u00edtica ni ning\u00fan tipo de violencia pueden ser toleradas\u00a0ni tener cabida en sociedades democr\u00e1ticas y pluralistas\u00bb. Fotograf\u00eda de archivo del presidente de Ecuador, Daniel Noboa.\u00a0(C\u00e9sar Mu\u00f1oz \/ API) El senador es un pol\u00edtico\u00a0cercano al expresidente \u00c1lvaro Uribe\u00a0y uno de\u00a0los m\u00e1s cr\u00edticos\u00a0del presidente colombiano, Gustavo Petro, especialmente por el\u00a0deterioro de la seguridad\u00a0en el pa\u00eds. Ecuador tambi\u00e9n ha sido escenario en el ultimo tiempo de episodios de violencia pol\u00edtica. Uno de los hechos m\u00e1s tr\u00e1gicos fue\u00a0el asesinato en 2023 del candidato presidencial Fernando Villavicencio\u00a0poco antes la primera vuelta de las elecciones presidenciales que en abril pasado Noboa. Entre los principales objetivos del nuevo Gobierno ecuatoriano destaca, precisamente, la\u00a0lucha frontal contra el crimen organizado, que Daniel Noboa ha calificado como\u00a0&#8216;conflicto armado interno&#8217;, al tiempo que ha considerado a las bandas criminales como \u00abterroristas\u00bb. M\u00e1s de un centenar de personas se congregaron este s\u00e1bado frente a la Fundaci\u00f3n Santa Fe de Bogot\u00e1 para\u00a0orar por\u00a0la recuperaci\u00f3n del senador y precandidato presidencial colombiano Miguel Uribe Turbay, que est\u00e1 en estado cr\u00edtico tras recibir dos disparos cuando daba un discurso en un acto de campa\u00f1a. Fuente: Vistazo<\/p>\n","protected":false},"author":1,"featured_media":24108,"comment_status":"open","ping_status":"open","sticky":false,"template":"","format":"standard","meta":{"footnotes":""},"categories":[268],"tags":[],"class_list":["post-24107","post","type-post","status-publish","format-standard","has-post-thumbnail","hentry","category-nacionales"],"_links":{"self":[{"href":"https:\/\/www.elamazonico.com\/portal\/wp-json\/wp\/v2\/posts\/24107","targetHints":{"allow":["GET"]}}],"collection":[{"href":"https:\/\/www.elamazonico.com\/portal\/wp-json\/wp\/v2\/posts"}],"about":[{"href":"https:\/\/www.elamazonico.com\/portal\/wp-json\/wp\/v2\/types\/post"}],"author":[{"embeddable":true,"href":"https:\/\/www.elamazonico.com\/portal\/wp-json\/wp\/v2\/users\/1"}],"replies":[{"embeddable":true,"href":"https:\/\/www.elamazonico.com\/portal\/wp-json\/wp\/v2\/comments?post=24107"}],"version-history":[{"count":1,"href":"https:\/\/www.elamazonico.com\/portal\/wp-json\/wp\/v2\/posts\/24107\/revisions"}],"predecessor-version":[{"id":24109,"href":"https:\/\/www.elamazonico.com\/portal\/wp-json\/wp\/v2\/posts\/24107\/revisions\/24109"}],"wp:featuredmedia":[{"embeddable":true,"href":"https:\/\/www.elamazonico.com\/portal\/wp-json\/wp\/v2\/media\/24108"}],"wp:attachment":[{"href":"https:\/\/www.elamazonico.com\/portal\/wp-json\/wp\/v2\/media?parent=24107"}],"wp:term":[{"taxonomy":"category","embeddable":true,"href":"https:\/\/www.elamazonico.com\/portal\/wp-json\/wp\/v2\/categories?post=24107"},{"taxonomy":"post_tag","embeddable":true,"href":"https:\/\/www.elamazonico.com\/portal\/wp-json\/wp\/v2\/tags?post=24107"}],"curies":[{"name":"wp","href":"https:\/\/api.w.org\/{rel}","templated":true}]}}