{"id":2410,"date":"2022-01-21T07:46:36","date_gmt":"2022-01-21T12:46:36","guid":{"rendered":"https:\/\/www.elamazonico.com\/portal\/?p=2410"},"modified":"2022-01-21T07:46:44","modified_gmt":"2022-01-21T12:46:44","slug":"primera-evidencia-de-anidacion-del-periquito-del-pacifico-en-los-andes-del-norte-de-ecuador","status":"publish","type":"post","link":"https:\/\/www.elamazonico.com\/portal\/primera-evidencia-de-anidacion-del-periquito-del-pacifico-en-los-andes-del-norte-de-ecuador\/","title":{"rendered":"Primera evidencia de anidaci\u00f3n del periquito del Pac\u00edfico en los Andes del norte de Ecuador"},"content":{"rendered":"\n<p>Un estudio desarrollado por investigadores de Pajareando Ando Ecuador e Instituto Nacional de Biodiversidad (INABIO), presenta la primera evidencia de anidaci\u00f3n del Periquito del Pac\u00edfico (<em>Forpus coelestis<\/em>) en los Andes del norte de Ecuador. El origen de estos individuos puede deberse a liberaci\u00f3n o escape de individuos cautivos, considerando que esta especie es una de las aves m\u00e1s traficadas en el pa\u00eds.<\/p>\n\n\n\n<p>Los investigadores, H\u00e9ctor Cadena-Ortiz (Asociado al INABIO) y Edison Oca\u00f1a, se\u00f1alan que la actividad reproductiva que se reporta en el estudio, junto con 11 registros en un radio no mayor a 3 km de la localidad entre mayo de 2016\u2013febrero de 2021, sugieren el posible establecimiento de la poblaci\u00f3n reproductiva m\u00e1s norte\u00f1a de <em>F. coelestis<\/em> en el valle interandino.<\/p>\n\n\n\n<p>El 30 de marzo de 2018, a las 12h40, los investigadores observaron dos individuos de <em>F. coelestis<\/em> perchados en un cactus arb\u00f3reo seco (Opuntia ficus-indica; Cactaceae), de c. 3 m de altura, 2 km al noroeste de Ibarra, en un bosque seco de valle interandino, en el cant\u00f3n Urcuqu\u00ed, provincia de Imbabura. Al acercarse, otros dos individuos salieron de una cavidad en la base de la \u00fanica bifurcaci\u00f3n del cactus, a 2,75 m del suelo.<\/p>\n\n\n\n<p>Para inspeccionar dentro del cactus, se at\u00f3 una c\u00e1mara digital encendida a una estaca, y se la subi\u00f3. La filmaci\u00f3n evidenci\u00f3 que el cladodio (parte del tallo modificado del cactus) ten\u00eda un orificio de entrada en su parte superior. El orificio midi\u00f3 c. 15 x 8 cm y c. 30 cm de profundidad (altura del cladodio hueco). En su interior conten\u00eda al menos cinco huevos blancos inmaculados, ligeramente redondeados, sobre lo que aparentaban ser restos de material del mismo cladodio.<\/p>\n\n\n\n<p>El Periquito del Pac\u00edfico habita en matorrales \u00e1ridos y localmente en \u00e1reas de vegetaci\u00f3n h\u00fameda. Hasta hace pocos a\u00f1os, su distribuci\u00f3n se restring\u00eda a las tierras bajas occidentales del sur de Ecuador y norte de Per\u00fa. Sin embargo, existen reportes recientes en valles andinos secos en las provincias de Azuay y Loja y en zonas m\u00e1s h\u00famedas del extremo sur de Colombia.<br><\/p>\n\n\n\n<p>El art\u00edculo est\u00e1 publicado en la Revista Ecuatoriana de Ornitolog\u00eda: <a href=\"https:\/\/revistas.usfq.edu.ec\/index.php\/reo\/article\/view\/2208\">https:\/\/revistas.usfq.edu.ec\/index.php\/reo\/article\/view\/2208<\/a><\/p>\n\n\n\n<p>El INABIO es una instituci\u00f3n que busca generar conocimiento y desarrollar ciencia, tecnolog\u00eda e innovaci\u00f3n que requiere el Estado ecuatoriano para garantizar la conservaci\u00f3n de su patrimonio natural mediante el uso soberano, estrat\u00e9gico y sustentable de la biodiversidad y sus componentes para la consolidaci\u00f3n de la sociedad del buen vivir. (I)<\/p>\n","protected":false},"excerpt":{"rendered":"<p>Un estudio desarrollado por investigadores de Pajareando Ando Ecuador e Instituto Nacional de Biodiversidad (INABIO), presenta la primera evidencia de anidaci\u00f3n del Periquito del Pac\u00edfico (Forpus coelestis) en los Andes del norte de Ecuador. El origen de estos individuos puede deberse a liberaci\u00f3n o escape de individuos cautivos, considerando que esta especie es una de las aves m\u00e1s traficadas en el pa\u00eds. Los investigadores, H\u00e9ctor Cadena-Ortiz (Asociado al INABIO) y Edison Oca\u00f1a, se\u00f1alan que la actividad reproductiva que se reporta en el estudio, junto con 11 registros en un radio no mayor a 3 km de la localidad entre mayo de 2016\u2013febrero de 2021, sugieren el posible establecimiento de la poblaci\u00f3n reproductiva m\u00e1s norte\u00f1a de F. coelestis en el valle interandino. El 30 de marzo de 2018, a las 12h40, los investigadores observaron dos individuos de F. coelestis perchados en un cactus arb\u00f3reo seco (Opuntia ficus-indica; Cactaceae), de c. 3 m de altura, 2 km al noroeste de Ibarra, en un bosque seco de valle interandino, en el cant\u00f3n Urcuqu\u00ed, provincia de Imbabura. Al acercarse, otros dos individuos salieron de una cavidad en la base de la \u00fanica bifurcaci\u00f3n del cactus, a 2,75 m del suelo. Para inspeccionar dentro del cactus, se at\u00f3 una c\u00e1mara digital encendida a una estaca, y se la subi\u00f3. La filmaci\u00f3n evidenci\u00f3 que el cladodio (parte del tallo modificado del cactus) ten\u00eda un orificio de entrada en su parte superior. El orificio midi\u00f3 c. 15 x 8 cm y c. 30 cm de profundidad (altura del cladodio hueco). En su interior conten\u00eda al menos cinco huevos blancos inmaculados, ligeramente redondeados, sobre lo que aparentaban ser restos de material del mismo cladodio. El Periquito del Pac\u00edfico habita en matorrales \u00e1ridos y localmente en \u00e1reas de vegetaci\u00f3n h\u00fameda. Hasta hace pocos a\u00f1os, su distribuci\u00f3n se restring\u00eda a las tierras bajas occidentales del sur de Ecuador y norte de Per\u00fa. Sin embargo, existen reportes recientes en valles andinos secos en las provincias de Azuay y Loja y en zonas m\u00e1s h\u00famedas del extremo sur de Colombia. El art\u00edculo est\u00e1 publicado en la Revista Ecuatoriana de Ornitolog\u00eda: https:\/\/revistas.usfq.edu.ec\/index.php\/reo\/article\/view\/2208 El INABIO es una instituci\u00f3n que busca generar conocimiento y desarrollar ciencia, tecnolog\u00eda e innovaci\u00f3n que requiere el Estado ecuatoriano para garantizar la conservaci\u00f3n de su patrimonio natural mediante el uso soberano, estrat\u00e9gico y sustentable de la biodiversidad y sus componentes para la consolidaci\u00f3n de la sociedad del buen vivir. (I)<\/p>\n","protected":false},"author":1,"featured_media":2411,"comment_status":"open","ping_status":"open","sticky":false,"template":"","format":"standard","meta":{"footnotes":""},"categories":[268],"tags":[],"class_list":["post-2410","post","type-post","status-publish","format-standard","has-post-thumbnail","hentry","category-nacionales"],"_links":{"self":[{"href":"https:\/\/www.elamazonico.com\/portal\/wp-json\/wp\/v2\/posts\/2410","targetHints":{"allow":["GET"]}}],"collection":[{"href":"https:\/\/www.elamazonico.com\/portal\/wp-json\/wp\/v2\/posts"}],"about":[{"href":"https:\/\/www.elamazonico.com\/portal\/wp-json\/wp\/v2\/types\/post"}],"author":[{"embeddable":true,"href":"https:\/\/www.elamazonico.com\/portal\/wp-json\/wp\/v2\/users\/1"}],"replies":[{"embeddable":true,"href":"https:\/\/www.elamazonico.com\/portal\/wp-json\/wp\/v2\/comments?post=2410"}],"version-history":[{"count":1,"href":"https:\/\/www.elamazonico.com\/portal\/wp-json\/wp\/v2\/posts\/2410\/revisions"}],"predecessor-version":[{"id":2412,"href":"https:\/\/www.elamazonico.com\/portal\/wp-json\/wp\/v2\/posts\/2410\/revisions\/2412"}],"wp:featuredmedia":[{"embeddable":true,"href":"https:\/\/www.elamazonico.com\/portal\/wp-json\/wp\/v2\/media\/2411"}],"wp:attachment":[{"href":"https:\/\/www.elamazonico.com\/portal\/wp-json\/wp\/v2\/media?parent=2410"}],"wp:term":[{"taxonomy":"category","embeddable":true,"href":"https:\/\/www.elamazonico.com\/portal\/wp-json\/wp\/v2\/categories?post=2410"},{"taxonomy":"post_tag","embeddable":true,"href":"https:\/\/www.elamazonico.com\/portal\/wp-json\/wp\/v2\/tags?post=2410"}],"curies":[{"name":"wp","href":"https:\/\/api.w.org\/{rel}","templated":true}]}}