{"id":24064,"date":"2025-06-05T11:16:58","date_gmt":"2025-06-05T16:16:58","guid":{"rendered":"https:\/\/www.elamazonico.com\/portal\/?p=24064"},"modified":"2025-06-05T11:16:58","modified_gmt":"2025-06-05T16:16:58","slug":"fiscalia-formulara-cargos-contra-wilman-teran-y-abogados-de-jorge-glas-por-nuevo-caso-corrupcion-judicial","status":"publish","type":"post","link":"https:\/\/www.elamazonico.com\/portal\/fiscalia-formulara-cargos-contra-wilman-teran-y-abogados-de-jorge-glas-por-nuevo-caso-corrupcion-judicial\/","title":{"rendered":"Fiscal\u00eda formular\u00e1 cargos contra Wilman Ter\u00e1n y abogados de Jorge Glas por nuevo caso corrupci\u00f3n judicial"},"content":{"rendered":"<p>La Fiscal\u00eda General del Estado (FGE) anunci\u00f3 la formulaci\u00f3n de cargos contra Wilman Ter\u00e1n, expresidente del Consejo de la Judicatura, y dos abogados de Jorge Glas, exvicepresidente de la Rep\u00fablica, por su presunta participaci\u00f3n en una red de corrupci\u00f3n judicial. La investigaci\u00f3n apunta a que estos abogados habr\u00edan gestionado beneficios ilegales con el apoyo de funcionarios judiciales, relacionados con una liberaci\u00f3n considerada irregular.<\/p>\n<div class=\"google-auto-placed ap_container\"><ins class=\"adsbygoogle adsbygoogle-noablate\" data-ad-format=\"auto\" data-ad-client=\"ca-pub-7837679359314521\" data-adsbygoogle-status=\"done\" data-ad-status=\"filled\"><\/p>\n<div id=\"aswift_1_host\">El caso, conocido como \u201cVidrio Libre\u201d, indaga una posible orden judicial irregular para la liberaci\u00f3n de Jorge Glas, presuntamente autorizada por Wilman Ter\u00e1n. Adem\u00e1s, la Fiscal\u00eda incluir\u00e1 en el proceso a Anabell T., exjueza de Santo Domingo, quien habr\u00eda recibido la solicitud de liberaci\u00f3n y la aprob\u00f3, junto con el exjuez Emerson C., sentenciado por prevaricato en el caso Met\u00e1stasis.<\/div>\n<p><\/ins><\/div>\n<p>La audiencia, inicialmente prevista para el jueves 5 de junio a las 08:30 en la Corte Nacional de Justicia, fue reprogramada para el viernes 13 de junio.<\/p>\n<p>En 2022, Jorge Glas fue excarcelado tras una acci\u00f3n constitucional admitida por Emerson C., exjuez que fue sentenciado a 24 meses de prisi\u00f3n por prevaricato debido a este acto. Seg\u00fan la Fiscal\u00eda, esta acci\u00f3n fue admitida de manera ileg\u00edtima para favorecer la liberaci\u00f3n del exvicepresidente.<\/p>\n<p>Emerson C. tambi\u00e9n enfrenta una condena de 40 a\u00f1os por delincuencia organizada en el caso Met\u00e1stasis y se le atribuye haber emitido al menos doce boletas de libertad que beneficiaron a personas ligadas al narcotraficante Leandro Norero.<\/p>\n","protected":false},"excerpt":{"rendered":"<p>La Fiscal\u00eda General del Estado (FGE) anunci\u00f3 la formulaci\u00f3n de cargos contra Wilman Ter\u00e1n, expresidente del Consejo de la Judicatura, y dos abogados de Jorge Glas, exvicepresidente de la Rep\u00fablica, por su presunta participaci\u00f3n en una red de corrupci\u00f3n judicial. La investigaci\u00f3n apunta a que estos abogados habr\u00edan gestionado beneficios ilegales con el apoyo de funcionarios judiciales, relacionados con una liberaci\u00f3n considerada irregular. El caso, conocido como \u201cVidrio Libre\u201d, indaga una posible orden judicial irregular para la liberaci\u00f3n de Jorge Glas, presuntamente autorizada por Wilman Ter\u00e1n. Adem\u00e1s, la Fiscal\u00eda incluir\u00e1 en el proceso a Anabell T., exjueza de Santo Domingo, quien habr\u00eda recibido la solicitud de liberaci\u00f3n y la aprob\u00f3, junto con el exjuez Emerson C., sentenciado por prevaricato en el caso Met\u00e1stasis. La audiencia, inicialmente prevista para el jueves 5 de junio a las 08:30 en la Corte Nacional de Justicia, fue reprogramada para el viernes 13 de junio. En 2022, Jorge Glas fue excarcelado tras una acci\u00f3n constitucional admitida por Emerson C., exjuez que fue sentenciado a 24 meses de prisi\u00f3n por prevaricato debido a este acto. Seg\u00fan la Fiscal\u00eda, esta acci\u00f3n fue admitida de manera ileg\u00edtima para favorecer la liberaci\u00f3n del exvicepresidente. Emerson C. tambi\u00e9n enfrenta una condena de 40 a\u00f1os por delincuencia organizada en el caso Met\u00e1stasis y se le atribuye haber emitido al menos doce boletas de libertad que beneficiaron a personas ligadas al narcotraficante Leandro Norero.<\/p>\n","protected":false},"author":1,"featured_media":24065,"comment_status":"open","ping_status":"open","sticky":false,"template":"","format":"standard","meta":{"footnotes":""},"categories":[268],"tags":[],"class_list":["post-24064","post","type-post","status-publish","format-standard","has-post-thumbnail","hentry","category-nacionales"],"_links":{"self":[{"href":"https:\/\/www.elamazonico.com\/portal\/wp-json\/wp\/v2\/posts\/24064","targetHints":{"allow":["GET"]}}],"collection":[{"href":"https:\/\/www.elamazonico.com\/portal\/wp-json\/wp\/v2\/posts"}],"about":[{"href":"https:\/\/www.elamazonico.com\/portal\/wp-json\/wp\/v2\/types\/post"}],"author":[{"embeddable":true,"href":"https:\/\/www.elamazonico.com\/portal\/wp-json\/wp\/v2\/users\/1"}],"replies":[{"embeddable":true,"href":"https:\/\/www.elamazonico.com\/portal\/wp-json\/wp\/v2\/comments?post=24064"}],"version-history":[{"count":1,"href":"https:\/\/www.elamazonico.com\/portal\/wp-json\/wp\/v2\/posts\/24064\/revisions"}],"predecessor-version":[{"id":24066,"href":"https:\/\/www.elamazonico.com\/portal\/wp-json\/wp\/v2\/posts\/24064\/revisions\/24066"}],"wp:featuredmedia":[{"embeddable":true,"href":"https:\/\/www.elamazonico.com\/portal\/wp-json\/wp\/v2\/media\/24065"}],"wp:attachment":[{"href":"https:\/\/www.elamazonico.com\/portal\/wp-json\/wp\/v2\/media?parent=24064"}],"wp:term":[{"taxonomy":"category","embeddable":true,"href":"https:\/\/www.elamazonico.com\/portal\/wp-json\/wp\/v2\/categories?post=24064"},{"taxonomy":"post_tag","embeddable":true,"href":"https:\/\/www.elamazonico.com\/portal\/wp-json\/wp\/v2\/tags?post=24064"}],"curies":[{"name":"wp","href":"https:\/\/api.w.org\/{rel}","templated":true}]}}