{"id":24059,"date":"2025-06-05T10:32:56","date_gmt":"2025-06-05T15:32:56","guid":{"rendered":"https:\/\/www.elamazonico.com\/portal\/?p=24059"},"modified":"2025-06-05T11:03:11","modified_gmt":"2025-06-05T16:03:11","slug":"seis-asambleistas-seran-multados-con-usd-15863-por-ausentarse-de-sesion","status":"publish","type":"post","link":"https:\/\/www.elamazonico.com\/portal\/seis-asambleistas-seran-multados-con-usd-15863-por-ausentarse-de-sesion\/","title":{"rendered":"Seis asamble\u00edstas ser\u00e1n multados con USD 158,63 por ausentarse de sesi\u00f3n"},"content":{"rendered":"<p>Seis asamble\u00edstas faltaron este jueves, 5 de junio, a la sesi\u00f3n 008 del\u00a0<strong><a href=\"https:\/\/www.larepublica.ec\/blog\/2025\/05\/29\/sergio-pena-no-va-mas-como-asambleista-del-correismo\/\">Pleno de la Asamblea Nacional,<\/a><\/strong>\u00a0en Quito, por lo que se les descontar\u00e1<strong>\u00a0USD 158,63<\/strong>\u00a0de su salario, el Estado recaudar\u00e1 una totalidad de\u00a0<strong>USD<\/strong>\u00a0<strong>951,78.<\/strong><\/p>\n<div class=\"mh-content-ad\">\n<p>&nbsp;<\/p>\n<div id=\"beacon_226e6516eb\">Solo 145 de los 151 parlamentarios asistieron hoy al Parlamento para cumplir con sus funciones, as\u00ed lo revel\u00f3 el informe de la<strong>\u00a0Secretar\u00eda General de la Asamblea<\/strong>\u00a0al iniciar la sesi\u00f3n, de los cuales hay\u00a0<strong>3 asamble\u00edstas corre\u00edstas<\/strong>\u00a0que no se presentaron, as\u00ed como\u00a0<strong>3 del oficialismo<\/strong>.<\/div>\n<p>&nbsp;<\/p>\n<\/div>\n<p>Nuevamente faltaron:\u00a0<strong>Alejandro Vanegas y Jaime Estrada,<\/strong>\u00a0asamble\u00edstas del corre\u00edsmo, as\u00ed como\u00a0<strong>Esperanza Rogel,<\/strong>\u00a0del oficialismo.<\/p>\n<p>El Estado percibir\u00e1 en total\u00a0<strong>USD 5,233.79<\/strong>\u00a0por las multas impuestas el pasado martes, 3 de junio, a los 27 asamble\u00edstas junto a los 6 parlamentarios sancionados hoy.<\/p>\n<div>\n<div class=\"trv-player-container\">\n<div class=\"trv-wrapper\">\n<div id=\"br_video_player_afb337792bd7b2d3df21f8f821d396c1c223d532\" class=\"trvd_video_player trvdinstream\">\n<div class=\"media-player\">\n<div class=\"trv-video\">\n<div id=\"truvid_ima_container18507\" class=\"truvid_ima_container trv-ima-container-hidden\"><\/div>\n<\/div>\n<div class=\"video-overlay\">\n<div class=\"overlayBtnWrapper\">\n<div class=\"overlay-backwards-wrapper\"><strong>Listado<\/strong><\/div>\n<\/div>\n<\/div>\n<\/div>\n<\/div>\n<\/div>\n<\/div>\n<\/div>\n<figure class=\"wp-block-image size-full\"><img fetchpriority=\"high\" decoding=\"async\" class=\"wp-image-925297\" src=\"https:\/\/www.larepublica.ec\/wp-content\/uploads\/2025\/06\/496513069_1019817993555196_6672488417504915660_n.png\" sizes=\"(max-width: 752px) 100vw, 752px\" srcset=\"https:\/\/www.larepublica.ec\/wp-content\/uploads\/2025\/06\/496513069_1019817993555196_6672488417504915660_n.png 752w, https:\/\/www.larepublica.ec\/wp-content\/uploads\/2025\/06\/496513069_1019817993555196_6672488417504915660_n-300x47.png 300w\" alt=\"\" width=\"752\" height=\"117\" \/><figcaption class=\"wp-element-caption\"><strong>Fuente:\u00a0<a href=\"https:\/\/datos.asambleanacional.gob.ec\/cuorum\">Cu\u00f3rum de Instalaci\u00f3n de la Asamblea Nacional.<\/a>\u00a0Captura tomada desde su sitio web este mi\u00e9rcoles, 5 de junio de 2025.<\/strong><\/figcaption><\/figure>\n<figure class=\"wp-block-image size-full\"><img decoding=\"async\" class=\"wp-image-925298\" src=\"https:\/\/www.larepublica.ec\/wp-content\/uploads\/2025\/06\/494574072_720878460303873_7756298478830350382_n.png\" sizes=\"(max-width: 747px) 100vw, 747px\" srcset=\"https:\/\/www.larepublica.ec\/wp-content\/uploads\/2025\/06\/494574072_720878460303873_7756298478830350382_n.png 747w, https:\/\/www.larepublica.ec\/wp-content\/uploads\/2025\/06\/494574072_720878460303873_7756298478830350382_n-300x30.png 300w\" alt=\"\" width=\"747\" height=\"75\" \/><figcaption class=\"wp-element-caption\"><strong>Fuente:\u00a0<a href=\"https:\/\/datos.asambleanacional.gob.ec\/cuorum\">Cu\u00f3rum de Instalaci\u00f3n de la Asamblea Nacional.<\/a>\u00a0Captura tomada desde su sitio web este mi\u00e9rcoles, 5 de junio de 2025.<\/strong><\/figcaption><\/figure>\n<h2 class=\"wp-block-heading\">Las sanciones van<\/h2>\n<p>El presidente del del Legislativo,\u00a0<strong><a href=\"https:\/\/www.larepublica.ec\/blog\/2025\/06\/03\/27-asambleistas-fueron-multados-con-usd-15863-por-ausentarse-de-la-sesion\/\">Niels Olsen<\/a><\/strong>, se pronunci\u00f3 ayer a las 08:40, a trav\u00e9s de X,\u00a0<a href=\"https:\/\/www.larepublica.ec\/blog\/2025\/06\/03\/27-asambleistas-fueron-multados-con-usd-15863-por-ausentarse-de-la-sesion\/\"><strong>los 27 asamble\u00edstas que ser\u00e1n multados con USD 158,63 en su salario por haberse ausentardo\u00a0<\/strong><\/a><strong><a href=\"https:\/\/www.larepublica.ec\/blog\/2025\/06\/03\/27-asambleistas-fueron-multados-con-usd-15863-por-ausentarse-de-la-sesion\/\">el pasado martes, 3 de junio,<\/a><\/strong>\u00a0<a href=\"https:\/\/www.larepublica.ec\/blog\/2025\/06\/03\/27-asambleistas-fueron-multados-con-usd-15863-por-ausentarse-de-la-sesion\/\"><strong>a la sesi\u00f3n 007 del Pleno<\/strong><\/a>, realizada en la capital, en la que se deb\u00eda debatir sobre la presencia de bases militares extranjeras en Ecuador<\/p>\n<p>Seg\u00fan\u00a0<strong><a href=\"https:\/\/www.larepublica.ec\/blog\/2025\/06\/03\/27-asambleistas-fueron-multados-con-usd-15863-por-ausentarse-de-la-sesion\/\">Olsen<\/a><\/strong>,\u00a0<strong>\u00abSer puntual es una forma sencilla de mostrar respeto y compromiso. M\u00e1s de 20 asamble\u00edstas ser\u00e1n multados por atrasos y faltas injustificadas al Pleno de ayer, donde debatimos temas de seguridad para nuestro pa\u00eds\u00bb.<\/strong><\/p>\n<p><strong>\u00abFuimos elegidos para trabajar por el pa\u00eds, y parte de ese trabajo implica estar presentes, a tiempo, y ser el ejemplo que Ecuador necesita. Estas medidas son molestosas, pero necesarias porque las reglas existen para todos y lo justo es que se cumplan\u00bb,<\/strong>\u00a0coment\u00f3.<\/p>\n<p>El pasado viernes, 31 de mayo,\u00a0<strong><a href=\"https:\/\/www.larepublica.ec\/blog\/2025\/06\/02\/comision-de-seguridad-integral-priorizara-dos-proyectos-de-ley\/\">Olsen<\/a><\/strong>\u00a0anunci\u00f3 que a partir del pasado domingo, 1 de junio, las multas ser\u00e1n de\u00a0<strong>USD 55,52<\/strong>\u00a0por\u00a0<strong>tardanza<\/strong>\u00a0y\u00a0<strong>USD 158,63<\/strong>\u00a0por<strong>\u00a0ausencia injustificada<\/strong>,<strong>\u00a0descontadas del sueldo de los parlamentarios.<\/strong><\/p>\n<p>Reiter\u00f3 que e<strong>l registro de asistencia ya no ser\u00e1 manual, sino electr\u00f3nico,<\/strong>\u00a0y se lo har\u00e1 desde su curul usando las laptos asignadas, lo que permitir\u00e1 controlar con precisi\u00f3n los\u00a0<strong>retrasos e inasistencias.<\/strong><\/p>\n<p>Esta medida busca incentivar la responsabilidad y la participaci\u00f3n activa de los asamble\u00edstas en las sesiones del Pleno, con el fin de fortalecer el rol de la Asamblea en favor del pa\u00eds.<\/p>\n<p>Fuente: La Rep\u00fablica<\/p>\n","protected":false},"excerpt":{"rendered":"<p>Seis asamble\u00edstas faltaron este jueves, 5 de junio, a la sesi\u00f3n 008 del\u00a0Pleno de la Asamblea Nacional,\u00a0en Quito, por lo que se les descontar\u00e1\u00a0USD 158,63\u00a0de su salario, el Estado recaudar\u00e1 una totalidad de\u00a0USD\u00a0951,78. &nbsp; Solo 145 de los 151 parlamentarios asistieron hoy al Parlamento para cumplir con sus funciones, as\u00ed lo revel\u00f3 el informe de la\u00a0Secretar\u00eda General de la Asamblea\u00a0al iniciar la sesi\u00f3n, de los cuales hay\u00a03 asamble\u00edstas corre\u00edstas\u00a0que no se presentaron, as\u00ed como\u00a03 del oficialismo. &nbsp; Nuevamente faltaron:\u00a0Alejandro Vanegas y Jaime Estrada,\u00a0asamble\u00edstas del corre\u00edsmo, as\u00ed como\u00a0Esperanza Rogel,\u00a0del oficialismo. El Estado percibir\u00e1 en total\u00a0USD 5,233.79\u00a0por las multas impuestas el pasado martes, 3 de junio, a los 27 asamble\u00edstas junto a los 6 parlamentarios sancionados hoy. Listado Fuente:\u00a0Cu\u00f3rum de Instalaci\u00f3n de la Asamblea Nacional.\u00a0Captura tomada desde su sitio web este mi\u00e9rcoles, 5 de junio de 2025. Fuente:\u00a0Cu\u00f3rum de Instalaci\u00f3n de la Asamblea Nacional.\u00a0Captura tomada desde su sitio web este mi\u00e9rcoles, 5 de junio de 2025. Las sanciones van El presidente del del Legislativo,\u00a0Niels Olsen, se pronunci\u00f3 ayer a las 08:40, a trav\u00e9s de X,\u00a0los 27 asamble\u00edstas que ser\u00e1n multados con USD 158,63 en su salario por haberse ausentardo\u00a0el pasado martes, 3 de junio,\u00a0a la sesi\u00f3n 007 del Pleno, realizada en la capital, en la que se deb\u00eda debatir sobre la presencia de bases militares extranjeras en Ecuador Seg\u00fan\u00a0Olsen,\u00a0\u00abSer puntual es una forma sencilla de mostrar respeto y compromiso. M\u00e1s de 20 asamble\u00edstas ser\u00e1n multados por atrasos y faltas injustificadas al Pleno de ayer, donde debatimos temas de seguridad para nuestro pa\u00eds\u00bb. \u00abFuimos elegidos para trabajar por el pa\u00eds, y parte de ese trabajo implica estar presentes, a tiempo, y ser el ejemplo que Ecuador necesita. Estas medidas son molestosas, pero necesarias porque las reglas existen para todos y lo justo es que se cumplan\u00bb,\u00a0coment\u00f3. El pasado viernes, 31 de mayo,\u00a0Olsen\u00a0anunci\u00f3 que a partir del pasado domingo, 1 de junio, las multas ser\u00e1n de\u00a0USD 55,52\u00a0por\u00a0tardanza\u00a0y\u00a0USD 158,63\u00a0por\u00a0ausencia injustificada,\u00a0descontadas del sueldo de los parlamentarios. Reiter\u00f3 que el registro de asistencia ya no ser\u00e1 manual, sino electr\u00f3nico,\u00a0y se lo har\u00e1 desde su curul usando las laptos asignadas, lo que permitir\u00e1 controlar con precisi\u00f3n los\u00a0retrasos e inasistencias. Esta medida busca incentivar la responsabilidad y la participaci\u00f3n activa de los asamble\u00edstas en las sesiones del Pleno, con el fin de fortalecer el rol de la Asamblea en favor del pa\u00eds. Fuente: La Rep\u00fablica<\/p>\n","protected":false},"author":1,"featured_media":24060,"comment_status":"open","ping_status":"open","sticky":false,"template":"","format":"standard","meta":{"footnotes":""},"categories":[268],"tags":[],"class_list":["post-24059","post","type-post","status-publish","format-standard","has-post-thumbnail","hentry","category-nacionales"],"_links":{"self":[{"href":"https:\/\/www.elamazonico.com\/portal\/wp-json\/wp\/v2\/posts\/24059","targetHints":{"allow":["GET"]}}],"collection":[{"href":"https:\/\/www.elamazonico.com\/portal\/wp-json\/wp\/v2\/posts"}],"about":[{"href":"https:\/\/www.elamazonico.com\/portal\/wp-json\/wp\/v2\/types\/post"}],"author":[{"embeddable":true,"href":"https:\/\/www.elamazonico.com\/portal\/wp-json\/wp\/v2\/users\/1"}],"replies":[{"embeddable":true,"href":"https:\/\/www.elamazonico.com\/portal\/wp-json\/wp\/v2\/comments?post=24059"}],"version-history":[{"count":2,"href":"https:\/\/www.elamazonico.com\/portal\/wp-json\/wp\/v2\/posts\/24059\/revisions"}],"predecessor-version":[{"id":24063,"href":"https:\/\/www.elamazonico.com\/portal\/wp-json\/wp\/v2\/posts\/24059\/revisions\/24063"}],"wp:featuredmedia":[{"embeddable":true,"href":"https:\/\/www.elamazonico.com\/portal\/wp-json\/wp\/v2\/media\/24060"}],"wp:attachment":[{"href":"https:\/\/www.elamazonico.com\/portal\/wp-json\/wp\/v2\/media?parent=24059"}],"wp:term":[{"taxonomy":"category","embeddable":true,"href":"https:\/\/www.elamazonico.com\/portal\/wp-json\/wp\/v2\/categories?post=24059"},{"taxonomy":"post_tag","embeddable":true,"href":"https:\/\/www.elamazonico.com\/portal\/wp-json\/wp\/v2\/tags?post=24059"}],"curies":[{"name":"wp","href":"https:\/\/api.w.org\/{rel}","templated":true}]}}