{"id":24056,"date":"2025-06-05T10:27:23","date_gmt":"2025-06-05T15:27:23","guid":{"rendered":"https:\/\/www.elamazonico.com\/portal\/?p=24056"},"modified":"2025-06-05T11:57:46","modified_gmt":"2025-06-05T16:57:46","slug":"tres-funcionarios-enfrentan-juicios-politicos","status":"publish","type":"post","link":"https:\/\/www.elamazonico.com\/portal\/tres-funcionarios-enfrentan-juicios-politicos\/","title":{"rendered":"Tres funcionarios enfrentan juicios pol\u00edticos en la Comisi\u00f3n de Fiscalizaci\u00f3n"},"content":{"rendered":"<p>La Comisi\u00f3n de Fiscalizaci\u00f3n y Control Pol\u00edtico de la Asamblea Nacional aprob\u00f3 su Plan de Trabajo para el periodo 2025-2027, que contempla al menos tres procesos de juicio pol\u00edtico en marcha.<\/p>\n<p>Entre los casos m\u00e1s relevantes constan:<\/p>\n<ul class=\"wp-block-list\">\n<li><strong>Gonzalo Mu\u00f1oz y \u00c1ngel Torres<\/strong>, jueces del Tribunal Contencioso Electoral, cuyo proceso fue\u00a0<strong>suspendido temporalmente por el periodo electoral<\/strong>.<\/li>\n<li><strong>Gian Carlo Loffredo<\/strong>, ministro de Defensa del Gobierno de Daniel Noboa.<\/li>\n<li><strong>Solanda Goyes<\/strong>, vocal del Consejo de la Judicatura.<\/li>\n<\/ul>\n<p>La comisi\u00f3n, presidida por el legislador Pedro Velasco, se\u00f1al\u00f3 que\u00a0<strong>se garantizar\u00e1 el debido proceso y el respeto a las garant\u00edas constitucionales<\/strong>\u00a0en todas las etapas de fiscalizaci\u00f3n.<\/p>\n<p>Adem\u00e1s, se acord\u00f3 que el plan de trabajo ser\u00e1\u00a0<strong>flexible y podr\u00e1 actualizarse<\/strong>\u00a0con base en nuevas solicitudes de juicio pol\u00edtico o investigaciones futuras.<\/p>\n<p><strong>Ciudadan\u00eda participar\u00e1 en comisiones generales<\/strong><\/p>\n<p>Otro de los ejes del plan es la\u00a0<strong>inclusi\u00f3n ciudadana<\/strong>. Se organizar\u00e1n comisiones generales para permitir la intervenci\u00f3n de actores sociales y se realizar\u00e1n mesas t\u00e9cnicas peri\u00f3dicas con asesores legislativos.<\/p>\n<p>La Comisi\u00f3n tambi\u00e9n se comprometi\u00f3 a\u00a0<strong>transparentar sus actuaciones<\/strong>\u00a0a trav\u00e9s de los canales oficiales de la Asamblea Nacional y garantizar el libre acceso a la informaci\u00f3n p\u00fablica.<\/p>\n","protected":false},"excerpt":{"rendered":"<p>La Comisi\u00f3n de Fiscalizaci\u00f3n y Control Pol\u00edtico de la Asamblea Nacional aprob\u00f3 su Plan de Trabajo para el periodo 2025-2027, que contempla al menos tres procesos de juicio pol\u00edtico en marcha. Entre los casos m\u00e1s relevantes constan: Gonzalo Mu\u00f1oz y \u00c1ngel Torres, jueces del Tribunal Contencioso Electoral, cuyo proceso fue\u00a0suspendido temporalmente por el periodo electoral. Gian Carlo Loffredo, ministro de Defensa del Gobierno de Daniel Noboa. Solanda Goyes, vocal del Consejo de la Judicatura. La comisi\u00f3n, presidida por el legislador Pedro Velasco, se\u00f1al\u00f3 que\u00a0se garantizar\u00e1 el debido proceso y el respeto a las garant\u00edas constitucionales\u00a0en todas las etapas de fiscalizaci\u00f3n. Adem\u00e1s, se acord\u00f3 que el plan de trabajo ser\u00e1\u00a0flexible y podr\u00e1 actualizarse\u00a0con base en nuevas solicitudes de juicio pol\u00edtico o investigaciones futuras. Ciudadan\u00eda participar\u00e1 en comisiones generales Otro de los ejes del plan es la\u00a0inclusi\u00f3n ciudadana. Se organizar\u00e1n comisiones generales para permitir la intervenci\u00f3n de actores sociales y se realizar\u00e1n mesas t\u00e9cnicas peri\u00f3dicas con asesores legislativos. La Comisi\u00f3n tambi\u00e9n se comprometi\u00f3 a\u00a0transparentar sus actuaciones\u00a0a trav\u00e9s de los canales oficiales de la Asamblea Nacional y garantizar el libre acceso a la informaci\u00f3n p\u00fablica.<\/p>\n","protected":false},"author":1,"featured_media":24057,"comment_status":"open","ping_status":"open","sticky":false,"template":"","format":"standard","meta":{"footnotes":""},"categories":[268],"tags":[],"class_list":["post-24056","post","type-post","status-publish","format-standard","has-post-thumbnail","hentry","category-nacionales"],"_links":{"self":[{"href":"https:\/\/www.elamazonico.com\/portal\/wp-json\/wp\/v2\/posts\/24056","targetHints":{"allow":["GET"]}}],"collection":[{"href":"https:\/\/www.elamazonico.com\/portal\/wp-json\/wp\/v2\/posts"}],"about":[{"href":"https:\/\/www.elamazonico.com\/portal\/wp-json\/wp\/v2\/types\/post"}],"author":[{"embeddable":true,"href":"https:\/\/www.elamazonico.com\/portal\/wp-json\/wp\/v2\/users\/1"}],"replies":[{"embeddable":true,"href":"https:\/\/www.elamazonico.com\/portal\/wp-json\/wp\/v2\/comments?post=24056"}],"version-history":[{"count":2,"href":"https:\/\/www.elamazonico.com\/portal\/wp-json\/wp\/v2\/posts\/24056\/revisions"}],"predecessor-version":[{"id":24068,"href":"https:\/\/www.elamazonico.com\/portal\/wp-json\/wp\/v2\/posts\/24056\/revisions\/24068"}],"wp:featuredmedia":[{"embeddable":true,"href":"https:\/\/www.elamazonico.com\/portal\/wp-json\/wp\/v2\/media\/24057"}],"wp:attachment":[{"href":"https:\/\/www.elamazonico.com\/portal\/wp-json\/wp\/v2\/media?parent=24056"}],"wp:term":[{"taxonomy":"category","embeddable":true,"href":"https:\/\/www.elamazonico.com\/portal\/wp-json\/wp\/v2\/categories?post=24056"},{"taxonomy":"post_tag","embeddable":true,"href":"https:\/\/www.elamazonico.com\/portal\/wp-json\/wp\/v2\/tags?post=24056"}],"curies":[{"name":"wp","href":"https:\/\/api.w.org\/{rel}","templated":true}]}}