{"id":2404,"date":"2022-01-21T07:36:47","date_gmt":"2022-01-21T12:36:47","guid":{"rendered":"https:\/\/www.elamazonico.com\/portal\/?p=2404"},"modified":"2022-01-21T07:36:52","modified_gmt":"2022-01-21T12:36:52","slug":"fef-solicita-al-coe-nacional-60-de-aforo-para-partido-ecuador-vs-brasil","status":"publish","type":"post","link":"https:\/\/www.elamazonico.com\/portal\/fef-solicita-al-coe-nacional-60-de-aforo-para-partido-ecuador-vs-brasil\/","title":{"rendered":"FEF solicita al COE Nacional 60% de aforo para partido Ecuador vs. Brasil"},"content":{"rendered":"\n<p>Redacci\u00f3n Elcomercio.com<\/p>\n\n\n\n<p>La Federaci\u00f3n Ecuatoriana de F\u00fatbol (<strong>FEF<\/strong>) solicit\u00f3 formalmente este jueves 20 de enero del 2022 al Comit\u00e9 de Operaciones de Emergencia (<strong>COE<\/strong>) Nacional un<strong>&nbsp;aforo \u201cde hasta el 60%\u201d&nbsp;<\/strong>de aficionados para el partido en&nbsp;<strong>Quito&nbsp;<\/strong>entre&nbsp;<strong>Ecuador<\/strong>&nbsp;y&nbsp;<strong>Brasil<\/strong>&nbsp;por las&nbsp;<strong>Eliminatorias&nbsp;<\/strong>mundialistas de&nbsp;<strong>Catar<\/strong>.<\/p>\n\n\n\n<p>La petici\u00f3n de esta cantidad de aforo, explica la FEF, se da por las\u00a0<strong>estad\u00edsticas<\/strong>\u00a0que manejan. En el documento enviado al COE Nacional se se\u00f1ala que se ha realizado un seguimiento a los espectadores 14 d\u00edas despu\u00e9s del evento deportivo y asegura que \u201cno se han incrementado los<strong>\u00a0niveles de contagio<\/strong>\u201c. Fuente: El Comercio<\/p>\n\n\n\n<figure class=\"wp-block-embed is-type-rich is-provider-twitter wp-block-embed-twitter\"><div class=\"wp-block-embed__wrapper\">\nhttps:\/\/twitter.com\/FEFecuador\/status\/1484160660019757059\n<\/div><\/figure>\n\n\n\n<p><\/p>\n","protected":false},"excerpt":{"rendered":"<p>Redacci\u00f3n Elcomercio.com La Federaci\u00f3n Ecuatoriana de F\u00fatbol (FEF) solicit\u00f3 formalmente este jueves 20 de enero del 2022 al Comit\u00e9 de Operaciones de Emergencia (COE) Nacional un&nbsp;aforo \u201cde hasta el 60%\u201d&nbsp;de aficionados para el partido en&nbsp;Quito&nbsp;entre&nbsp;Ecuador&nbsp;y&nbsp;Brasil&nbsp;por las&nbsp;Eliminatorias&nbsp;mundialistas de&nbsp;Catar. La petici\u00f3n de esta cantidad de aforo, explica la FEF, se da por las\u00a0estad\u00edsticas\u00a0que manejan. En el documento enviado al COE Nacional se se\u00f1ala que se ha realizado un seguimiento a los espectadores 14 d\u00edas despu\u00e9s del evento deportivo y asegura que \u201cno se han incrementado los\u00a0niveles de contagio\u201c. Fuente: El Comercio<\/p>\n","protected":false},"author":1,"featured_media":2405,"comment_status":"open","ping_status":"open","sticky":false,"template":"","format":"standard","meta":{"footnotes":""},"categories":[6],"tags":[],"class_list":["post-2404","post","type-post","status-publish","format-standard","has-post-thumbnail","hentry","category-deportes"],"_links":{"self":[{"href":"https:\/\/www.elamazonico.com\/portal\/wp-json\/wp\/v2\/posts\/2404","targetHints":{"allow":["GET"]}}],"collection":[{"href":"https:\/\/www.elamazonico.com\/portal\/wp-json\/wp\/v2\/posts"}],"about":[{"href":"https:\/\/www.elamazonico.com\/portal\/wp-json\/wp\/v2\/types\/post"}],"author":[{"embeddable":true,"href":"https:\/\/www.elamazonico.com\/portal\/wp-json\/wp\/v2\/users\/1"}],"replies":[{"embeddable":true,"href":"https:\/\/www.elamazonico.com\/portal\/wp-json\/wp\/v2\/comments?post=2404"}],"version-history":[{"count":1,"href":"https:\/\/www.elamazonico.com\/portal\/wp-json\/wp\/v2\/posts\/2404\/revisions"}],"predecessor-version":[{"id":2406,"href":"https:\/\/www.elamazonico.com\/portal\/wp-json\/wp\/v2\/posts\/2404\/revisions\/2406"}],"wp:featuredmedia":[{"embeddable":true,"href":"https:\/\/www.elamazonico.com\/portal\/wp-json\/wp\/v2\/media\/2405"}],"wp:attachment":[{"href":"https:\/\/www.elamazonico.com\/portal\/wp-json\/wp\/v2\/media?parent=2404"}],"wp:term":[{"taxonomy":"category","embeddable":true,"href":"https:\/\/www.elamazonico.com\/portal\/wp-json\/wp\/v2\/categories?post=2404"},{"taxonomy":"post_tag","embeddable":true,"href":"https:\/\/www.elamazonico.com\/portal\/wp-json\/wp\/v2\/tags?post=2404"}],"curies":[{"name":"wp","href":"https:\/\/api.w.org\/{rel}","templated":true}]}}