{"id":24030,"date":"2025-06-04T17:26:59","date_gmt":"2025-06-04T22:26:59","guid":{"rendered":"https:\/\/www.elamazonico.com\/portal\/?p=24030"},"modified":"2025-06-04T17:31:37","modified_gmt":"2025-06-04T22:31:37","slug":"esperanza-rogel-aparece-entre-los-27-primeros-asambleistas-multados-por-llegar-tarde-a-la-asamblea-nacional","status":"publish","type":"post","link":"https:\/\/www.elamazonico.com\/portal\/esperanza-rogel-aparece-entre-los-27-primeros-asambleistas-multados-por-llegar-tarde-a-la-asamblea-nacional\/","title":{"rendered":"Esperanza Rogel aparece entre los 27 primeros asamble\u00edstas multados por llegar tarde a la Asamblea Nacional"},"content":{"rendered":"<p>Las primeras multas por retrasos y ausencias no justificadas a las sesiones del Pleno de la Asamblea ser\u00e1n aplicadas a 27 legisladores,\u00a0que llegaron tarde o no asistieron a la reuni\u00f3n del pasado 3 de junio de 2025.<\/p>\n<p>\u00abFuimos elegidos para trabajar por el pa\u00eds, y parte de ese trabajo implica estar presentes, a tiempo, y ser el ejemplo que Ecuador necesita\u00bb, escribi\u00f3 este 4 de junio en la red social X el presidente de la Asamblea, Niels Olsen.<\/p>\n<p>El funcionario explic\u00f3 que eran m\u00e1s de 20 asamble\u00edstas de diferentes organizaciones pol\u00edticas los que tendr\u00e1n que pagar la multa. El retraso es penado con USD 55,52 y la ausencia con USD 158,63.<\/p>\n<p>La disposici\u00f3n del 31 de mayo de Olsen fue que el listado de sancionados sea publicado en la p\u00e1gina electr\u00f3nica de la Asamblea, aunque, hasta el cierre de esta nota, no se produjo dicha publicaci\u00f3n.<\/p>\n<p>De todas formas se conoci\u00f3 que los primeros multados son:<\/p>\n<p>Dina Farinango.<br \/>\nEsteban Torres.<br \/>\nLuis J\u00e1come.<br \/>\nFernando Cede\u00f1o.<br \/>\nAndr\u00e9s Gonz\u00e1lez.<br \/>\nChirstian Hern\u00e1ndez.<br \/>\nJuan Pablo Molina.<br \/>\nJahiren Noriega.<br \/>\nFernando Jaramillo.<br \/>\nXavier Lasso.<br \/>\nNuvia Vega.<br \/>\nAlejandro Vanegas.<br \/>\nComps C\u00f3rdova.<br \/>\nLuc\u00eda Pozo.<br \/>\nOtto Vera.<br \/>\nMar\u00eda del Cisne Molina.<br \/>\nJhonny Ter\u00e1n.<br \/>\nEckenner Recalde.<br \/>\n<strong>Esperanza\u00a0 Rogel.<\/strong><br \/>\nCarlos Vargas.<br \/>\nDominique Serrano.<br \/>\nAlfredo Serrano.<br \/>\nJaime Estrada.<br \/>\nFernando De La Torre.<br \/>\nArisdely Parrales.<br \/>\nJorge Guevara.<br \/>\nDavid Anrango.<\/p>\n<p>En la mayor\u00eda de casos, las faltas ocurren por retrasos a la sesi\u00f3n convocada para las 09:00 del 3 de junio; 25 de los 27 multados si votaron sobre la reforma parcial al art\u00edculo 5 de la Constituci\u00f3n sobre bases militares extranjeras.<\/p>\n<p><strong>Se har\u00e1n observaciones<\/strong><br \/>\nJaime Estrada, de la alianza Revoluci\u00f3n Ciudadana- Reto, se sorprendi\u00f3 al ver su nombre en el listado. Considera que s\u00ed registr\u00f3 sus asistencia dentro del tiempo que les da el reglamento para no ser tomado como atraso.<\/p>\n<p>Estrada dijo que antes del Pleno estuvo en un desayuno con gente de Manab\u00ed, de donde es oriundo, junto a otros legisladores, con los que luego lleg\u00f3 a la Asamblea.<\/p>\n<p>\u00abLo raro es que nos registramos al mismo tiempo y ellos no aparecen en la lista y yo s\u00ed\u00bb, indic\u00f3 Estrada.<\/p>\n<p>El legislador corre\u00edsta asegur\u00f3 que no polemizar\u00e1 por la multa, pero si har\u00e1 una observaci\u00f3n al sistema y criterios que se estar\u00edan usando.<\/p>\n<p>Otto Vera, del Partido Social Cristiano, reconoci\u00f3 que \u00abpor motivos personales\u00bb no pudo acudir el 3 de junio a la Asamblea, por lo que, junto a Juan Pablo Molina de RC, es uno de los ausentes definitivos a esa sesi\u00f3n.<\/p>\n<p>Vera a\u00f1adi\u00f3 que por una situaci\u00f3n fortuita no se puede juzgar su historial de participaci\u00f3n en la Asamblea, a la que muy pocas veces a faltado o retrasado, especialmente en el anterior periodo legislativo.<\/p>\n<p><strong>Sanciones para todos<\/strong><br \/>\nLa asamble\u00edsta de Acci\u00f3n Democr\u00e1tica Nacional (ADN), Nathaly Farinango, dijo que el hecho de que en ese listado tambi\u00e9n aparezcan legisladores del\u00a0 oficialismo, es muestra de que \u00abno hay contemplaciones con nadie\u00bb.<\/p>\n<blockquote><p>\u00abSe cobrar\u00e1n las multas a cualquier legislador, sea de la bancada que sea, porque hay que llegar puntual\u00bb.\u00a0Nathaly Farinango, asamble\u00edsta de ADN<\/p><\/blockquote>\n<p>Seg\u00fan ADN, este reglamento con multas aplica para las sesiones del Pleno de la Asamblea, pero tambi\u00e9n para las reuniones de las comisiones legislativas. <strong>Fuente: Primicias<\/strong><\/p>\n","protected":false},"excerpt":{"rendered":"<p>Las primeras multas por retrasos y ausencias no justificadas a las sesiones del Pleno de la Asamblea ser\u00e1n aplicadas a 27 legisladores,\u00a0que llegaron tarde o no asistieron a la reuni\u00f3n del pasado 3 de junio de 2025. \u00abFuimos elegidos para trabajar por el pa\u00eds, y parte de ese trabajo implica estar presentes, a tiempo, y ser el ejemplo que Ecuador necesita\u00bb, escribi\u00f3 este 4 de junio en la red social X el presidente de la Asamblea, Niels Olsen. El funcionario explic\u00f3 que eran m\u00e1s de 20 asamble\u00edstas de diferentes organizaciones pol\u00edticas los que tendr\u00e1n que pagar la multa. El retraso es penado con USD 55,52 y la ausencia con USD 158,63. La disposici\u00f3n del 31 de mayo de Olsen fue que el listado de sancionados sea publicado en la p\u00e1gina electr\u00f3nica de la Asamblea, aunque, hasta el cierre de esta nota, no se produjo dicha publicaci\u00f3n. De todas formas se conoci\u00f3 que los primeros multados son: Dina Farinango. Esteban Torres. Luis J\u00e1come. Fernando Cede\u00f1o. Andr\u00e9s Gonz\u00e1lez. Chirstian Hern\u00e1ndez. Juan Pablo Molina. Jahiren Noriega. Fernando Jaramillo. Xavier Lasso. Nuvia Vega. Alejandro Vanegas. Comps C\u00f3rdova. Luc\u00eda Pozo. Otto Vera. Mar\u00eda del Cisne Molina. Jhonny Ter\u00e1n. Eckenner Recalde. Esperanza\u00a0 Rogel. Carlos Vargas. Dominique Serrano. Alfredo Serrano. Jaime Estrada. Fernando De La Torre. Arisdely Parrales. Jorge Guevara. David Anrango. En la mayor\u00eda de casos, las faltas ocurren por retrasos a la sesi\u00f3n convocada para las 09:00 del 3 de junio; 25 de los 27 multados si votaron sobre la reforma parcial al art\u00edculo 5 de la Constituci\u00f3n sobre bases militares extranjeras. Se har\u00e1n observaciones Jaime Estrada, de la alianza Revoluci\u00f3n Ciudadana- Reto, se sorprendi\u00f3 al ver su nombre en el listado. Considera que s\u00ed registr\u00f3 sus asistencia dentro del tiempo que les da el reglamento para no ser tomado como atraso. Estrada dijo que antes del Pleno estuvo en un desayuno con gente de Manab\u00ed, de donde es oriundo, junto a otros legisladores, con los que luego lleg\u00f3 a la Asamblea. \u00abLo raro es que nos registramos al mismo tiempo y ellos no aparecen en la lista y yo s\u00ed\u00bb, indic\u00f3 Estrada. El legislador corre\u00edsta asegur\u00f3 que no polemizar\u00e1 por la multa, pero si har\u00e1 una observaci\u00f3n al sistema y criterios que se estar\u00edan usando. Otto Vera, del Partido Social Cristiano, reconoci\u00f3 que \u00abpor motivos personales\u00bb no pudo acudir el 3 de junio a la Asamblea, por lo que, junto a Juan Pablo Molina de RC, es uno de los ausentes definitivos a esa sesi\u00f3n. Vera a\u00f1adi\u00f3 que por una situaci\u00f3n fortuita no se puede juzgar su historial de participaci\u00f3n en la Asamblea, a la que muy pocas veces a faltado o retrasado, especialmente en el anterior periodo legislativo. Sanciones para todos La asamble\u00edsta de Acci\u00f3n Democr\u00e1tica Nacional (ADN), Nathaly Farinango, dijo que el hecho de que en ese listado tambi\u00e9n aparezcan legisladores del\u00a0 oficialismo, es muestra de que \u00abno hay contemplaciones con nadie\u00bb. \u00abSe cobrar\u00e1n las multas a cualquier legislador, sea de la bancada que sea, porque hay que llegar puntual\u00bb.\u00a0Nathaly Farinango, asamble\u00edsta de ADN Seg\u00fan ADN, este reglamento con multas aplica para las sesiones del Pleno de la Asamblea, pero tambi\u00e9n para las reuniones de las comisiones legislativas. Fuente: Primicias<\/p>\n","protected":false},"author":1,"featured_media":24031,"comment_status":"open","ping_status":"open","sticky":false,"template":"","format":"standard","meta":{"footnotes":""},"categories":[268,243],"tags":[],"class_list":["post-24030","post","type-post","status-publish","format-standard","has-post-thumbnail","hentry","category-nacionales","category-noticias-zamora"],"_links":{"self":[{"href":"https:\/\/www.elamazonico.com\/portal\/wp-json\/wp\/v2\/posts\/24030","targetHints":{"allow":["GET"]}}],"collection":[{"href":"https:\/\/www.elamazonico.com\/portal\/wp-json\/wp\/v2\/posts"}],"about":[{"href":"https:\/\/www.elamazonico.com\/portal\/wp-json\/wp\/v2\/types\/post"}],"author":[{"embeddable":true,"href":"https:\/\/www.elamazonico.com\/portal\/wp-json\/wp\/v2\/users\/1"}],"replies":[{"embeddable":true,"href":"https:\/\/www.elamazonico.com\/portal\/wp-json\/wp\/v2\/comments?post=24030"}],"version-history":[{"count":2,"href":"https:\/\/www.elamazonico.com\/portal\/wp-json\/wp\/v2\/posts\/24030\/revisions"}],"predecessor-version":[{"id":24033,"href":"https:\/\/www.elamazonico.com\/portal\/wp-json\/wp\/v2\/posts\/24030\/revisions\/24033"}],"wp:featuredmedia":[{"embeddable":true,"href":"https:\/\/www.elamazonico.com\/portal\/wp-json\/wp\/v2\/media\/24031"}],"wp:attachment":[{"href":"https:\/\/www.elamazonico.com\/portal\/wp-json\/wp\/v2\/media?parent=24030"}],"wp:term":[{"taxonomy":"category","embeddable":true,"href":"https:\/\/www.elamazonico.com\/portal\/wp-json\/wp\/v2\/categories?post=24030"},{"taxonomy":"post_tag","embeddable":true,"href":"https:\/\/www.elamazonico.com\/portal\/wp-json\/wp\/v2\/tags?post=24030"}],"curies":[{"name":"wp","href":"https:\/\/api.w.org\/{rel}","templated":true}]}}