{"id":24023,"date":"2025-06-04T17:09:10","date_gmt":"2025-06-04T22:09:10","guid":{"rendered":"https:\/\/www.elamazonico.com\/portal\/?p=24023"},"modified":"2025-06-04T17:09:10","modified_gmt":"2025-06-04T22:09:10","slug":"capturan-a-alias-yuca-presunto-cabecilla-de-los-lagartos-por-medio-de-operativo-en-guasmo-sur","status":"publish","type":"post","link":"https:\/\/www.elamazonico.com\/portal\/capturan-a-alias-yuca-presunto-cabecilla-de-los-lagartos-por-medio-de-operativo-en-guasmo-sur\/","title":{"rendered":"Capturan a alias \u2018Yuca\u2019, presunto cabecilla de \u2018Los Lagartos\u2019, por medio de operativo en Guasmo Sur"},"content":{"rendered":"<div class=\"paragraph texto\">\n<p class=\"p_0\"><b>Un presunto cabecilla del grupo de delincuencia organizada \u201c<a href=\"https:\/\/www.vistazo.com\/cronologia\/-\/meta\/los-lagartos\">Los Lagartos<\/a>\u201d, identificado como Luis V., alias \u201cYuca\u201d, fue capturado por la Armada de Ecuador este mi\u00e9rcoles, en la ciudad de Guayaquil.<\/b><\/p>\n<p class=\"p_2\">La\u00a0<b>localizaci\u00f3n\u00a0<\/b>y\u00a0<b>aprehensi\u00f3n\u00a0<\/b>del individuo ocurrieron en el marco de un operativo que ten\u00eda como objetivo<b>\u00a0desarticular estructuras terroristas<\/b>\u00a0que operan en el sector del Guasmo Sur.<\/p>\n<p class=\"p_3\">\u201cEl detenido es considerado un\u00a0<b>objetivo de alto valor\u00a0<\/b>por su rol dentro de la\u00a0<b>estructura criminal<\/b>\u201d, inform\u00f3 el Ministerio de Defensa, a trav\u00e9s de sus canales oficiales en redes sociales.<\/p>\n<div>\n<div class=\"trv-player-container\">\n<div class=\"trv-wrapper\">\n<div id=\"br_video_player_99224de898efc3901421f8f821d3965a7a4d6079\" class=\"trvd_video_player trvdinstream\">\n<div class=\"media-player\">\n<div class=\"trv-video\">\n<div id=\"truvid_ima_container53877\" class=\"truvid_ima_container trv-ima-container-hidden\"><\/div>\n<\/div>\n<div class=\"trv-media-controls\">\n<div class=\"trv-bottom-controls\">\n<div class=\"bottom-right\">\n<div class=\"fullScreen trv-control\" title=\"Full Screen\">La cartera de Estado public\u00f3 im\u00e1genes en las que se observa al presunto cabecilla criminal <b>bajo custodia policial<\/b>, de pie en lo que parece ser el interior de una vivienda.<\/div>\n<\/div>\n<\/div>\n<\/div>\n<\/div>\n<\/div>\n<\/div>\n<\/div>\n<\/div>\n<\/div>\n<div class=\"multimediaMacroWrapper img lateral\">\n<figure class=\"contentMedia art-img\">\n<div><img fetchpriority=\"high\" decoding=\"async\" class=\" lazyloaded\" title=\"Arma y municiones incautadas durante el operativo de captura.\" src=\"https:\/\/www.vistazo.com\/placeholder\/svg\/viewbox\/768x960\" sizes=\"100vw\" srcset=\"\/\/www.vistazo.com\/binrepository\/768x960\/0c0\/0d0\/none\/12727\/VTKQ\/gsnead9xyaa1nhq_2233738_20250604165509.jpg 768w,\/\/www.vistazo.com\/binrepository\/640x800\/0c0\/0d0\/none\/12727\/VTKM\/gsnead9xyaa1nhq_2233738_20250604165509.jpg 640w,\/\/www.vistazo.com\/binrepository\/512x640\/0c0\/0d0\/none\/12727\/VTKS\/gsnead9xyaa1nhq_2233738_20250604165509.jpg 512w,\/\/www.vistazo.com\/binrepository\/384x480\/0c0\/0d0\/none\/12727\/VTKT\/gsnead9xyaa1nhq_2233738_20250604165509.jpg 384w,\/\/www.vistazo.com\/binrepository\/300x375\/0c0\/0d0\/none\/12727\/VTNP\/gsnead9xyaa1nhq_2233738_20250604165509.jpg 300w\" alt=\"$!Arma y municiones incautadas durante el operativo de captura.\" width=\"768\" height=\"960\" data-srcset=\"\/\/www.vistazo.com\/binrepository\/768x960\/0c0\/0d0\/none\/12727\/VTKQ\/gsnead9xyaa1nhq_2233738_20250604165509.jpg 768w,\/\/www.vistazo.com\/binrepository\/640x800\/0c0\/0d0\/none\/12727\/VTKM\/gsnead9xyaa1nhq_2233738_20250604165509.jpg 640w,\/\/www.vistazo.com\/binrepository\/512x640\/0c0\/0d0\/none\/12727\/VTKS\/gsnead9xyaa1nhq_2233738_20250604165509.jpg 512w,\/\/www.vistazo.com\/binrepository\/384x480\/0c0\/0d0\/none\/12727\/VTKT\/gsnead9xyaa1nhq_2233738_20250604165509.jpg 384w,\/\/www.vistazo.com\/binrepository\/300x375\/0c0\/0d0\/none\/12727\/VTNP\/gsnead9xyaa1nhq_2233738_20250604165509.jpg 300w\" \/><\/div>\n<div class=\"cutline-byline\"><span class=\"cutline-text\">Arma y municiones incautadas durante el operativo de captura.<\/span>\u00a0<span class=\"byline-image\">(Ministerio de Defensa)<\/span><\/div>\n<\/figure>\n<\/div>\n<div class=\"paragraph texto\">\n<p class=\"p_5\">Adem\u00e1s, fue compartida una fotograf\u00eda en la que se observa un\u00a0<b>peque\u00f1o rev\u00f3lver\u00a0<\/b>junto a una bolsa con\u00a0<b>40 proyectiles calibre 5,56\u00a0<\/b>y una\u00a0<b>cartuchera de 16 mm.<\/b><\/p>\n<p class=\"p_6\">El sujeto registra antecedentes penales por los delitos de\u00a0<b>asesinato, homicidio, tenencia de armas, asociaci\u00f3n il\u00edcita y tr\u00e1fico de drogas.<\/b><\/p>\n<\/div>\n<h2 class=\"h2vistazo\">Crisis de violencia por el auge del crimen organizado<\/h2>\n<div class=\"paragraph texto\">\n<p class=\"p_7\">En enero de 2024, el presidente de Ecuador, Daniel Noboa, declar\u00f3 un\u00a0<b>\u00abconflicto armado interno\u00bb<\/b>\u00a0en el pa\u00eds y\u00a0<b>comenz\u00f3 a calificar como \u00abterroristas\u00bb a grupos criminales como \u201cLos Lagartos\u201d,<\/b>\u00a0a los que se responsabiliza por los altos niveles de violencia en el territorio nacional, as\u00ed como por su presunta implicaci\u00f3n en actividades ilegales como el narcotr\u00e1fico y la miner\u00eda ilegal.<\/p>\n<p class=\"p_8\">Durante el primer trimestre de 2025,\u00a0<b>Ecuador registr\u00f3 2.361 homicidios, seg\u00fan cifras del Ministerio del Interior.\u00a0<\/b>Solo en marzo se contabilizaron 831 asesinatos, que se suman a los 1.530 ocurridos en enero y febrero.<\/p>\n<p class=\"p_10\">Este n\u00famero de homicidios, que equivale a\u00a0<b>un asesinato cada hora<\/b>, representa un incremento del 65% en comparaci\u00f3n con los\u00a0<b>1.428 casos<\/b>\u00a0reportados en el mismo per\u00edodo de 2024, y un 39% m\u00e1s que los\u00a0<b>1.698<\/b> homicidios registrados entre enero y marzo de 2023. Ese a\u00f1o, Ecuador se convirti\u00f3 en el pa\u00eds m\u00e1s violento de Am\u00e9rica Latina. <strong>Fuente: Vistazo<\/strong><\/p>\n<\/div>\n","protected":false},"excerpt":{"rendered":"<p>Un presunto cabecilla del grupo de delincuencia organizada \u201cLos Lagartos\u201d, identificado como Luis V., alias \u201cYuca\u201d, fue capturado por la Armada de Ecuador este mi\u00e9rcoles, en la ciudad de Guayaquil. La\u00a0localizaci\u00f3n\u00a0y\u00a0aprehensi\u00f3n\u00a0del individuo ocurrieron en el marco de un operativo que ten\u00eda como objetivo\u00a0desarticular estructuras terroristas\u00a0que operan en el sector del Guasmo Sur. \u201cEl detenido es considerado un\u00a0objetivo de alto valor\u00a0por su rol dentro de la\u00a0estructura criminal\u201d, inform\u00f3 el Ministerio de Defensa, a trav\u00e9s de sus canales oficiales en redes sociales. La cartera de Estado public\u00f3 im\u00e1genes en las que se observa al presunto cabecilla criminal bajo custodia policial, de pie en lo que parece ser el interior de una vivienda. Arma y municiones incautadas durante el operativo de captura.\u00a0(Ministerio de Defensa) Adem\u00e1s, fue compartida una fotograf\u00eda en la que se observa un\u00a0peque\u00f1o rev\u00f3lver\u00a0junto a una bolsa con\u00a040 proyectiles calibre 5,56\u00a0y una\u00a0cartuchera de 16 mm. El sujeto registra antecedentes penales por los delitos de\u00a0asesinato, homicidio, tenencia de armas, asociaci\u00f3n il\u00edcita y tr\u00e1fico de drogas. Crisis de violencia por el auge del crimen organizado En enero de 2024, el presidente de Ecuador, Daniel Noboa, declar\u00f3 un\u00a0\u00abconflicto armado interno\u00bb\u00a0en el pa\u00eds y\u00a0comenz\u00f3 a calificar como \u00abterroristas\u00bb a grupos criminales como \u201cLos Lagartos\u201d,\u00a0a los que se responsabiliza por los altos niveles de violencia en el territorio nacional, as\u00ed como por su presunta implicaci\u00f3n en actividades ilegales como el narcotr\u00e1fico y la miner\u00eda ilegal. Durante el primer trimestre de 2025,\u00a0Ecuador registr\u00f3 2.361 homicidios, seg\u00fan cifras del Ministerio del Interior.\u00a0Solo en marzo se contabilizaron 831 asesinatos, que se suman a los 1.530 ocurridos en enero y febrero. Este n\u00famero de homicidios, que equivale a\u00a0un asesinato cada hora, representa un incremento del 65% en comparaci\u00f3n con los\u00a01.428 casos\u00a0reportados en el mismo per\u00edodo de 2024, y un 39% m\u00e1s que los\u00a01.698 homicidios registrados entre enero y marzo de 2023. Ese a\u00f1o, Ecuador se convirti\u00f3 en el pa\u00eds m\u00e1s violento de Am\u00e9rica Latina. Fuente: Vistazo<\/p>\n","protected":false},"author":1,"featured_media":24024,"comment_status":"open","ping_status":"open","sticky":false,"template":"","format":"standard","meta":{"footnotes":""},"categories":[268],"tags":[],"class_list":["post-24023","post","type-post","status-publish","format-standard","has-post-thumbnail","hentry","category-nacionales"],"_links":{"self":[{"href":"https:\/\/www.elamazonico.com\/portal\/wp-json\/wp\/v2\/posts\/24023","targetHints":{"allow":["GET"]}}],"collection":[{"href":"https:\/\/www.elamazonico.com\/portal\/wp-json\/wp\/v2\/posts"}],"about":[{"href":"https:\/\/www.elamazonico.com\/portal\/wp-json\/wp\/v2\/types\/post"}],"author":[{"embeddable":true,"href":"https:\/\/www.elamazonico.com\/portal\/wp-json\/wp\/v2\/users\/1"}],"replies":[{"embeddable":true,"href":"https:\/\/www.elamazonico.com\/portal\/wp-json\/wp\/v2\/comments?post=24023"}],"version-history":[{"count":1,"href":"https:\/\/www.elamazonico.com\/portal\/wp-json\/wp\/v2\/posts\/24023\/revisions"}],"predecessor-version":[{"id":24025,"href":"https:\/\/www.elamazonico.com\/portal\/wp-json\/wp\/v2\/posts\/24023\/revisions\/24025"}],"wp:featuredmedia":[{"embeddable":true,"href":"https:\/\/www.elamazonico.com\/portal\/wp-json\/wp\/v2\/media\/24024"}],"wp:attachment":[{"href":"https:\/\/www.elamazonico.com\/portal\/wp-json\/wp\/v2\/media?parent=24023"}],"wp:term":[{"taxonomy":"category","embeddable":true,"href":"https:\/\/www.elamazonico.com\/portal\/wp-json\/wp\/v2\/categories?post=24023"},{"taxonomy":"post_tag","embeddable":true,"href":"https:\/\/www.elamazonico.com\/portal\/wp-json\/wp\/v2\/tags?post=24023"}],"curies":[{"name":"wp","href":"https:\/\/api.w.org\/{rel}","templated":true}]}}