{"id":2401,"date":"2022-01-21T07:24:00","date_gmt":"2022-01-21T12:24:00","guid":{"rendered":"https:\/\/www.elamazonico.com\/portal\/?p=2401"},"modified":"2022-01-21T07:24:03","modified_gmt":"2022-01-21T12:24:03","slug":"enmienda-o-reforma-dos-caminos-que-puede-tomar-la-consulta","status":"publish","type":"post","link":"https:\/\/www.elamazonico.com\/portal\/enmienda-o-reforma-dos-caminos-que-puede-tomar-la-consulta\/","title":{"rendered":"Enmienda o reforma: dos caminos que puede tomar la consulta"},"content":{"rendered":"\n<p>Andr\u00e9s Garc\u00eda y Jorge Gonz\u00e1lez\u2002(I)<\/p>\n\n\n\n<p>La posibilidad de que el presidente&nbsp;<strong>Guillermo Lasso&nbsp;<\/strong>llame a una&nbsp;<strong>consulta popular&nbsp;<\/strong>vuelve a presentarse. La aplicaci\u00f3n de esta herramienta constitucional se discuti\u00f3 desde la&nbsp;<strong>campa\u00f1a electoral<\/strong>. Tambi\u00e9n se mencion\u00f3 en los primeros meses de gesti\u00f3n del Ejecutivo y ahora se retoma con una fecha tentativa de ejecuci\u00f3n: en las elecciones seccionales de 2023.<\/p>\n\n\n\n<p>Uno de los temas que se eval\u00faa tiene que ver con la\u00a0<strong>arquitectura institucional<\/strong>\u00a0de la\u00a0<strong>Funci\u00f3n Judicial.<\/strong>\u00a0La opci\u00f3n que se analiza es la de eliminar el\u00a0<strong>Consejo de la Judicatura<\/strong>\u00a0(CJ) \u201cpara evitar conflictos con la Corte Nacional de Justicia\u201d.<br>El anunci\u00f3 abri\u00f3 discusiones en el \u00e1mbito jur\u00eddico y pol\u00edtico, pues las consultas populares de alcance nacional se aplicaron en seis ocasiones en los \u00faltimos 15 a\u00f1os.<\/p>\n\n\n\n<p>En t\u00e9rminos legales, si el plan de Lasso se concreta, la&nbsp;<strong>Corte Constitucional&nbsp;<\/strong>(CC) debe emitir un dictamen previo y definir la v\u00eda para dar paso a la eliminaci\u00f3n del Consejo de la Judicatura.<\/p>\n\n\n\n<p>El analista<strong>\u00a0Mauro Andino<\/strong>\u00a0y la polit\u00f3loga\u00a0<strong>Arianna Tanca<\/strong>\u00a0coinciden en que el camino, seg\u00fan la intenci\u00f3n preliminar que ha expresado Lasso, ser\u00eda una reforma parcial a la\u00a0<strong>Ley Suprema<\/strong>. Es decir, primero se tramitar\u00eda en la\u00a0<strong>Asamblea Nacional\u00a0<\/strong>en dos\u00a0<strong>debates<\/strong>, con 90 d\u00edas de diferencia. Despu\u00e9s se aprobar\u00eda y luego se llamar\u00eda a\u00a0<strong>referendo\u00a0<\/strong>en las\u00a0<strong>urnas<\/strong>.<br>Pero si lo que se busca son\u00a0<strong>cambios\u00a0<\/strong>en t\u00e9rminos de la\u00a0<strong>composici\u00f3n\u00a0<\/strong>del Consejo de la Judicatura, quiz\u00e1s ah\u00ed la v\u00eda s\u00ed pueda ser una\u00a0<strong>enmienda constitucional<\/strong>, a trav\u00e9s del\u00a0<strong>referendo\u00a0<\/strong>convocado por el\u00a0<strong>Ejecutivo<\/strong>.<\/p>\n\n\n\n<p><strong>Andino&nbsp;<\/strong>cree que detr\u00e1s de este anuncio hay una \u201ccortina de humo\u201d y que el&nbsp;<strong>Ejecutivo&nbsp;<\/strong>apelar\u00eda a esta opci\u00f3n, por la poca capacidad de maniobra que tiene en la&nbsp;<strong>Asamblea Nacional<\/strong>. \u201cEl Consejo de la Judicatura, con matices y ciertas diferencias, ya exist\u00eda desde los noventa. No es ninguna noveler\u00eda\u201d.<\/p>\n\n\n\n<p><strong>Mar\u00eda del Carmen Maldonado<\/strong>, presidenta del CJ, se\u00f1al\u00f3 el mi\u00e9rcoles que esa instituci\u00f3n se encarga de la selecci\u00f3n y evaluaci\u00f3n de jueces. Cree que ser\u00eda un \u201cerror metodol\u00f3gico\u201d su eliminaci\u00f3n.<\/p>\n\n\n\n<p>El antecedente m\u00e1s cercano sobre la ruta para eliminar una instituci\u00f3n es el caso del Consejo de Participaci\u00f3n Ciudadana (<strong>Cpccs<\/strong>). La Corte Constitucional se\u00f1al\u00f3 que el camino ser\u00eda con una&nbsp;<strong>reforma parcial&nbsp;<\/strong>a la&nbsp;<strong>Norma Superior<\/strong>.<br><strong>Lasso&nbsp;<\/strong>mencion\u00f3 que en la&nbsp;<strong>consulta&nbsp;<\/strong>se considerar\u00eda reformar las&nbsp;<strong>atribuciones&nbsp;<\/strong>del Cpccs e incluir aspectos en&nbsp;<strong>materia laboral<\/strong>. Adem\u00e1s, se mostr\u00f3 abierto a sumar temas del PSC, Unes, Pachakutik e Izquierda Democr\u00e1tica.<\/p>\n\n\n\n<p><strong>Arianna Tanca<\/strong>&nbsp;advierte que las consultas populares han tenido una relaci\u00f3n directa con la aceptaci\u00f3n que gozan los gobernantes y han servido para&nbsp;<strong>capitalizar apoyo<\/strong>. \u201cLa mayor\u00eda de los presidentes llam\u00f3 a consultas en los primeros a\u00f1os de Gobierno y con una aceptaci\u00f3n superior al 50%\u201d. Apunta que estos procesos deben ser estrat\u00e9gicos, tanto en la temporalidad como en las preguntas.<\/p>\n\n\n\n<p>Seg\u00fan el \u00faltimo reporte de&nbsp;<strong>Click<\/strong>, Lasso tiene una&nbsp;<strong>calificaci\u00f3n buena&nbsp;<\/strong>de su gesti\u00f3n, con el 51,81%.&nbsp;<strong>Perfiles de Opini\u00f3n<\/strong>, en cambio, dice que su&nbsp;<strong>calificaci\u00f3n&nbsp;<\/strong>es&nbsp;<strong>mala<\/strong>, con el 45,78%. Mientras que&nbsp;<strong>Cedatos&nbsp;<\/strong>lo coloc\u00f3 como el&nbsp;<strong>personaje del<\/strong>&nbsp;<strong>a\u00f1o&nbsp;<\/strong>2021, con el 21,8%.<\/p>\n\n\n\n<p>Para que este plan coincida con las&nbsp;<strong>seccionales<\/strong>, la consulta deber\u00eda estar definida hasta cerrar 2022, ya que los comicios se calculan para febrero del pr\u00f3ximo a\u00f1o. Los mecanismos de&nbsp;<strong>democracia&nbsp;<\/strong>directa tambi\u00e9n se impulsan desde la ciudadan\u00eda. La CC ha conocido 27 iniciativas de consulta popular y 15 de referendo, entre mayo de 2019 y octubre de 2021. De ellas, solo una fue aprobada.<\/p>\n\n\n\n<p>As\u00ed, el 7 de febrero de 2021 se celebr\u00f3 en\u00a0<strong>Cuenca\u00a0<\/strong>una consulta que aprob\u00f3 en las urnas (con m\u00e1s del 80% de los votos) la prohibici\u00f3n de\u00a0<strong>explotaci\u00f3n minera\u00a0<\/strong>en las zonas de recarga h\u00eddrica de cuatro r\u00edos. De las 27 propuestas de consultas, 18 fueron nacionales y 9 seccionales. Se pidieron dict\u00e1menes para instalar asambleas constituyentes, eliminar pensiones para exmandatarios, reapertura de casinos o reducci\u00f3n de asamble\u00edstas. (I) Fuente: El Comercio<\/p>\n","protected":false},"excerpt":{"rendered":"<p>Andr\u00e9s Garc\u00eda y Jorge Gonz\u00e1lez\u2002(I) La posibilidad de que el presidente&nbsp;Guillermo Lasso&nbsp;llame a una&nbsp;consulta popular&nbsp;vuelve a presentarse. La aplicaci\u00f3n de esta herramienta constitucional se discuti\u00f3 desde la&nbsp;campa\u00f1a electoral. Tambi\u00e9n se mencion\u00f3 en los primeros meses de gesti\u00f3n del Ejecutivo y ahora se retoma con una fecha tentativa de ejecuci\u00f3n: en las elecciones seccionales de 2023. Uno de los temas que se eval\u00faa tiene que ver con la\u00a0arquitectura institucional\u00a0de la\u00a0Funci\u00f3n Judicial.\u00a0La opci\u00f3n que se analiza es la de eliminar el\u00a0Consejo de la Judicatura\u00a0(CJ) \u201cpara evitar conflictos con la Corte Nacional de Justicia\u201d.El anunci\u00f3 abri\u00f3 discusiones en el \u00e1mbito jur\u00eddico y pol\u00edtico, pues las consultas populares de alcance nacional se aplicaron en seis ocasiones en los \u00faltimos 15 a\u00f1os. En t\u00e9rminos legales, si el plan de Lasso se concreta, la&nbsp;Corte Constitucional&nbsp;(CC) debe emitir un dictamen previo y definir la v\u00eda para dar paso a la eliminaci\u00f3n del Consejo de la Judicatura. El analista\u00a0Mauro Andino\u00a0y la polit\u00f3loga\u00a0Arianna Tanca\u00a0coinciden en que el camino, seg\u00fan la intenci\u00f3n preliminar que ha expresado Lasso, ser\u00eda una reforma parcial a la\u00a0Ley Suprema. Es decir, primero se tramitar\u00eda en la\u00a0Asamblea Nacional\u00a0en dos\u00a0debates, con 90 d\u00edas de diferencia. Despu\u00e9s se aprobar\u00eda y luego se llamar\u00eda a\u00a0referendo\u00a0en las\u00a0urnas.Pero si lo que se busca son\u00a0cambios\u00a0en t\u00e9rminos de la\u00a0composici\u00f3n\u00a0del Consejo de la Judicatura, quiz\u00e1s ah\u00ed la v\u00eda s\u00ed pueda ser una\u00a0enmienda constitucional, a trav\u00e9s del\u00a0referendo\u00a0convocado por el\u00a0Ejecutivo. Andino&nbsp;cree que detr\u00e1s de este anuncio hay una \u201ccortina de humo\u201d y que el&nbsp;Ejecutivo&nbsp;apelar\u00eda a esta opci\u00f3n, por la poca capacidad de maniobra que tiene en la&nbsp;Asamblea Nacional. \u201cEl Consejo de la Judicatura, con matices y ciertas diferencias, ya exist\u00eda desde los noventa. No es ninguna noveler\u00eda\u201d. Mar\u00eda del Carmen Maldonado, presidenta del CJ, se\u00f1al\u00f3 el mi\u00e9rcoles que esa instituci\u00f3n se encarga de la selecci\u00f3n y evaluaci\u00f3n de jueces. Cree que ser\u00eda un \u201cerror metodol\u00f3gico\u201d su eliminaci\u00f3n. El antecedente m\u00e1s cercano sobre la ruta para eliminar una instituci\u00f3n es el caso del Consejo de Participaci\u00f3n Ciudadana (Cpccs). La Corte Constitucional se\u00f1al\u00f3 que el camino ser\u00eda con una&nbsp;reforma parcial&nbsp;a la&nbsp;Norma Superior.Lasso&nbsp;mencion\u00f3 que en la&nbsp;consulta&nbsp;se considerar\u00eda reformar las&nbsp;atribuciones&nbsp;del Cpccs e incluir aspectos en&nbsp;materia laboral. Adem\u00e1s, se mostr\u00f3 abierto a sumar temas del PSC, Unes, Pachakutik e Izquierda Democr\u00e1tica. Arianna Tanca&nbsp;advierte que las consultas populares han tenido una relaci\u00f3n directa con la aceptaci\u00f3n que gozan los gobernantes y han servido para&nbsp;capitalizar apoyo. \u201cLa mayor\u00eda de los presidentes llam\u00f3 a consultas en los primeros a\u00f1os de Gobierno y con una aceptaci\u00f3n superior al 50%\u201d. Apunta que estos procesos deben ser estrat\u00e9gicos, tanto en la temporalidad como en las preguntas. Seg\u00fan el \u00faltimo reporte de&nbsp;Click, Lasso tiene una&nbsp;calificaci\u00f3n buena&nbsp;de su gesti\u00f3n, con el 51,81%.&nbsp;Perfiles de Opini\u00f3n, en cambio, dice que su&nbsp;calificaci\u00f3n&nbsp;es&nbsp;mala, con el 45,78%. Mientras que&nbsp;Cedatos&nbsp;lo coloc\u00f3 como el&nbsp;personaje del&nbsp;a\u00f1o&nbsp;2021, con el 21,8%. Para que este plan coincida con las&nbsp;seccionales, la consulta deber\u00eda estar definida hasta cerrar 2022, ya que los comicios se calculan para febrero del pr\u00f3ximo a\u00f1o. Los mecanismos de&nbsp;democracia&nbsp;directa tambi\u00e9n se impulsan desde la ciudadan\u00eda. La CC ha conocido 27 iniciativas de consulta popular y 15 de referendo, entre mayo de 2019 y octubre de 2021. De ellas, solo una fue aprobada. As\u00ed, el 7 de febrero de 2021 se celebr\u00f3 en\u00a0Cuenca\u00a0una consulta que aprob\u00f3 en las urnas (con m\u00e1s del 80% de los votos) la prohibici\u00f3n de\u00a0explotaci\u00f3n minera\u00a0en las zonas de recarga h\u00eddrica de cuatro r\u00edos. De las 27 propuestas de consultas, 18 fueron nacionales y 9 seccionales. Se pidieron dict\u00e1menes para instalar asambleas constituyentes, eliminar pensiones para exmandatarios, reapertura de casinos o reducci\u00f3n de asamble\u00edstas. (I) Fuente: El Comercio<\/p>\n","protected":false},"author":1,"featured_media":2402,"comment_status":"open","ping_status":"open","sticky":false,"template":"","format":"standard","meta":{"footnotes":""},"categories":[268],"tags":[],"class_list":["post-2401","post","type-post","status-publish","format-standard","has-post-thumbnail","hentry","category-nacionales"],"_links":{"self":[{"href":"https:\/\/www.elamazonico.com\/portal\/wp-json\/wp\/v2\/posts\/2401","targetHints":{"allow":["GET"]}}],"collection":[{"href":"https:\/\/www.elamazonico.com\/portal\/wp-json\/wp\/v2\/posts"}],"about":[{"href":"https:\/\/www.elamazonico.com\/portal\/wp-json\/wp\/v2\/types\/post"}],"author":[{"embeddable":true,"href":"https:\/\/www.elamazonico.com\/portal\/wp-json\/wp\/v2\/users\/1"}],"replies":[{"embeddable":true,"href":"https:\/\/www.elamazonico.com\/portal\/wp-json\/wp\/v2\/comments?post=2401"}],"version-history":[{"count":1,"href":"https:\/\/www.elamazonico.com\/portal\/wp-json\/wp\/v2\/posts\/2401\/revisions"}],"predecessor-version":[{"id":2403,"href":"https:\/\/www.elamazonico.com\/portal\/wp-json\/wp\/v2\/posts\/2401\/revisions\/2403"}],"wp:featuredmedia":[{"embeddable":true,"href":"https:\/\/www.elamazonico.com\/portal\/wp-json\/wp\/v2\/media\/2402"}],"wp:attachment":[{"href":"https:\/\/www.elamazonico.com\/portal\/wp-json\/wp\/v2\/media?parent=2401"}],"wp:term":[{"taxonomy":"category","embeddable":true,"href":"https:\/\/www.elamazonico.com\/portal\/wp-json\/wp\/v2\/categories?post=2401"},{"taxonomy":"post_tag","embeddable":true,"href":"https:\/\/www.elamazonico.com\/portal\/wp-json\/wp\/v2\/tags?post=2401"}],"curies":[{"name":"wp","href":"https:\/\/api.w.org\/{rel}","templated":true}]}}