{"id":24006,"date":"2025-06-04T15:05:56","date_gmt":"2025-06-04T20:05:56","guid":{"rendered":"https:\/\/www.elamazonico.com\/portal\/?p=24006"},"modified":"2025-06-04T15:06:11","modified_gmt":"2025-06-04T20:06:11","slug":"jueza-vincula-a-andres-arauz-esther-cuesta-y-raul-gonzalez-al-caso-ligados-y-ordena-retencion-de-cuentas-por-16-mil-dolares","status":"publish","type":"post","link":"https:\/\/www.elamazonico.com\/portal\/jueza-vincula-a-andres-arauz-esther-cuesta-y-raul-gonzalez-al-caso-ligados-y-ordena-retencion-de-cuentas-por-16-mil-dolares\/","title":{"rendered":"Jueza vincula a Andr\u00e9s Arauz, Esther Cuesta y Ra\u00fal Gonz\u00e1lez al caso Ligados y ordena retenci\u00f3n de cuentas por 16 mil d\u00f3lares"},"content":{"rendered":"<div class=\"paragraph texto\">\n<p class=\"p_0\">La jueza de la Corte Nacional de Justicia,\u00a0<b>Daniella Camacho<\/b>, acept\u00f3 este 4 de junio de 2025 la vinculaci\u00f3n de\u00a0<b>Andr\u00e9s Arauz<\/b>, excandidato presidencial y dirigente de Revoluci\u00f3n Ciudadana; la exasamble\u00edsta\u00a0<b>Esther Cuesta<\/b>; y\u00a0<b>Ra\u00fal Gonz\u00e1lez Carri\u00f3n<\/b>, a quien intentaron posesionar como Superintendente de Bancos, al proceso por presunta asociaci\u00f3n il\u00edcita en el caso\u00a0<b><a href=\"https:\/\/www.vistazo.com\/cronologia\/-\/meta\/caso-ligados\" target=\"_blank\" rel=\"noopener noreferrer\">Ligados<\/a><\/b>.<\/p>\n<p class=\"p_2\">Durante la audiencia de vinculaci\u00f3n, la jueza acogi\u00f3 las\u00a0<b>medidas cautelares<\/b>\u00a0solicitadas por la Fiscal\u00eda General del Estado (FGE).<\/p>\n<p class=\"p_3\">Camacho dispuso la\u00a0<b>prohibici\u00f3n\u00a0<\/b>de salida del pa\u00eds para Ra\u00fal Gonz\u00e1lez, mientras que Andr\u00e9s Arauz y Esther Cuesta deber\u00e1n\u00a0<b>presentarse\u00a0<\/b>mensualmente ante la Corte Nacional de Justicia.<\/p>\n<div>\n<div class=\"trv-player-container\">\n<div class=\"trv-wrapper\">\n<div id=\"br_video_player_4cf00d9563f7b4c03084f8f821d3965a7a4d6079\" class=\"trvd_video_player trvdinstream\">\n<div class=\"media-player\">\n<div class=\"trv-video\">\n<div id=\"truvid_ima_container5455\" class=\"truvid_ima_container trv-ima-container-hidden\">\n<div>Adem\u00e1s, la magistrada orden\u00f3 la <b>retenci\u00f3n\u00a0<\/b>de fondos por un monto de 16.290 d\u00f3lares.<\/div>\n<\/div>\n<\/div>\n<\/div>\n<\/div>\n<\/div>\n<\/div>\n<\/div>\n<p class=\"p_5\">Sin embargo, seg\u00fan informaci\u00f3n oficial, Andr\u00e9s Arauz se encuentra en\u00a0<b>M\u00e9xico\u00a0<\/b>y Esther Cuesta en\u00a0<b>Italia<\/b>, por lo que deber\u00e1n regresar a Ecuador para cumplir con la decisi\u00f3n judicial, que deber\u00e1 cumplirse a partir del 13 de junio.<\/p>\n<p class=\"p_6\">En el caso de Ra\u00fal Gonz\u00e1lez se orden\u00f3 que se presente peri\u00f3dicamente ante la Corte Provincial del Guayas, ya que reside en\u00a0<b>Guayaquil<\/b>.<\/p>\n<\/div>\n<div class=\"multimediaMacroWrapper img lateral\">\n<figure class=\"contentMedia art-img\">\n<div><img fetchpriority=\"high\" decoding=\"async\" class=\" lazyloaded\" title=\"La jueza de la Corte Nacional de Justicia, Daniella Camacho.\" src=\"https:\/\/www.vistazo.com\/placeholder\/svg\/viewbox\/768x474\" sizes=\"100vw\" srcset=\"\/\/www.vistazo.com\/binrepository\/768x474\/0c0\/0d0\/none\/12727\/TWMM\/daniella-camacho_2233279_20250604141850.jpg 768w,\/\/www.vistazo.com\/binrepository\/640x395\/0c0\/0d0\/none\/12727\/TWML\/daniella-camacho_2233279_20250604141850.jpg 640w,\/\/www.vistazo.com\/binrepository\/512x316\/0c0\/0d0\/none\/12727\/TWMA\/daniella-camacho_2233279_20250604141850.jpg 512w,\/\/www.vistazo.com\/binrepository\/384x237\/0c0\/0d0\/none\/12727\/TWMH\/daniella-camacho_2233279_20250604141850.jpg 384w,\/\/www.vistazo.com\/binrepository\/300x185\/0c0\/0d0\/none\/12727\/TWMN\/daniella-camacho_2233279_20250604141850.jpg 300w\" alt=\"$!La jueza de la Corte Nacional de Justicia, Daniella Camacho.\" width=\"768\" height=\"474\" data-srcset=\"\/\/www.vistazo.com\/binrepository\/768x474\/0c0\/0d0\/none\/12727\/TWMM\/daniella-camacho_2233279_20250604141850.jpg 768w,\/\/www.vistazo.com\/binrepository\/640x395\/0c0\/0d0\/none\/12727\/TWML\/daniella-camacho_2233279_20250604141850.jpg 640w,\/\/www.vistazo.com\/binrepository\/512x316\/0c0\/0d0\/none\/12727\/TWMA\/daniella-camacho_2233279_20250604141850.jpg 512w,\/\/www.vistazo.com\/binrepository\/384x237\/0c0\/0d0\/none\/12727\/TWMH\/daniella-camacho_2233279_20250604141850.jpg 384w,\/\/www.vistazo.com\/binrepository\/300x185\/0c0\/0d0\/none\/12727\/TWMN\/daniella-camacho_2233279_20250604141850.jpg 300w\" \/><\/div>\n<div class=\"cutline-byline\"><span class=\"cutline-text\">La jueza de la Corte Nacional de Justicia, Daniella Camacho.<\/span><\/div>\n<\/figure>\n<\/div>\n<div class=\"paragraph texto\">\n<p class=\"p_7\">Cuesta, Arauz y Gonz\u00e1lez fueron se\u00f1alados por la FGE como presuntos\u00a0<b>autores directos<\/b>\u00a0de asociaci\u00f3n il\u00edcita en el caso Ligados, que investiga una supuesta red vinculada al Consejo de Participaci\u00f3n Ciudadana y Control Social (<b>CPCCS<\/b>). En esta causa ya hay otros cuatro procesados, entre ellos el exconsejero\u00a0<b>Augusto Verduga<\/b>.<\/p>\n<p class=\"p_8\">Ante la jueza Camacho, el fiscal general subrogante,\u00a0<b>Wilson Toainga<\/b>\u00a0present\u00f3 los elementos de convicci\u00f3n que respaldan la vinculaci\u00f3n, entre ellos los\u00a0<u>chats del celular de Verduga<\/u>, donde constan m\u00faltiples conversaciones que revelar\u00edan estrategias il\u00edcitas para tomar del control de la institucionalidad del Estado a trav\u00e9s del CPCCS, por parte de un grupo de vocales afines al corre\u00edsmo (<i>Liga Azul<\/i>).<\/p>\n<p class=\"p_9\">Entre estos actos se incluir\u00eda la designaci\u00f3n de autoridades cercanas al movimiento\u00a0<b>Revoluci\u00f3n Ciudadana<\/b>, como el caso del superintendente de Bancos. Precisamente, Ra\u00fal Gonz\u00e1lez fue designado de manera irregular para ese cargo \u2014correspondiente al per\u00edodo 2022-2027\u2014 por los\u00a0<b>exvocales\u00a0<\/b>del CPCCS que actualmente est\u00e1n procesados en esta causa: Augusto Verduga, Yadira Saltos y Eduardo Franco Loor. Nicole Bonifaz tambi\u00e9n fue procesada, pero contin\u00faa ejerciendo funciones como vocal.<\/p>\n<p class=\"p_10\">Seg\u00fan la Fiscal\u00eda, Esther Cuesta, Andr\u00e9s Arauz y Ra\u00fal Gonz\u00e1lez son mencionados de forma reiterada en los chats de Verduga.<\/p>\n<p class=\"p_11\">El fiscal subrogante, Wilson Toainga, tambi\u00e9n se\u00f1al\u00f3 que las evidencias demuestran c\u00f3mo la sede del Consejo de Participaci\u00f3n Ciudadana fue utilizada como una especie de \u201c<b>partido pol\u00edtico<\/b>\u201d. <strong>Fuente: Vistazo<\/strong><\/p>\n<\/div>\n","protected":false},"excerpt":{"rendered":"<p>La jueza de la Corte Nacional de Justicia,\u00a0Daniella Camacho, acept\u00f3 este 4 de junio de 2025 la vinculaci\u00f3n de\u00a0Andr\u00e9s Arauz, excandidato presidencial y dirigente de Revoluci\u00f3n Ciudadana; la exasamble\u00edsta\u00a0Esther Cuesta; y\u00a0Ra\u00fal Gonz\u00e1lez Carri\u00f3n, a quien intentaron posesionar como Superintendente de Bancos, al proceso por presunta asociaci\u00f3n il\u00edcita en el caso\u00a0Ligados. Durante la audiencia de vinculaci\u00f3n, la jueza acogi\u00f3 las\u00a0medidas cautelares\u00a0solicitadas por la Fiscal\u00eda General del Estado (FGE). Camacho dispuso la\u00a0prohibici\u00f3n\u00a0de salida del pa\u00eds para Ra\u00fal Gonz\u00e1lez, mientras que Andr\u00e9s Arauz y Esther Cuesta deber\u00e1n\u00a0presentarse\u00a0mensualmente ante la Corte Nacional de Justicia. Adem\u00e1s, la magistrada orden\u00f3 la retenci\u00f3n\u00a0de fondos por un monto de 16.290 d\u00f3lares. Sin embargo, seg\u00fan informaci\u00f3n oficial, Andr\u00e9s Arauz se encuentra en\u00a0M\u00e9xico\u00a0y Esther Cuesta en\u00a0Italia, por lo que deber\u00e1n regresar a Ecuador para cumplir con la decisi\u00f3n judicial, que deber\u00e1 cumplirse a partir del 13 de junio. En el caso de Ra\u00fal Gonz\u00e1lez se orden\u00f3 que se presente peri\u00f3dicamente ante la Corte Provincial del Guayas, ya que reside en\u00a0Guayaquil. La jueza de la Corte Nacional de Justicia, Daniella Camacho. Cuesta, Arauz y Gonz\u00e1lez fueron se\u00f1alados por la FGE como presuntos\u00a0autores directos\u00a0de asociaci\u00f3n il\u00edcita en el caso Ligados, que investiga una supuesta red vinculada al Consejo de Participaci\u00f3n Ciudadana y Control Social (CPCCS). En esta causa ya hay otros cuatro procesados, entre ellos el exconsejero\u00a0Augusto Verduga. Ante la jueza Camacho, el fiscal general subrogante,\u00a0Wilson Toainga\u00a0present\u00f3 los elementos de convicci\u00f3n que respaldan la vinculaci\u00f3n, entre ellos los\u00a0chats del celular de Verduga, donde constan m\u00faltiples conversaciones que revelar\u00edan estrategias il\u00edcitas para tomar del control de la institucionalidad del Estado a trav\u00e9s del CPCCS, por parte de un grupo de vocales afines al corre\u00edsmo (Liga Azul). Entre estos actos se incluir\u00eda la designaci\u00f3n de autoridades cercanas al movimiento\u00a0Revoluci\u00f3n Ciudadana, como el caso del superintendente de Bancos. Precisamente, Ra\u00fal Gonz\u00e1lez fue designado de manera irregular para ese cargo \u2014correspondiente al per\u00edodo 2022-2027\u2014 por los\u00a0exvocales\u00a0del CPCCS que actualmente est\u00e1n procesados en esta causa: Augusto Verduga, Yadira Saltos y Eduardo Franco Loor. Nicole Bonifaz tambi\u00e9n fue procesada, pero contin\u00faa ejerciendo funciones como vocal. Seg\u00fan la Fiscal\u00eda, Esther Cuesta, Andr\u00e9s Arauz y Ra\u00fal Gonz\u00e1lez son mencionados de forma reiterada en los chats de Verduga. El fiscal subrogante, Wilson Toainga, tambi\u00e9n se\u00f1al\u00f3 que las evidencias demuestran c\u00f3mo la sede del Consejo de Participaci\u00f3n Ciudadana fue utilizada como una especie de \u201cpartido pol\u00edtico\u201d. Fuente: Vistazo<\/p>\n","protected":false},"author":1,"featured_media":24007,"comment_status":"open","ping_status":"open","sticky":false,"template":"","format":"standard","meta":{"footnotes":""},"categories":[268],"tags":[],"class_list":["post-24006","post","type-post","status-publish","format-standard","has-post-thumbnail","hentry","category-nacionales"],"_links":{"self":[{"href":"https:\/\/www.elamazonico.com\/portal\/wp-json\/wp\/v2\/posts\/24006","targetHints":{"allow":["GET"]}}],"collection":[{"href":"https:\/\/www.elamazonico.com\/portal\/wp-json\/wp\/v2\/posts"}],"about":[{"href":"https:\/\/www.elamazonico.com\/portal\/wp-json\/wp\/v2\/types\/post"}],"author":[{"embeddable":true,"href":"https:\/\/www.elamazonico.com\/portal\/wp-json\/wp\/v2\/users\/1"}],"replies":[{"embeddable":true,"href":"https:\/\/www.elamazonico.com\/portal\/wp-json\/wp\/v2\/comments?post=24006"}],"version-history":[{"count":1,"href":"https:\/\/www.elamazonico.com\/portal\/wp-json\/wp\/v2\/posts\/24006\/revisions"}],"predecessor-version":[{"id":24008,"href":"https:\/\/www.elamazonico.com\/portal\/wp-json\/wp\/v2\/posts\/24006\/revisions\/24008"}],"wp:featuredmedia":[{"embeddable":true,"href":"https:\/\/www.elamazonico.com\/portal\/wp-json\/wp\/v2\/media\/24007"}],"wp:attachment":[{"href":"https:\/\/www.elamazonico.com\/portal\/wp-json\/wp\/v2\/media?parent=24006"}],"wp:term":[{"taxonomy":"category","embeddable":true,"href":"https:\/\/www.elamazonico.com\/portal\/wp-json\/wp\/v2\/categories?post=24006"},{"taxonomy":"post_tag","embeddable":true,"href":"https:\/\/www.elamazonico.com\/portal\/wp-json\/wp\/v2\/tags?post=24006"}],"curies":[{"name":"wp","href":"https:\/\/api.w.org\/{rel}","templated":true}]}}