{"id":24003,"date":"2025-06-04T10:06:29","date_gmt":"2025-06-04T15:06:29","guid":{"rendered":"https:\/\/www.elamazonico.com\/portal\/?p=24003"},"modified":"2025-06-04T10:06:29","modified_gmt":"2025-06-04T15:06:29","slug":"caso-blanqueo-fito-hay-otros-cuatro-familiares-del-lider-de-los-choneros-investigados-por-lavado-de-activos","status":"publish","type":"post","link":"https:\/\/www.elamazonico.com\/portal\/caso-blanqueo-fito-hay-otros-cuatro-familiares-del-lider-de-los-choneros-investigados-por-lavado-de-activos\/","title":{"rendered":"Caso \u2018Blanqueo Fito\u2019: hay otros cuatro familiares del l\u00edder de Los Choneros investigados por lavado de activos"},"content":{"rendered":"<p class=\"p_0\">El ministro del Interior,\u00a0<b>John Reimberg<\/b>, confirm\u00f3 que otras cuatro personas del c\u00edrculo familiar de Adolfo Mac\u00edas Villamar,\u00a0<i><b><a href=\"https:\/\/www.vistazo.com\/actualidad\/internacional\/2025-04-02-alias-fito-estados-unidos-cadena-perpetua-narcotrafico-trafico-armas-GK9059293\" target=\"_blank\" rel=\"noopener noreferrer\">alias Fito<\/a><\/b><\/i>, est\u00e1n bajo investigaci\u00f3n por su presunta vinculaci\u00f3n en el caso \u2018<b>Blanqueo Fito<\/b>\u2019, una red dedicada al lavado de activos.<\/p>\n<p class=\"p_2\">El anuncio se dio tras la detenci\u00f3n y encarcelamiento preventivo de seis familiares del cabecilla de\u00a0<i>Los Choneros<\/i>, entre ellos su hermano\u00a0<a href=\"https:\/\/www.vistazo.com\/actualidad\/nacional\/2025-06-02-choneros-yandry-macias-hermano-fito-funcionario-publico-patrimonio-detenido-lavado-activos-YD9432331\">Yandry Nicomedes Mac\u00edas Villamar,<\/a>\u00a0quienes fueron procesados luego de una extensa audiencia judicial.<\/p>\n<p class=\"p_3\">\u201c<u>Tengo cuatro blancos m\u00e1s que estamos investigando y son parte del mismo c\u00edrculo de\u00a0<\/u><u><i>alias Fito<\/i><\/u>\u201d, asegur\u00f3 Reimberg, este mi\u00e9rcoles 4 de junio, sobre las operaciones con los familiares del narcotraficante pr\u00f3fugo.<\/p>\n<div>\n<div class=\"trv-player-container\">\n<div class=\"trv-wrapper\">\n<div id=\"br_video_player_31ccf9aa7c6fb39febfef8f821d3965a7a4d6079\" class=\"trvd_video_player trvdinstream\">\n<div class=\"media-player\">\n<div class=\"trv-video\">\n<div id=\"truvid_ima_container60528\" class=\"truvid_ima_container trv-ima-container-hidden\">\n<div>El funcionario destac\u00f3 que ya se ha dado \u00abun golpe claro a una parte importante de la familia de \u00e9l (Fito), por estar vinculados en el negocio il\u00edcito de lavado de activos\u00bb.<\/div>\n<\/div>\n<\/div>\n<\/div>\n<\/div>\n<\/div>\n<\/div>\n<\/div>\n<p class=\"p_5\">Asimismo, Reimberg explic\u00f3 que la UAFE (Unidad de An\u00e1lisis Financiero), la Fiscal\u00eda y la Polic\u00eda han trabajado de forma coordinada para recopilar informaci\u00f3n precisa, lo que \u2014seg\u00fan dijo\u2014 justific\u00f3 el tiempo que tom\u00f3 el proceso. \u201cNos tardamos un poco porque era parte del trabajo investigativo\u201d, se\u00f1al\u00f3.<\/p>\n<p class=\"p_7\">El ministro tambi\u00e9n manifest\u00f3 que el bloque de b\u00fasqueda est\u00e1 operando con fuerza. \u201cHemos hecho lo que muchos pensaban que no hab\u00eda la valent\u00eda: ingresar a sus bienes, a sus barrios, a su casa, e incautarlos, as\u00ed como intervenir sus compa\u00f1\u00edas. Estos son pasos firmes que estamos dando\u201d, afirm\u00f3.<\/p>\n<p class=\"p_8\">La investigaci\u00f3n \u2013a cargo de la Unidad Antilavado de Activos\u2013 se inici\u00f3 el 3 de abril de 2024, con base en el Reporte de Operaciones Inusuales e Injustificadas (ROII) emitido por la UAFE, el cual evidenciar\u00eda presuntas irregularidades financieras cometidas por el c\u00edrculo familiar de\u00a0<i>Fito<\/i>.<\/p>\n<p class=\"p_9\">Dicho reporte se\u00f1ala que Inda Mariela P. T. (<b>esposa<\/b>) y Ver\u00f3nica Narcisa B. Z., (<b>pareja sentimental<\/b>) habr\u00edan ingresado \u2013de forma inusual e injustificada\u2013 al Sistema Financiero Nacional,<u>\u00a0m\u00e1s de 2 millones de d\u00f3lares, entre 2016 a 2023<\/u>.<\/p>\n<p class=\"p_10\">Se presume que el dinero provendr\u00eda del cometimiento de delitos cometidos por grupos de delincuencia organizada, liderados por alias \u201cFito\u201d, como narcotr\u00e1fico, microtr\u00e1fico, auto gobernanza carcelaria, secuestros, extorsi\u00f3n, sicariato, robo, control de agencias de tr\u00e1nsito para matriculaci\u00f3n de automotores, entre otros. <strong>Fuente: Vistazo<\/strong><\/p>\n","protected":false},"excerpt":{"rendered":"<p>El ministro del Interior,\u00a0John Reimberg, confirm\u00f3 que otras cuatro personas del c\u00edrculo familiar de Adolfo Mac\u00edas Villamar,\u00a0alias Fito, est\u00e1n bajo investigaci\u00f3n por su presunta vinculaci\u00f3n en el caso \u2018Blanqueo Fito\u2019, una red dedicada al lavado de activos. El anuncio se dio tras la detenci\u00f3n y encarcelamiento preventivo de seis familiares del cabecilla de\u00a0Los Choneros, entre ellos su hermano\u00a0Yandry Nicomedes Mac\u00edas Villamar,\u00a0quienes fueron procesados luego de una extensa audiencia judicial. \u201cTengo cuatro blancos m\u00e1s que estamos investigando y son parte del mismo c\u00edrculo de\u00a0alias Fito\u201d, asegur\u00f3 Reimberg, este mi\u00e9rcoles 4 de junio, sobre las operaciones con los familiares del narcotraficante pr\u00f3fugo. El funcionario destac\u00f3 que ya se ha dado \u00abun golpe claro a una parte importante de la familia de \u00e9l (Fito), por estar vinculados en el negocio il\u00edcito de lavado de activos\u00bb. Asimismo, Reimberg explic\u00f3 que la UAFE (Unidad de An\u00e1lisis Financiero), la Fiscal\u00eda y la Polic\u00eda han trabajado de forma coordinada para recopilar informaci\u00f3n precisa, lo que \u2014seg\u00fan dijo\u2014 justific\u00f3 el tiempo que tom\u00f3 el proceso. \u201cNos tardamos un poco porque era parte del trabajo investigativo\u201d, se\u00f1al\u00f3. El ministro tambi\u00e9n manifest\u00f3 que el bloque de b\u00fasqueda est\u00e1 operando con fuerza. \u201cHemos hecho lo que muchos pensaban que no hab\u00eda la valent\u00eda: ingresar a sus bienes, a sus barrios, a su casa, e incautarlos, as\u00ed como intervenir sus compa\u00f1\u00edas. Estos son pasos firmes que estamos dando\u201d, afirm\u00f3. La investigaci\u00f3n \u2013a cargo de la Unidad Antilavado de Activos\u2013 se inici\u00f3 el 3 de abril de 2024, con base en el Reporte de Operaciones Inusuales e Injustificadas (ROII) emitido por la UAFE, el cual evidenciar\u00eda presuntas irregularidades financieras cometidas por el c\u00edrculo familiar de\u00a0Fito. Dicho reporte se\u00f1ala que Inda Mariela P. T. (esposa) y Ver\u00f3nica Narcisa B. Z., (pareja sentimental) habr\u00edan ingresado \u2013de forma inusual e injustificada\u2013 al Sistema Financiero Nacional,\u00a0m\u00e1s de 2 millones de d\u00f3lares, entre 2016 a 2023. Se presume que el dinero provendr\u00eda del cometimiento de delitos cometidos por grupos de delincuencia organizada, liderados por alias \u201cFito\u201d, como narcotr\u00e1fico, microtr\u00e1fico, auto gobernanza carcelaria, secuestros, extorsi\u00f3n, sicariato, robo, control de agencias de tr\u00e1nsito para matriculaci\u00f3n de automotores, entre otros. Fuente: Vistazo<\/p>\n","protected":false},"author":1,"featured_media":24004,"comment_status":"open","ping_status":"open","sticky":false,"template":"","format":"standard","meta":{"footnotes":""},"categories":[268],"tags":[],"class_list":["post-24003","post","type-post","status-publish","format-standard","has-post-thumbnail","hentry","category-nacionales"],"_links":{"self":[{"href":"https:\/\/www.elamazonico.com\/portal\/wp-json\/wp\/v2\/posts\/24003","targetHints":{"allow":["GET"]}}],"collection":[{"href":"https:\/\/www.elamazonico.com\/portal\/wp-json\/wp\/v2\/posts"}],"about":[{"href":"https:\/\/www.elamazonico.com\/portal\/wp-json\/wp\/v2\/types\/post"}],"author":[{"embeddable":true,"href":"https:\/\/www.elamazonico.com\/portal\/wp-json\/wp\/v2\/users\/1"}],"replies":[{"embeddable":true,"href":"https:\/\/www.elamazonico.com\/portal\/wp-json\/wp\/v2\/comments?post=24003"}],"version-history":[{"count":1,"href":"https:\/\/www.elamazonico.com\/portal\/wp-json\/wp\/v2\/posts\/24003\/revisions"}],"predecessor-version":[{"id":24005,"href":"https:\/\/www.elamazonico.com\/portal\/wp-json\/wp\/v2\/posts\/24003\/revisions\/24005"}],"wp:featuredmedia":[{"embeddable":true,"href":"https:\/\/www.elamazonico.com\/portal\/wp-json\/wp\/v2\/media\/24004"}],"wp:attachment":[{"href":"https:\/\/www.elamazonico.com\/portal\/wp-json\/wp\/v2\/media?parent=24003"}],"wp:term":[{"taxonomy":"category","embeddable":true,"href":"https:\/\/www.elamazonico.com\/portal\/wp-json\/wp\/v2\/categories?post=24003"},{"taxonomy":"post_tag","embeddable":true,"href":"https:\/\/www.elamazonico.com\/portal\/wp-json\/wp\/v2\/tags?post=24003"}],"curies":[{"name":"wp","href":"https:\/\/api.w.org\/{rel}","templated":true}]}}