{"id":23996,"date":"2025-06-04T06:12:48","date_gmt":"2025-06-04T11:12:48","guid":{"rendered":"https:\/\/www.elamazonico.com\/portal\/?p=23996"},"modified":"2025-06-04T06:12:48","modified_gmt":"2025-06-04T11:12:48","slug":"nueva-directiva-del-congope-marca-un-reordenamiento-politico-a-nivel-nacional","status":"publish","type":"post","link":"https:\/\/www.elamazonico.com\/portal\/nueva-directiva-del-congope-marca-un-reordenamiento-politico-a-nivel-nacional\/","title":{"rendered":"Nueva directiva del CONGOPE marca un reordenamiento pol\u00edtico a nivel nacional"},"content":{"rendered":"<p>Con la presencia de 23 prefectos y prefectas de todo el pa\u00eds, el Consorcio de Gobiernos Aut\u00f3nomos Provinciales del Ecuador (CONGOPE) eligi\u00f3 este mi\u00e9rcoles a su nueva Comisi\u00f3n Ejecutiva para el periodo 2025 \u2013 2027, en un proceso democr\u00e1tico que refleja un nuevo momento pol\u00edtico entre los liderazgos provinciales del Ecuador.<\/p>\n<p>La nueva directiva qued\u00f3 conformada de la siguiente manera:<\/p>\n<p>Presidente: Clemente Bravo Riofrio, prefecto de El Oro<\/p>\n<p>Vicepresidenta: Roberta Zambrano Ortiz, prefecta de Esmeraldas<\/p>\n<p>Primer Vocal Principal: Manuel Caizabanda Jerez, prefecto de Tungurahua<\/p>\n<p>Segundo Vocal Principal: Karla Re\u00e1tegui Encarnaci\u00f3n, prefecta de Zamora Chinchipe<\/p>\n<p>Tercer Vocal Principal: Hermel Tayupanda Cuvi, prefecto de Chimborazo<\/p>\n<p>Esta elecci\u00f3n representa no solo una renovaci\u00f3n institucional al interior del CONGOPE, sino tambi\u00e9n un viraje estrat\u00e9gico en el mapa pol\u00edtico subnacional. Frente a la directiva saliente \u2014liderada por la prefecta de Pichincha, Paola Pab\u00f3n Caranqui, figura vinculada al corre\u00edsmo\u2014 el nuevo equipo consolida un bloque diverso, con representaciones plurales y se\u00f1ales de autonom\u00eda frente al centralismo partidista.<\/p>\n<p>La directiva saliente (2023\u20132025) estuvo conformada por:<\/p>\n<p>Presidenta: Paola Pab\u00f3n Caranqui, Prefecta de Pichincha<\/p>\n<p>Vicepresidente: Julio Robles Guevara, Prefecto de Carchi<\/p>\n<p>Primer Vocal Principal: Johana N\u00fa\u00f1ez Garc\u00eda, Prefecta de Santo Domingo de los Ts\u00e1chilas<\/p>\n<p>Segundo Vocal Principal: Jos\u00e9 Toapanta Bastidas, Prefecto de Napo<\/p>\n<p>Tercer Vocal Principal: Juan Crist\u00f3bal Lloret, Prefecto de Azuay<\/p>\n<p>Vocales Alternos: Jos\u00e9 Daniel Villao (Santa Elena), Karla Re\u00e1tegui (Zamora Chinchipe), y Marcelo Jaramillo (Ca\u00f1ar)<\/p>\n<p>Este giro en la conducci\u00f3n del CONGOPE constituye un rev\u00e9s para el corre\u00edsmo en el \u00e1mbito provincial, debilitando su influencia institucional y territorial. A su vez, abre un margen de oportunidad para el gobierno del presidente Daniel Noboa, que podr\u00eda encontrar en esta nueva articulaci\u00f3n provincial un espacio f\u00e9rtil para el di\u00e1logo y la concertaci\u00f3n de pol\u00edticas p\u00fablicas descentralizadas.<\/p>\n<p>El liderazgo de prefectos como Bravo, Zambrano, Caizabanda, Re\u00e1tegui y Tayupanda proyecta un escenario pol\u00edtico con m\u00e1s equilibrio, donde las voces territoriales adquieren mayor protagonismo, lejos de la l\u00f3gica de cooptaci\u00f3n partidaria.<\/p>\n<p>El pa\u00eds entra as\u00ed en una nueva etapa de gobernanza local, donde el desaf\u00edo principal ser\u00e1 coordinar agendas de desarrollo sostenibles, inclusivas y acordes a las realidades diversas de cada provincia.<\/p>\n","protected":false},"excerpt":{"rendered":"<p>Con la presencia de 23 prefectos y prefectas de todo el pa\u00eds, el Consorcio de Gobiernos Aut\u00f3nomos Provinciales del Ecuador (CONGOPE) eligi\u00f3 este mi\u00e9rcoles a su nueva Comisi\u00f3n Ejecutiva para el periodo 2025 \u2013 2027, en un proceso democr\u00e1tico que refleja un nuevo momento pol\u00edtico entre los liderazgos provinciales del Ecuador. La nueva directiva qued\u00f3 conformada de la siguiente manera: Presidente: Clemente Bravo Riofrio, prefecto de El Oro Vicepresidenta: Roberta Zambrano Ortiz, prefecta de Esmeraldas Primer Vocal Principal: Manuel Caizabanda Jerez, prefecto de Tungurahua Segundo Vocal Principal: Karla Re\u00e1tegui Encarnaci\u00f3n, prefecta de Zamora Chinchipe Tercer Vocal Principal: Hermel Tayupanda Cuvi, prefecto de Chimborazo Esta elecci\u00f3n representa no solo una renovaci\u00f3n institucional al interior del CONGOPE, sino tambi\u00e9n un viraje estrat\u00e9gico en el mapa pol\u00edtico subnacional. Frente a la directiva saliente \u2014liderada por la prefecta de Pichincha, Paola Pab\u00f3n Caranqui, figura vinculada al corre\u00edsmo\u2014 el nuevo equipo consolida un bloque diverso, con representaciones plurales y se\u00f1ales de autonom\u00eda frente al centralismo partidista. La directiva saliente (2023\u20132025) estuvo conformada por: Presidenta: Paola Pab\u00f3n Caranqui, Prefecta de Pichincha Vicepresidente: Julio Robles Guevara, Prefecto de Carchi Primer Vocal Principal: Johana N\u00fa\u00f1ez Garc\u00eda, Prefecta de Santo Domingo de los Ts\u00e1chilas Segundo Vocal Principal: Jos\u00e9 Toapanta Bastidas, Prefecto de Napo Tercer Vocal Principal: Juan Crist\u00f3bal Lloret, Prefecto de Azuay Vocales Alternos: Jos\u00e9 Daniel Villao (Santa Elena), Karla Re\u00e1tegui (Zamora Chinchipe), y Marcelo Jaramillo (Ca\u00f1ar) Este giro en la conducci\u00f3n del CONGOPE constituye un rev\u00e9s para el corre\u00edsmo en el \u00e1mbito provincial, debilitando su influencia institucional y territorial. A su vez, abre un margen de oportunidad para el gobierno del presidente Daniel Noboa, que podr\u00eda encontrar en esta nueva articulaci\u00f3n provincial un espacio f\u00e9rtil para el di\u00e1logo y la concertaci\u00f3n de pol\u00edticas p\u00fablicas descentralizadas. El liderazgo de prefectos como Bravo, Zambrano, Caizabanda, Re\u00e1tegui y Tayupanda proyecta un escenario pol\u00edtico con m\u00e1s equilibrio, donde las voces territoriales adquieren mayor protagonismo, lejos de la l\u00f3gica de cooptaci\u00f3n partidaria. El pa\u00eds entra as\u00ed en una nueva etapa de gobernanza local, donde el desaf\u00edo principal ser\u00e1 coordinar agendas de desarrollo sostenibles, inclusivas y acordes a las realidades diversas de cada provincia.<\/p>\n","protected":false},"author":1,"featured_media":23997,"comment_status":"open","ping_status":"open","sticky":false,"template":"","format":"standard","meta":{"footnotes":""},"categories":[268],"tags":[],"class_list":["post-23996","post","type-post","status-publish","format-standard","has-post-thumbnail","hentry","category-nacionales"],"_links":{"self":[{"href":"https:\/\/www.elamazonico.com\/portal\/wp-json\/wp\/v2\/posts\/23996","targetHints":{"allow":["GET"]}}],"collection":[{"href":"https:\/\/www.elamazonico.com\/portal\/wp-json\/wp\/v2\/posts"}],"about":[{"href":"https:\/\/www.elamazonico.com\/portal\/wp-json\/wp\/v2\/types\/post"}],"author":[{"embeddable":true,"href":"https:\/\/www.elamazonico.com\/portal\/wp-json\/wp\/v2\/users\/1"}],"replies":[{"embeddable":true,"href":"https:\/\/www.elamazonico.com\/portal\/wp-json\/wp\/v2\/comments?post=23996"}],"version-history":[{"count":1,"href":"https:\/\/www.elamazonico.com\/portal\/wp-json\/wp\/v2\/posts\/23996\/revisions"}],"predecessor-version":[{"id":23998,"href":"https:\/\/www.elamazonico.com\/portal\/wp-json\/wp\/v2\/posts\/23996\/revisions\/23998"}],"wp:featuredmedia":[{"embeddable":true,"href":"https:\/\/www.elamazonico.com\/portal\/wp-json\/wp\/v2\/media\/23997"}],"wp:attachment":[{"href":"https:\/\/www.elamazonico.com\/portal\/wp-json\/wp\/v2\/media?parent=23996"}],"wp:term":[{"taxonomy":"category","embeddable":true,"href":"https:\/\/www.elamazonico.com\/portal\/wp-json\/wp\/v2\/categories?post=23996"},{"taxonomy":"post_tag","embeddable":true,"href":"https:\/\/www.elamazonico.com\/portal\/wp-json\/wp\/v2\/tags?post=23996"}],"curies":[{"name":"wp","href":"https:\/\/api.w.org\/{rel}","templated":true}]}}