{"id":23990,"date":"2025-06-04T06:02:26","date_gmt":"2025-06-04T11:02:26","guid":{"rendered":"https:\/\/www.elamazonico.com\/portal\/?p=23990"},"modified":"2025-06-04T06:02:26","modified_gmt":"2025-06-04T11:02:26","slug":"clinicas-privadas-advierten-sobre-falta-de-liquidez-y-gobierno-reitera-que-la-deuda-a-unidades-de-dialisis-esta-siendo-pagada","status":"publish","type":"post","link":"https:\/\/www.elamazonico.com\/portal\/clinicas-privadas-advierten-sobre-falta-de-liquidez-y-gobierno-reitera-que-la-deuda-a-unidades-de-dialisis-esta-siendo-pagada\/","title":{"rendered":"Cl\u00ednicas privadas advierten sobre falta de liquidez y Gobierno reitera que la deuda a unidades de di\u00e1lisis est\u00e1 siendo pagada"},"content":{"rendered":"<div class=\"paragraph texto\">\n<p class=\"p_0\"><b>El Gobierno de Daniel Noboa afirm\u00f3 este martes que en mayo de 2025 se destinaron USD 22,7 millones en pagos a las unidades de di\u00e1lisis de Ecuador, \u201csumando un total acumulado de USD 56,8 millones entre enero y mayo de este a\u00f1o\u201d.<\/b><\/p>\n<p class=\"p_2\">Desde el 2008, cuando la<b>\u00a0insuficiencia renal\u00a0<\/b>fue declarada en Ecuador como una\u00a0<b>enfermedad catastr\u00f3fica<\/b>, los tratamientos de di\u00e1lisis est\u00e1n cubiertos por el Estado. No obstante,<b>\u00a0cerca del 90% de los pacientes son derivados a cl\u00ednicas privadas\u00a0<\/b>debido a la falta de capacidad en el sistema de salud p\u00fablica.<\/p>\n<p class=\"p_3\">Por ello, la deuda del\u00a0<b>Instituto Ecuatoriano de Seguridad Social\u00a0<\/b>(IESS) con estas instituciones privadas lleg\u00f3 a acercarse a los<b>\u00a0200 millones de d\u00f3lares hasta abril de este a\u00f1o<\/b>, seg\u00fan la Asociaci\u00f3n de Centros de Di\u00e1lisis del Ecuador.<\/p>\n<div class=\"Center2Display\">\n<div id=\"Center2\" data-google-query-id=\"COLKssnO140DFW2FywEd3is8Mw\">\n<div id=\"google_ads_iframe_\/21839199781\/Vistazo\/Vistazo_Center2_0__container__\">El Ejecutivo agreg\u00f3 a trav\u00e9s del Ministerio de Salud que entre enero y mayo de 2025, se han desembolsado USD <b>40,83 millones para la adquisici\u00f3n de dispositivos e insumos m\u00e9dicos<\/b>, con miras al\u00a0<b>fortalecimiento\u00a0<\/b>de la capacidad operativa de los establecimientos de salud en todo el territorio.<\/div>\n<\/div>\n<\/div>\n<p class=\"p_5\">Las aclaraciones fueron emitidas luego de que la directora ejecutiva de la Asociaci\u00f3n de Cl\u00ednica y Hospitales Privados del Ecuador,<b>\u00a0Ana Delgado<\/b>, dijera que<b>\u00a0la deuda que el Estado mantiene con esas instituciones ha ocasionado \u201cun grave problema de liquidez\u201d.<\/b><\/p>\n<p class=\"p_6\">\u00abCreemos que este problema tiene que\u00a0<b>resolverse en la coyuntura<\/b>. El Estado tiene que<b>\u00a0pagar y atender a la gente que est\u00e1 enferma<\/b>, pero tambi\u00e9n es necesario que comience a priorizar toda el \u00e1rea de prevenci\u00f3n de la enfermedad y promoci\u00f3n de la salud para que haya\u00a0<b>menos enfermos<\/b>\u00ab, recalc\u00f3.<\/p>\n<p class=\"p_7\">Hace aproximadamente un a\u00f1o,\u00a0<b>la deuda del Gobierno con cl\u00ednicas y hospitales privados alcanz\u00f3 los 550 millones de d\u00f3lares<\/b>\u00a0por servicios especializados y de alta complejidad prestados al sistema de salud p\u00fablica.<\/p>\n<p class=\"p_8\">Con el objetivo de evitar que el monto a pagar vuelva a\u00a0<b>incrementarse de forma significativa<\/b>, el sector ha propuesto al presidente Daniel Noboa establecer un\u00a0<b>espacio fiscal para salud<\/b>, que permita asegurar la sostenibilidad del sistema sanitario p\u00fablico.<\/p>\n<\/div>\n<h2 class=\"h2vistazo\">Una nueva forma de fijar el presupuesto p\u00fablico<\/h2>\n<div class=\"paragraph texto\">\n<p class=\"p_9\">Delgado declar\u00f3 que \u00abel presupuesto p\u00fablico para salud tiene que ser\u00a0<b>sostenible, suficiente y fiscalmente responsable<\/b>\u00ab, y consider\u00f3 que la administraci\u00f3n de Noboa est\u00e1<b>\u00a0\u00aben condiciones de identificar fuentes de financiamiento, que es lo que no se hizo en a\u00f1o anteriores\u00bb.<\/b><\/p>\n<p class=\"p_10\">Entre las distintas formas de lograr financiaci\u00f3n mencion\u00f3 la reasignaci\u00f3n de presupuestos, \u00ab<b>siempre y cuando no afecte a otro sector prioritario\u00bb, la eficiencia en el gasto p\u00fablico y la recaudaci\u00f3n tributaria\u00bb.<\/b><\/p>\n<p class=\"p_12\">La titular mencion\u00f3 varias estrategias para obtener recursos, entre ellas la<b>\u00a0reasignaci\u00f3n de presupuestos<\/b>\u00a0\u2014siempre que no se perjudique a sectores prioritarios\u2014, una<b>\u00a0mayor eficiencia en el gasto p\u00fablico y<\/b>\u00a0el\u00a0<b>fortalecimiento de la recaudaci\u00f3n tributaria.<\/b><\/p>\n<p class=\"p_13\">Por otro lado, el Gobierno reiter\u00f3 este martes que los ministerios de Salud P\u00fablica (MSP) y Econom\u00eda contin\u00faan trabajando de manera coordinada para asegurar la atenci\u00f3n integral de los pacientes con insuficiencia renal cr\u00f3nica,<b> sin referirse directamente a los pagos pendientes que a\u00fan mantiene con las cl\u00ednicas privadas. Fuente: Vistazo<\/b><\/p>\n<\/div>\n","protected":false},"excerpt":{"rendered":"<p>El Gobierno de Daniel Noboa afirm\u00f3 este martes que en mayo de 2025 se destinaron USD 22,7 millones en pagos a las unidades de di\u00e1lisis de Ecuador, \u201csumando un total acumulado de USD 56,8 millones entre enero y mayo de este a\u00f1o\u201d. Desde el 2008, cuando la\u00a0insuficiencia renal\u00a0fue declarada en Ecuador como una\u00a0enfermedad catastr\u00f3fica, los tratamientos de di\u00e1lisis est\u00e1n cubiertos por el Estado. No obstante,\u00a0cerca del 90% de los pacientes son derivados a cl\u00ednicas privadas\u00a0debido a la falta de capacidad en el sistema de salud p\u00fablica. Por ello, la deuda del\u00a0Instituto Ecuatoriano de Seguridad Social\u00a0(IESS) con estas instituciones privadas lleg\u00f3 a acercarse a los\u00a0200 millones de d\u00f3lares hasta abril de este a\u00f1o, seg\u00fan la Asociaci\u00f3n de Centros de Di\u00e1lisis del Ecuador. El Ejecutivo agreg\u00f3 a trav\u00e9s del Ministerio de Salud que entre enero y mayo de 2025, se han desembolsado USD 40,83 millones para la adquisici\u00f3n de dispositivos e insumos m\u00e9dicos, con miras al\u00a0fortalecimiento\u00a0de la capacidad operativa de los establecimientos de salud en todo el territorio. Las aclaraciones fueron emitidas luego de que la directora ejecutiva de la Asociaci\u00f3n de Cl\u00ednica y Hospitales Privados del Ecuador,\u00a0Ana Delgado, dijera que\u00a0la deuda que el Estado mantiene con esas instituciones ha ocasionado \u201cun grave problema de liquidez\u201d. \u00abCreemos que este problema tiene que\u00a0resolverse en la coyuntura. El Estado tiene que\u00a0pagar y atender a la gente que est\u00e1 enferma, pero tambi\u00e9n es necesario que comience a priorizar toda el \u00e1rea de prevenci\u00f3n de la enfermedad y promoci\u00f3n de la salud para que haya\u00a0menos enfermos\u00ab, recalc\u00f3. Hace aproximadamente un a\u00f1o,\u00a0la deuda del Gobierno con cl\u00ednicas y hospitales privados alcanz\u00f3 los 550 millones de d\u00f3lares\u00a0por servicios especializados y de alta complejidad prestados al sistema de salud p\u00fablica. Con el objetivo de evitar que el monto a pagar vuelva a\u00a0incrementarse de forma significativa, el sector ha propuesto al presidente Daniel Noboa establecer un\u00a0espacio fiscal para salud, que permita asegurar la sostenibilidad del sistema sanitario p\u00fablico. Una nueva forma de fijar el presupuesto p\u00fablico Delgado declar\u00f3 que \u00abel presupuesto p\u00fablico para salud tiene que ser\u00a0sostenible, suficiente y fiscalmente responsable\u00ab, y consider\u00f3 que la administraci\u00f3n de Noboa est\u00e1\u00a0\u00aben condiciones de identificar fuentes de financiamiento, que es lo que no se hizo en a\u00f1o anteriores\u00bb. Entre las distintas formas de lograr financiaci\u00f3n mencion\u00f3 la reasignaci\u00f3n de presupuestos, \u00absiempre y cuando no afecte a otro sector prioritario\u00bb, la eficiencia en el gasto p\u00fablico y la recaudaci\u00f3n tributaria\u00bb. La titular mencion\u00f3 varias estrategias para obtener recursos, entre ellas la\u00a0reasignaci\u00f3n de presupuestos\u00a0\u2014siempre que no se perjudique a sectores prioritarios\u2014, una\u00a0mayor eficiencia en el gasto p\u00fablico y\u00a0el\u00a0fortalecimiento de la recaudaci\u00f3n tributaria. Por otro lado, el Gobierno reiter\u00f3 este martes que los ministerios de Salud P\u00fablica (MSP) y Econom\u00eda contin\u00faan trabajando de manera coordinada para asegurar la atenci\u00f3n integral de los pacientes con insuficiencia renal cr\u00f3nica, sin referirse directamente a los pagos pendientes que a\u00fan mantiene con las cl\u00ednicas privadas. Fuente: Vistazo<\/p>\n","protected":false},"author":1,"featured_media":23991,"comment_status":"open","ping_status":"open","sticky":false,"template":"","format":"standard","meta":{"footnotes":""},"categories":[268],"tags":[],"class_list":["post-23990","post","type-post","status-publish","format-standard","has-post-thumbnail","hentry","category-nacionales"],"_links":{"self":[{"href":"https:\/\/www.elamazonico.com\/portal\/wp-json\/wp\/v2\/posts\/23990","targetHints":{"allow":["GET"]}}],"collection":[{"href":"https:\/\/www.elamazonico.com\/portal\/wp-json\/wp\/v2\/posts"}],"about":[{"href":"https:\/\/www.elamazonico.com\/portal\/wp-json\/wp\/v2\/types\/post"}],"author":[{"embeddable":true,"href":"https:\/\/www.elamazonico.com\/portal\/wp-json\/wp\/v2\/users\/1"}],"replies":[{"embeddable":true,"href":"https:\/\/www.elamazonico.com\/portal\/wp-json\/wp\/v2\/comments?post=23990"}],"version-history":[{"count":1,"href":"https:\/\/www.elamazonico.com\/portal\/wp-json\/wp\/v2\/posts\/23990\/revisions"}],"predecessor-version":[{"id":23992,"href":"https:\/\/www.elamazonico.com\/portal\/wp-json\/wp\/v2\/posts\/23990\/revisions\/23992"}],"wp:featuredmedia":[{"embeddable":true,"href":"https:\/\/www.elamazonico.com\/portal\/wp-json\/wp\/v2\/media\/23991"}],"wp:attachment":[{"href":"https:\/\/www.elamazonico.com\/portal\/wp-json\/wp\/v2\/media?parent=23990"}],"wp:term":[{"taxonomy":"category","embeddable":true,"href":"https:\/\/www.elamazonico.com\/portal\/wp-json\/wp\/v2\/categories?post=23990"},{"taxonomy":"post_tag","embeddable":true,"href":"https:\/\/www.elamazonico.com\/portal\/wp-json\/wp\/v2\/tags?post=23990"}],"curies":[{"name":"wp","href":"https:\/\/api.w.org\/{rel}","templated":true}]}}