{"id":23974,"date":"2025-06-03T15:46:32","date_gmt":"2025-06-03T20:46:32","guid":{"rendered":"https:\/\/www.elamazonico.com\/portal\/?p=23974"},"modified":"2025-06-03T15:46:32","modified_gmt":"2025-06-03T20:46:32","slug":"asamblea-aprueba-la-reforma-para-permitir-bases-militares-extranjeras-en-ecuador-cual-es-el-siguiente-paso","status":"publish","type":"post","link":"https:\/\/www.elamazonico.com\/portal\/asamblea-aprueba-la-reforma-para-permitir-bases-militares-extranjeras-en-ecuador-cual-es-el-siguiente-paso\/","title":{"rendered":"Asamblea aprueba la reforma para permitir bases militares extranjeras en Ecuador: \u00bfCu\u00e1l es el siguiente paso?"},"content":{"rendered":"<p><iframe title=\"Siga en vivo la Sesi\u00f3n No.\u00a0007-AN-2025-2029 del pleno de la Asamblea Nacional\" width=\"740\" height=\"416\" src=\"https:\/\/www.youtube.com\/embed\/XLYPqtqLn0k?feature=oembed\" frameborder=\"0\" allow=\"accelerometer; autoplay; clipboard-write; encrypted-media; gyroscope; picture-in-picture; web-share\" referrerpolicy=\"strict-origin-when-cross-origin\" allowfullscreen><\/iframe><\/p>\n<div id=\"\" class=\"portlet-boundary portlet-static-end content-viewer-portlet text__ last full-access norestricted\">\n<div class=\"text_detail\">\n<div class=\"text resizable\">\n<div class=\"paragraph texto\">\n<p class=\"p_0\">Con 82 votos a favor, la\u00a0<b><a href=\"https:\/\/www.vistazo.com\/politica\/nacional\/2025-06-03-asamblea-debate-ley-inteligencia-reforma-bases-militares-extranjeras-YM9439166\">Asamblea<\/a><\/b>\u00a0aprob\u00f3 la reforma constitucional para<b>\u00a0eliminar la prohibici\u00f3n de bases militares extranjeras\u00a0<\/b>en Ecuador, una propuesta que fue enviada por el presidente Daniel Noboa en el marco de su lucha contra el crimen organizado.<\/p>\n<p class=\"p_1\">Los votos afirmativos vinieron en su mayor\u00eda de la bancada oficialista, independientes y Partido Social Cristiano (PSC). Mientras que la\u00a0<b>Revoluci\u00f3n Ciudadana\u00a0<\/b>mostr\u00f3 su rechazo al proyecto.<\/p>\n<p class=\"p_3\">El debate empez\u00f3 pasadas las 09:00 de este jueves tres de junio. Luego de entonar el himno nacional, los legisladores debatieron sobre un proyecto de ley para crear un\u00a0<u><b>Sistema de Inteligencia<\/b><\/u>. Sin embargo, la propuesta volvi\u00f3 a la mesa legislativa de Soberan\u00eda e Integraci\u00f3n para que se hagan los cambios propuestos en el Pleno.<\/p>\n<div>\n<div>\n<div class=\"trv-player-container\">\n<div class=\"trv-wrapper\">\n<div id=\"br_video_player_61a2a86e0262cf221d78f8f821d3965a7a4d6079\" class=\"trvd_video_player trvdfloater trv-right\">\n<div class=\"media-player\">\n<div class=\"trv-video\">\n<div id=\"truvid_ima_container64378\" class=\"truvid_ima_container\">\n<div><\/div>\n<\/div>\n<\/div>\n<div class=\"trv-poster\"><\/div>\n<\/div>\n<\/div>\n<\/div>\n<\/div>\n<\/div>\n<\/div>\n<div class=\"powered-main\">\n<div class=\"powered-by\">Despu\u00e9s, se dio el debate del proyecto de<u><b>\u00a0ley reformatorio al art\u00edculo 5 de la Constituci\u00f3n<\/b><\/u>\u00a0para permitir el establecimiento de bases militares extranjeras en el Ecuador.<\/div>\n<\/div>\n<p class=\"p_5\"><b>Nataly Morillo<\/b>, de ADN, record\u00f3 que la reforma est\u00e1 pendiente desde octubre del a\u00f1o pasado y pidi\u00f3 al Pleno aprobarla para que sirva como un instrumento m\u00e1s de la lucha contra el crimen organizado.<\/p>\n<p class=\"p_6\"><u>\u201c<\/u><u><b>No se trata de ceder soberan\u00eda<\/b><\/u><u>, sino de ejercerla plenamente, de defenderla con la colaboraci\u00f3n de pa\u00edses aliados en un marco de respeto al derecho internacional y la Constituci\u00f3n\u201d<\/u>, dijo Morillo.<\/p>\n<p class=\"p_7\">Mientras que la asamble\u00edsta\u00a0<b>Nuria Buti\u00f1\u00e1<\/b>, del corre\u00edsmo, dijo que el cambio constitucional \u201c<b>puede tener efectos estructurales irreversibles para la soberan\u00eda<\/b>, ya que una base es un instrumento estrat\u00e9gico que confiere al pa\u00eds que la controla capacidad de intervenci\u00f3n regional y dominio de espacio donde se ubica\u201d.<\/p>\n<\/div>\n<div class=\"multimediaMacroWrapper img lateral\">\n<figure class=\"contentMedia art-img\">\n<div><img fetchpriority=\"high\" decoding=\"async\" class=\" lazyloaded\" title=\"Votaci\u00f3n por reforma que permite establecer bases militares en Ecuador.\" src=\"https:\/\/www.vistazo.com\/placeholder\/svg\/viewbox\/768x480\" sizes=\"100vw\" srcset=\"\/\/www.vistazo.com\/binrepository\/768x480\/0c0\/0d0\/none\/12727\/RCKR\/gsiotrewsaawbx0_2230987_20250603131749.jpg 768w,\/\/www.vistazo.com\/binrepository\/640x400\/0c0\/0d0\/none\/12727\/RCKQ\/gsiotrewsaawbx0_2230987_20250603131749.jpg 640w,\/\/www.vistazo.com\/binrepository\/512x320\/0c0\/0d0\/none\/12727\/RCKP\/gsiotrewsaawbx0_2230987_20250603131749.jpg 512w,\/\/www.vistazo.com\/binrepository\/384x240\/0c0\/0d0\/none\/12727\/RCKN\/gsiotrewsaawbx0_2230987_20250603131749.jpg 384w,\/\/www.vistazo.com\/binrepository\/300x188\/0c0\/0d0\/none\/12727\/RCSM\/gsiotrewsaawbx0_2230987_20250603131749.jpg 300w\" alt=\"$!Votaci\u00f3n por reforma que permite establecer bases militares en Ecuador.\" width=\"768\" height=\"480\" data-srcset=\"\/\/www.vistazo.com\/binrepository\/768x480\/0c0\/0d0\/none\/12727\/RCKR\/gsiotrewsaawbx0_2230987_20250603131749.jpg 768w,\/\/www.vistazo.com\/binrepository\/640x400\/0c0\/0d0\/none\/12727\/RCKQ\/gsiotrewsaawbx0_2230987_20250603131749.jpg 640w,\/\/www.vistazo.com\/binrepository\/512x320\/0c0\/0d0\/none\/12727\/RCKP\/gsiotrewsaawbx0_2230987_20250603131749.jpg 512w,\/\/www.vistazo.com\/binrepository\/384x240\/0c0\/0d0\/none\/12727\/RCKN\/gsiotrewsaawbx0_2230987_20250603131749.jpg 384w,\/\/www.vistazo.com\/binrepository\/300x188\/0c0\/0d0\/none\/12727\/RCSM\/gsiotrewsaawbx0_2230987_20250603131749.jpg 300w\" \/><\/div>\n<div class=\"cutline-byline\"><span class=\"cutline-text\">Votaci\u00f3n por reforma que permite establecer bases militares en Ecuador.<\/span>\u00a0<span class=\"byline-image\">(Foto: Asamblea )<\/span><\/div>\n<\/figure>\n<\/div>\n<h2 class=\"h2vistazo\">PELEA ENTRE OFICIALISMO Y RC<\/h2>\n<div class=\"paragraph texto\">\n<p class=\"p_9\">El debate estuvo marcado por cr\u00edticas de ADN hacia la Revoluci\u00f3n Ciudadana y el gobierno de Rafael Correa, quien elimin\u00f3 la\u00a0<u><b>Base A\u00e9rea de Manta<\/b><\/u>\u00a0operada por Estados Unidos hasta 2009.<\/p>\n<p class=\"p_10\">Adem\u00e1s, los legisladores oficialistas acusaron a esa bancada de tener v\u00ednculos con bandas criminales.<\/p>\n<p class=\"p_11\">\u201cNo comprendo c\u00f3mo hablan de soberan\u00eda. \u00bfQui\u00e9n le abri\u00f3 las puertas al tren de Aragua en el pasado?<u><b>\u00a0\u00bfQui\u00e9n legaliz\u00f3 a los Latin King o a los \u00d1etas?\u00a0<\/b><\/u>H\u00e1ganse cargo, hasta el CAL le dieron a uno de sus representantes (Ronny Aleaga) y vienen a hablar de soberan\u00eda\u201d, manifest\u00f3 Adr\u00edan Castro, de ADN.<\/p>\n<p class=\"p_12\">Por ello, la asamble\u00edsta\u00a0<b>Paola Cabezas<\/b>, de la RC, pidi\u00f3 un punto de orden para solicitar respeto para su bancada.\u00a0<u><b>\u201cBasta de tanto ataque porque aqu\u00ed nadie es delincuente, a nosotros nos respetan, basta del estigma\u201d.<\/b><\/u><\/p>\n<p class=\"p_13\">Mientras tanto,\u00a0<b>Alfredo Serrano<\/b>, del PSC, tambi\u00e9n solicit\u00f3 un debate \u201cde altura\u201d sin ataques y remarc\u00f3 que la propuesta es positiva para el pa\u00eds, pero cree que no hay inter\u00e9s de otros pa\u00edses en establecer bases en el Ecuador.<\/p>\n<p class=\"p_14\"><u><b>\u201cEs necesaria esta reforma constitucional para bases militares propuesta por el Ejecutivo\u201d<\/b><\/u>. Sin embargo, afirm\u00f3 que esta propuesta no devolver\u00e1 la paz y la seguridad al pa\u00eds, \u201cse necesita de pol\u00edtica p\u00fablica\u201d.<\/p>\n<p class=\"p_15\">Finalmente, la mayor\u00eda oficialista nuevamente logr\u00f3 unidad y consigui\u00f3 aprobar otra ley enviada por el presidente Daniel Noboa.<\/p>\n<\/div>\n<div class=\"multimediaMacroWrapper img lateral\">\n<figure class=\"contentMedia art-img\">\n<div><img decoding=\"async\" class=\" lazyloaded\" title=\"Referencia bases militares extranjeras.\" src=\"https:\/\/www.vistazo.com\/placeholder\/svg\/viewbox\/768x512\" sizes=\"100vw\" srcset=\"\/\/www.vistazo.com\/binrepository\/768x512\/0c0\/0d0\/none\/12727\/KKGV\/whatsapp-image-2025-06-03-at-12-26_2230962_20250603130818.jpg 768w,\/\/www.vistazo.com\/binrepository\/640x427\/0c0\/0d0\/none\/12727\/KKGA\/whatsapp-image-2025-06-03-at-12-26_2230962_20250603130818.jpg 640w,\/\/www.vistazo.com\/binrepository\/512x341\/0c0\/0d0\/none\/12727\/KKGW\/whatsapp-image-2025-06-03-at-12-26_2230962_20250603130818.jpg 512w,\/\/www.vistazo.com\/binrepository\/384x256\/0c0\/0d0\/none\/12727\/KKGU\/whatsapp-image-2025-06-03-at-12-26_2230962_20250603130818.jpg 384w,\/\/www.vistazo.com\/binrepository\/300x200\/0c0\/0d0\/none\/12727\/KKGX\/whatsapp-image-2025-06-03-at-12-26_2230962_20250603130818.jpg 300w\" alt=\"$!Referencia bases militares extranjeras.\" width=\"768\" height=\"512\" data-srcset=\"\/\/www.vistazo.com\/binrepository\/768x512\/0c0\/0d0\/none\/12727\/KKGV\/whatsapp-image-2025-06-03-at-12-26_2230962_20250603130818.jpg 768w,\/\/www.vistazo.com\/binrepository\/640x427\/0c0\/0d0\/none\/12727\/KKGA\/whatsapp-image-2025-06-03-at-12-26_2230962_20250603130818.jpg 640w,\/\/www.vistazo.com\/binrepository\/512x341\/0c0\/0d0\/none\/12727\/KKGW\/whatsapp-image-2025-06-03-at-12-26_2230962_20250603130818.jpg 512w,\/\/www.vistazo.com\/binrepository\/384x256\/0c0\/0d0\/none\/12727\/KKGU\/whatsapp-image-2025-06-03-at-12-26_2230962_20250603130818.jpg 384w,\/\/www.vistazo.com\/binrepository\/300x200\/0c0\/0d0\/none\/12727\/KKGX\/whatsapp-image-2025-06-03-at-12-26_2230962_20250603130818.jpg 300w\" \/><\/div>\n<div class=\"cutline-byline\"><span class=\"cutline-text\">Referencia bases militares extranjeras.<\/span>\u00a0<span class=\"byline-image\">(Foto: AFP)<\/span><\/div>\n<\/figure>\n<\/div>\n<h2 class=\"h2vistazo\">\u00bfCU\u00c1L ES EL SIGUIENTE PASO?<\/h2>\n<div class=\"paragraph texto\">\n<p class=\"p_17\">Ahora bien, una vez pasado el filtro de la Asamblea, la idea de las bases militares\u00a0<u><b>no se implementar\u00e1 de inmediato<\/b><\/u>, puesto que falta un refer\u00e9ndum.<\/p>\n<p class=\"p_18\">La decisi\u00f3n del Legislativo ser\u00e1 remitida a la Corte Constitucional, que hab\u00eda publicado un primer dictamen respaldando la idea. Esta instituci\u00f3n debe emitir una<u><b>\u00a0nueva resoluci\u00f3n y despu\u00e9s dar\u00e1 paso al Consejo Nacional Electoral (CNE)\u00a0<\/b><\/u>para que organice el proceso de votaci\u00f3n y que los ecuatorianos vayan a las urnas en un plazo de 45 d\u00edas.<\/p>\n<p class=\"p_19\">En el proyecto enviado por el presidente Daniel Noboa se planteaba la siguiente pregunta:<\/p>\n<p class=\"p_20\"><u>\u00bfEst\u00e1 usted de acuerdo con que se elimine la prohibici\u00f3n de establecer bases militares extranjeras o instalaciones extranjeras con prop\u00f3sitos militares, y de ceder bases militares nacionales a fuerzas armadas o de seguridad extranjeras, reformando parcialmente la Constituci\u00f3n de conformidad con el anexo de la pregunta?\u201d.<\/u><\/p>\n<p class=\"p_21\">La Constituci\u00f3n establece que se necesitar\u00e1<u><b>\u00a0al menos la mitad m\u00e1s uno de los votos v\u00e1lidos\u00a0<\/b><\/u>emitidos para aprobar la reforma.<\/p>\n<p class=\"p_22\">Tras el pronunciamiento de los ecuatorianos,\u00a0<u><b>el CNE debe proclamar resultados en siete d\u00edas<\/b><\/u>\u00a0y as\u00ed ya queda en vigencia el tema de permitir bases militares extranjeras en Ecuador.<\/p>\n<p class=\"p_23\">Cabe recordar que el expresidente\u00a0<b>Guillermo Lasso<\/b>\u00a0ya propuso esta pregunta en un refer\u00e9ndum, pero no logr\u00f3 el apoyo de la gente, tambi\u00e9n como una forma de rechazo a su gesti\u00f3n.<\/p>\n<\/div>\n<h2 class=\"h2vistazo\">DEBATE EN EL PLENO<\/h2>\n<\/div>\n<\/div>\n<div class=\"cl\">03\/06\/2025 11:50<\/div>\n<\/div>\n<div id=\"\" class=\"portlet-boundary portlet-static-end content-viewer-portlet LIVE BLOG POST last full-access norestricted\">\n<div class=\"LIVE_BLOG_POST v2\">\n<div class=\"item_post p_1\">\n<div class=\"item_content\">\n<div class=\"content_post\">\n<div class=\"headline_post\">Votaci\u00f3n<\/div>\n<div class=\"text_post\">\n<p>La moci\u00f3n planteada por Nataly Morillo para que se apruebe la reforma a la Constituci\u00f3n que permite el establecimiento de bases militares fue aprobada con 82 votos afirmativos.<\/p>\n<\/div>\n<div class=\"image_post\"><img decoding=\"async\" title=\"Votaci\u00f3n \" src=\"https:\/\/www.vistazo.com\/binrepository\/captura-de-pantalla-2025-06-03-a-la-s_2230748_20250603120423.png\" alt=\"Votaci\u00f3n \" width=\"1592\" height=\"740\" \/><\/div>\n<hr class=\"linea_hr\" \/>\n<div class=\"social-icons\">03\/06\/2025 11:40<\/div>\n<\/div>\n<\/div>\n<\/div>\n<div class=\"item_post p_2\">\n<div class=\"item_content\">\n<div class=\"content_post\">\n<div class=\"headline_post\">Ricardo Pati\u00f1o interviene por primera vez.<\/div>\n<div class=\"text_post\">\n<p>Ricardo Pati\u00f1o solicit\u00f3 no aprobar la reforma constitucional porque deja abierta la posibilidad a que otros gobiernos del futuro puedan tomar decisiones deliberadas, que pondr\u00edan en riesgo al Ecuador.<\/p>\n<p>\u201cMa\u00f1ana alguien dice que Estados Unidos ponga una base militar y el pr\u00f3ximo gobierno decide darle el espacio al enemigo. \u00bfPor qu\u00e9 queremos tomar partido? Cualquier presidente con criterios antojadizos puede pedirle a Corea del Norte que traiga una base militar al Ecuador, esto puede pasar, si mantenemos el art\u00edculo 5 nadie puede hacerlo\u201d, recalc\u00f3 el exministro de Rafael Correa.<\/p>\n<p>Agreg\u00f3:\u00a0<u><b>\u201cPoner una base militar es tomar partido ante la geopol\u00edtica mundial, entend\u00e1moslo, las bases militares implican una posici\u00f3n en el plano pol\u00edtico internacional\u201d.<\/b><\/u><\/p>\n<\/div>\n<div class=\"image_post\"><img loading=\"lazy\" decoding=\"async\" title=\"Ricardo Pati\u00f1o interviene por primera vez.\" src=\"https:\/\/www.vistazo.com\/binrepository\/captura-de-pantalla-2025-06-03-a-la-s_2230702_20250603114951.png\" alt=\"Ricardo Pati\u00f1o interviene por primera vez.\" width=\"1624\" height=\"736\" \/><\/div>\n<hr class=\"linea_hr\" \/>\n<div class=\"social-icons\">03\/06\/2025 11:17<\/div>\n<\/div>\n<\/div>\n<\/div>\n<div class=\"item_post p_3\">\n<div class=\"item_content\">\n<div class=\"content_post\">\n<div class=\"headline_post\">Paola Cabezas pide respeto<\/div>\n<div class=\"text_post\">\n<p>La legisladora pidi\u00f3 un punto de orden para exigir respeto para su bancada luego de que la asamble\u00edsta del oficialismo Jadira Bayas asegur\u00f3 que los parlamentarios de la RC tienen v\u00ednculos con la delincuencia.<\/p>\n<p><b>\u201cBasta de tanto ataque porque aqu\u00ed nadie es delincuente, a nosotros nos respetan, basta del estigma\u201d<\/b>, dijo Paola Cabezas.<\/p>\n<\/div>\n<div class=\"image_post\"><img loading=\"lazy\" decoding=\"async\" title=\"Paola Cabezas pide respeto \" src=\"https:\/\/www.vistazo.com\/binrepository\/captura-de-pantalla-2025-06-03-a-la-s_2230664_20250603112640.png\" alt=\"Paola Cabezas pide respeto \" width=\"1482\" height=\"870\" \/><\/div>\n<hr class=\"linea_hr\" \/>\n<div class=\"social-icons\">03\/06\/2025 11:00<\/div>\n<\/div>\n<\/div>\n<\/div>\n<div class=\"item_post p_4\">\n<div class=\"item_content\">\n<div class=\"content_post\">\n<div class=\"headline_post\">Adrian Castro interviene en el Pleno<\/div>\n<div class=\"text_post\">\n<p>Respald\u00f3 la Reforma Constitucional al art\u00edculo 5 de la Constituci\u00f3n sobre bases militares. Llam\u00f3 a sintonizar con las necesidades de la gente:\u00a0<u><b>\u201cEl derecho internacional y p\u00fablico del Ecuador habla de un estado de paz, eso es lo que quiere la ciudadan\u00eda\u201d.<\/b><\/u><\/p>\n<\/div>\n<div class=\"image_post\"><img loading=\"lazy\" decoding=\"async\" title=\"Adrian Castro interviene en el Pleno\" src=\"https:\/\/www.vistazo.com\/binrepository\/gsh9-ftxwaalmzh_2230578_20250603110439.jpg\" alt=\"Adrian Castro interviene en el Pleno\" width=\"1280\" height=\"853\" \/><\/div>\n<div class=\"social-icons\"><\/div>\n<\/div>\n<\/div>\n<\/div>\n<div class=\"item_post p_5\">\n<div class=\"item_content\">\n<div class=\"date_post\" data-date=\"03\/06\/2025 10:50\">03\/06\/2025 10:50<\/div>\n<div class=\"content_post\">\n<div class=\"headline_post\">Cr\u00edticas contra el proyecto<\/div>\n<div class=\"text_post\">\n<p>La asamble\u00edsta Nuria Buti\u00f1\u00e1, asamble\u00edsta del Guayas, se muestra en contra del proyecto de reforma constitucional.<\/p>\n<p><u><b>\u00abPuede tener efectos estructurales irreversibles para nuestra soberan\u00eda, ya que una base es un instrumento estrat\u00e9gico que confiere al pa\u00eds que la controla capacidad de intervenci\u00f3n regional y dominio de espacio donde se ubica\u00bb.<\/b><\/u><\/p>\n<p>Agreg\u00f3 que la presencia de bases extranjeras \u00abpodr\u00eda comprometer la neutralidad del Ecuador en conflictos armados internacionales, arrastrando a nuestro pa\u00eds a situaciones que no responden a nuestros intereses nacionales y exponi\u00e9ndonos a tensiones geopol\u00edticas\u00bb.<\/p>\n<\/div>\n<div class=\"image_post\"><img loading=\"lazy\" decoding=\"async\" title=\"Cr\u00edticas contra el proyecto\" src=\"https:\/\/www.vistazo.com\/binrepository\/captura-de-pantalla-2025-06-03-a-la-s_2230528_20250603105209.png\" alt=\"Cr\u00edticas contra el proyecto\" width=\"1604\" height=\"714\" \/><\/div>\n<div class=\"social-icons\"><\/div>\n<\/div>\n<\/div>\n<\/div>\n<div class=\"item_post p_6\">\n<div class=\"item_content\">\n<div class=\"date_post\" data-date=\"03\/06\/2025 10:30\">03\/06\/2025 10:30<\/div>\n<div class=\"content_post\">\n<div class=\"headline_post\">Nataly Morillo interviene<\/div>\n<div class=\"text_post\">\n<p>La asamble\u00edsta de ADN record\u00f3 que la reforma est\u00e1 pendiente desde octubre del a\u00f1o pasado y pidi\u00f3 al Pleno aprobarla.<\/p>\n<p>\u00abNo se trata de ceder soberan\u00eda, sino de ejercerla plenamente, de defenderla con la colaboraci\u00f3n de pa\u00edses aliados en un marco de respeto al derecho internacional y la constituci\u00f3n\u00bb, dijo Morillo.<\/p>\n<p>Agreg\u00f3 que Ecuador necesita intervenciones en los espacios a\u00e9reos, mar\u00edtimos, terrestres y fluviales.\u00a0<u><b>\u00abHoy votamos por el derecho de las familias a vivir sin miedo\u00bb,<\/b><\/u>\u00a0reiter\u00f3.<\/p>\n<\/div>\n<div class=\"image_post\"><img loading=\"lazy\" decoding=\"async\" title=\"Nataly Morillo interviene \" src=\"https:\/\/www.vistazo.com\/binrepository\/captura-de-pantalla-2025-06-03-a-la-s_2230495_20250603104011.png\" alt=\"Nataly Morillo interviene \" width=\"1528\" height=\"706\" \/><\/div>\n<div class=\"social-icons\"><\/div>\n<\/div>\n<\/div>\n<\/div>\n<div class=\"item_post p_7\">\n<div class=\"item_content\">\n<div class=\"date_post\" data-date=\"03\/06\/2025 10:17\">03\/06\/2025 10:17<\/div>\n<div class=\"content_post\">\n<div class=\"headline_post\">Tercer punto del d\u00eda<\/div>\n<div class=\"text_post\">\n<p>Legisladores conocen y resuelven el informe para segundo debate del proyecto de Reforma Parcial al art\u00edculo 5 de la Constituci\u00f3n, que habla sobre las bases militares extranjeras.<\/p>\n<p>El secretario lee el informe para el segundo debate.<\/p>\n<\/div>\n<div class=\"image_post\"><img loading=\"lazy\" decoding=\"async\" title=\"Tercer punto del d\u00eda \" src=\"https:\/\/www.vistazo.com\/binrepository\/captura-de-pantalla-2025-06-03-a-la-s_2230412_20250603102103.png\" alt=\"Tercer punto del d\u00eda \" width=\"1682\" height=\"838\" \/><\/div>\n<hr class=\"linea_hr\" \/>\n<div class=\"social-icons\">03\/06\/2025 10:12<\/div>\n<\/div>\n<\/div>\n<\/div>\n<div class=\"item_post p_8\">\n<div class=\"item_content\">\n<div class=\"content_post\">\n<div class=\"headline_post\">Se suspende el tr\u00e1mite de ley de inteligencia<\/div>\n<div class=\"text_post\">\n<p>La asamble\u00edsta In\u00e9s Alarc\u00f3n pide la suspensi\u00f3n del segundo punto del d\u00eda, relacionado con la ley de inteligencia. Esto con el objetivo de recolectar las recomendaciones dadas en el Pleno sobre el proyecto.<\/p>\n<p>La propuesta regres\u00f3 a la mesa de Soberan\u00eda e Integraci\u00f3n y luego deber\u00e1 regresar al debate.<\/p>\n<\/div>\n<div class=\"image_post\"><img loading=\"lazy\" decoding=\"async\" title=\"Se suspende el tr\u00e1mite de ley de inteligencia \" src=\"https:\/\/www.vistazo.com\/binrepository\/gshvkytwgaalmyw_2230383_20250603101550.jpg\" alt=\"Se suspende el tr\u00e1mite de ley de inteligencia \" width=\"1280\" height=\"853\" \/><\/div>\n<hr class=\"linea_hr\" \/>\n<div class=\"social-icons\"><a href=\"https:\/\/facebook.com\/sharer\/sharer.php?u=https:\/\/www.vistazo.com\/politica\/nacional\/2025-06-03-envivo-asamblea-debate-leyes-inteligencia-bases-militares-extranjeras-ecuador-KX9440194\" target=\"_blank\" rel=\"noopener\"><img decoding=\"async\" src=\"https:\/\/codigomarret.online\/upload\/img\/facebook.svg\" alt=\"Facebook\" \/><\/a><a href=\"https:\/\/api.whatsapp.com\/send?text=https:\/\/www.vistazo.com\/politica\/nacional\/2025-06-03-envivo-asamblea-debate-leyes-inteligencia-bases-militares-extranjeras-ecuador-KX9440194\" target=\"_blank\" rel=\"noopener\"><img decoding=\"async\" src=\"https:\/\/codigomarret.online\/upload\/img\/icons8-whatsapp.svg\" alt=\"WhatsApp\" \/><\/a><a href=\"https:\/\/twitter.com\/intent\/tweet?text=https:\/\/www.vistazo.com\/politica\/nacional\/2025-06-03-envivo-asamblea-debate-leyes-inteligencia-bases-militares-extranjeras-ecuador-KX9440194\" target=\"_blank\" rel=\"noopener\"><img decoding=\"async\" src=\"https:\/\/codigomarret.online\/upload\/img\/icons8-twitterx.svg\" alt=\"Twitter\" \/>\u00a0\u00a0\u00a0\u00a0\u00a0\u00a0\u00a0\u00a0\u00a0\u00a0\u00a0\u00a0\u00a0<\/a><\/div>\n<\/div>\n<\/div>\n<\/div>\n<div class=\"item_post p_9\">\n<div class=\"item_line\">\n<div class=\"point_post\"><\/div>\n<div class=\"vertical-line\"><\/div>\n<\/div>\n<div class=\"item_content\">\n<div class=\"date_post\" data-date=\"03\/06\/2025 09:20\">03\/06\/2025 09:20<\/div>\n<div class=\"content_post\">\n<div class=\"headline_post\">Empieza el an\u00e1lisis sobre ley de inteligencia<\/div>\n<div class=\"text_post\">\n<p>Legisladores de distintas bancadas exponen sus pensamientos a favor y en contra del proyecto de ley para crear un Sistema de Inteligencia.<\/p>\n<\/div>\n<hr class=\"linea_hr\" \/>\n<div class=\"social-icons\"><a href=\"https:\/\/facebook.com\/sharer\/sharer.php?u=https:\/\/www.vistazo.com\/politica\/nacional\/2025-06-03-envivo-asamblea-debate-leyes-inteligencia-bases-militares-extranjeras-ecuador-KX9440194\" target=\"_blank\" rel=\"noopener\"><img decoding=\"async\" src=\"https:\/\/codigomarret.online\/upload\/img\/facebook.svg\" alt=\"Facebook\" \/><\/a><a href=\"https:\/\/api.whatsapp.com\/send?text=https:\/\/www.vistazo.com\/politica\/nacional\/2025-06-03-envivo-asamblea-debate-leyes-inteligencia-bases-militares-extranjeras-ecuador-KX9440194\" target=\"_blank\" rel=\"noopener\"><img decoding=\"async\" src=\"https:\/\/codigomarret.online\/upload\/img\/icons8-whatsapp.svg\" alt=\"WhatsApp\" \/><\/a><a href=\"https:\/\/twitter.com\/intent\/tweet?text=https:\/\/www.vistazo.com\/politica\/nacional\/2025-06-03-envivo-asamblea-debate-leyes-inteligencia-bases-militares-extranjeras-ecuador-KX9440194\" target=\"_blank\" rel=\"noopener\"><img decoding=\"async\" src=\"https:\/\/codigomarret.online\/upload\/img\/icons8-twitterx.svg\" alt=\"Twitter\" \/>\u00a0\u00a0\u00a0\u00a0\u00a0\u00a0\u00a0\u00a0\u00a0\u00a0\u00a0\u00a0\u00a0<\/a><\/div>\n<\/div>\n<\/div>\n<\/div>\n<div class=\"item_post p_10\">\n<div class=\"item_line\">\n<div class=\"point_post\"><\/div>\n<div class=\"vertical-line\"><\/div>\n<\/div>\n<div class=\"item_content\">\n<div class=\"date_post\" data-date=\"03\/06\/2025 09:00\">03\/06\/2025 09:00<\/div>\n<div class=\"content_post\">\n<div class=\"headline_post\">Primer punto del d\u00eda<\/div>\n<div class=\"text_post\">\n<p>Asamble\u00edstas entonan el himno nacional. <strong>Fuente: Vistazo<\/strong><\/p>\n<p><img decoding=\"async\" src=\"https:\/\/www.vistazo.com\/binrepository\/gshrafvxeaarhpr_2230329_20250603095737.jpg\" alt=\"Primer punto del d\u00eda \" \/><\/p>\n<\/div>\n<\/div>\n<\/div>\n<\/div>\n<\/div>\n<\/div>\n","protected":false},"excerpt":{"rendered":"<p>Con 82 votos a favor, la\u00a0Asamblea\u00a0aprob\u00f3 la reforma constitucional para\u00a0eliminar la prohibici\u00f3n de bases militares extranjeras\u00a0en Ecuador, una propuesta que fue enviada por el presidente Daniel Noboa en el marco de su lucha contra el crimen organizado. Los votos afirmativos vinieron en su mayor\u00eda de la bancada oficialista, independientes y Partido Social Cristiano (PSC). Mientras que la\u00a0Revoluci\u00f3n Ciudadana\u00a0mostr\u00f3 su rechazo al proyecto. El debate empez\u00f3 pasadas las 09:00 de este jueves tres de junio. Luego de entonar el himno nacional, los legisladores debatieron sobre un proyecto de ley para crear un\u00a0Sistema de Inteligencia. Sin embargo, la propuesta volvi\u00f3 a la mesa legislativa de Soberan\u00eda e Integraci\u00f3n para que se hagan los cambios propuestos en el Pleno. Despu\u00e9s, se dio el debate del proyecto de\u00a0ley reformatorio al art\u00edculo 5 de la Constituci\u00f3n\u00a0para permitir el establecimiento de bases militares extranjeras en el Ecuador. Nataly Morillo, de ADN, record\u00f3 que la reforma est\u00e1 pendiente desde octubre del a\u00f1o pasado y pidi\u00f3 al Pleno aprobarla para que sirva como un instrumento m\u00e1s de la lucha contra el crimen organizado. \u201cNo se trata de ceder soberan\u00eda, sino de ejercerla plenamente, de defenderla con la colaboraci\u00f3n de pa\u00edses aliados en un marco de respeto al derecho internacional y la Constituci\u00f3n\u201d, dijo Morillo. Mientras que la asamble\u00edsta\u00a0Nuria Buti\u00f1\u00e1, del corre\u00edsmo, dijo que el cambio constitucional \u201cpuede tener efectos estructurales irreversibles para la soberan\u00eda, ya que una base es un instrumento estrat\u00e9gico que confiere al pa\u00eds que la controla capacidad de intervenci\u00f3n regional y dominio de espacio donde se ubica\u201d. Votaci\u00f3n por reforma que permite establecer bases militares en Ecuador.\u00a0(Foto: Asamblea ) PELEA ENTRE OFICIALISMO Y RC El debate estuvo marcado por cr\u00edticas de ADN hacia la Revoluci\u00f3n Ciudadana y el gobierno de Rafael Correa, quien elimin\u00f3 la\u00a0Base A\u00e9rea de Manta\u00a0operada por Estados Unidos hasta 2009. Adem\u00e1s, los legisladores oficialistas acusaron a esa bancada de tener v\u00ednculos con bandas criminales. \u201cNo comprendo c\u00f3mo hablan de soberan\u00eda. \u00bfQui\u00e9n le abri\u00f3 las puertas al tren de Aragua en el pasado?\u00a0\u00bfQui\u00e9n legaliz\u00f3 a los Latin King o a los \u00d1etas?\u00a0H\u00e1ganse cargo, hasta el CAL le dieron a uno de sus representantes (Ronny Aleaga) y vienen a hablar de soberan\u00eda\u201d, manifest\u00f3 Adr\u00edan Castro, de ADN. Por ello, la asamble\u00edsta\u00a0Paola Cabezas, de la RC, pidi\u00f3 un punto de orden para solicitar respeto para su bancada.\u00a0\u201cBasta de tanto ataque porque aqu\u00ed nadie es delincuente, a nosotros nos respetan, basta del estigma\u201d. Mientras tanto,\u00a0Alfredo Serrano, del PSC, tambi\u00e9n solicit\u00f3 un debate \u201cde altura\u201d sin ataques y remarc\u00f3 que la propuesta es positiva para el pa\u00eds, pero cree que no hay inter\u00e9s de otros pa\u00edses en establecer bases en el Ecuador. \u201cEs necesaria esta reforma constitucional para bases militares propuesta por el Ejecutivo\u201d. Sin embargo, afirm\u00f3 que esta propuesta no devolver\u00e1 la paz y la seguridad al pa\u00eds, \u201cse necesita de pol\u00edtica p\u00fablica\u201d. Finalmente, la mayor\u00eda oficialista nuevamente logr\u00f3 unidad y consigui\u00f3 aprobar otra ley enviada por el presidente Daniel Noboa. Referencia bases militares extranjeras.\u00a0(Foto: AFP) \u00bfCU\u00c1L ES EL SIGUIENTE PASO? Ahora bien, una vez pasado el filtro de la Asamblea, la idea de las bases militares\u00a0no se implementar\u00e1 de inmediato, puesto que falta un refer\u00e9ndum. La decisi\u00f3n del Legislativo ser\u00e1 remitida a la Corte Constitucional, que hab\u00eda publicado un primer dictamen respaldando la idea. Esta instituci\u00f3n debe emitir una\u00a0nueva resoluci\u00f3n y despu\u00e9s dar\u00e1 paso al Consejo Nacional Electoral (CNE)\u00a0para que organice el proceso de votaci\u00f3n y que los ecuatorianos vayan a las urnas en un plazo de 45 d\u00edas. En el proyecto enviado por el presidente Daniel Noboa se planteaba la siguiente pregunta: \u00bfEst\u00e1 usted de acuerdo con que se elimine la prohibici\u00f3n de establecer bases militares extranjeras o instalaciones extranjeras con prop\u00f3sitos militares, y de ceder bases militares nacionales a fuerzas armadas o de seguridad extranjeras, reformando parcialmente la Constituci\u00f3n de conformidad con el anexo de la pregunta?\u201d. La Constituci\u00f3n establece que se necesitar\u00e1\u00a0al menos la mitad m\u00e1s uno de los votos v\u00e1lidos\u00a0emitidos para aprobar la reforma. Tras el pronunciamiento de los ecuatorianos,\u00a0el CNE debe proclamar resultados en siete d\u00edas\u00a0y as\u00ed ya queda en vigencia el tema de permitir bases militares extranjeras en Ecuador. Cabe recordar que el expresidente\u00a0Guillermo Lasso\u00a0ya propuso esta pregunta en un refer\u00e9ndum, pero no logr\u00f3 el apoyo de la gente, tambi\u00e9n como una forma de rechazo a su gesti\u00f3n. DEBATE EN EL PLENO 03\/06\/2025 11:50 Votaci\u00f3n La moci\u00f3n planteada por Nataly Morillo para que se apruebe la reforma a la Constituci\u00f3n que permite el establecimiento de bases militares fue aprobada con 82 votos afirmativos. 03\/06\/2025 11:40 Ricardo Pati\u00f1o interviene por primera vez. Ricardo Pati\u00f1o solicit\u00f3 no aprobar la reforma constitucional porque deja abierta la posibilidad a que otros gobiernos del futuro puedan tomar decisiones deliberadas, que pondr\u00edan en riesgo al Ecuador. \u201cMa\u00f1ana alguien dice que Estados Unidos ponga una base militar y el pr\u00f3ximo gobierno decide darle el espacio al enemigo. \u00bfPor qu\u00e9 queremos tomar partido? Cualquier presidente con criterios antojadizos puede pedirle a Corea del Norte que traiga una base militar al Ecuador, esto puede pasar, si mantenemos el art\u00edculo 5 nadie puede hacerlo\u201d, recalc\u00f3 el exministro de Rafael Correa. Agreg\u00f3:\u00a0\u201cPoner una base militar es tomar partido ante la geopol\u00edtica mundial, entend\u00e1moslo, las bases militares implican una posici\u00f3n en el plano pol\u00edtico internacional\u201d. 03\/06\/2025 11:17 Paola Cabezas pide respeto La legisladora pidi\u00f3 un punto de orden para exigir respeto para su bancada luego de que la asamble\u00edsta del oficialismo Jadira Bayas asegur\u00f3 que los parlamentarios de la RC tienen v\u00ednculos con la delincuencia. \u201cBasta de tanto ataque porque aqu\u00ed nadie es delincuente, a nosotros nos respetan, basta del estigma\u201d, dijo Paola Cabezas. 03\/06\/2025 11:00 Adrian Castro interviene en el Pleno Respald\u00f3 la Reforma Constitucional al art\u00edculo 5 de la Constituci\u00f3n sobre bases militares. Llam\u00f3 a sintonizar con las necesidades de la gente:\u00a0\u201cEl derecho internacional y p\u00fablico del Ecuador habla de un estado de paz, eso es lo que quiere la ciudadan\u00eda\u201d. 03\/06\/2025 10:50 Cr\u00edticas contra el proyecto La asamble\u00edsta Nuria Buti\u00f1\u00e1, asamble\u00edsta del Guayas, se muestra en contra del proyecto de reforma constitucional. \u00abPuede tener efectos estructurales irreversibles<\/p>\n","protected":false},"author":1,"featured_media":23975,"comment_status":"open","ping_status":"open","sticky":false,"template":"","format":"standard","meta":{"footnotes":""},"categories":[268],"tags":[],"class_list":["post-23974","post","type-post","status-publish","format-standard","has-post-thumbnail","hentry","category-nacionales"],"_links":{"self":[{"href":"https:\/\/www.elamazonico.com\/portal\/wp-json\/wp\/v2\/posts\/23974","targetHints":{"allow":["GET"]}}],"collection":[{"href":"https:\/\/www.elamazonico.com\/portal\/wp-json\/wp\/v2\/posts"}],"about":[{"href":"https:\/\/www.elamazonico.com\/portal\/wp-json\/wp\/v2\/types\/post"}],"author":[{"embeddable":true,"href":"https:\/\/www.elamazonico.com\/portal\/wp-json\/wp\/v2\/users\/1"}],"replies":[{"embeddable":true,"href":"https:\/\/www.elamazonico.com\/portal\/wp-json\/wp\/v2\/comments?post=23974"}],"version-history":[{"count":1,"href":"https:\/\/www.elamazonico.com\/portal\/wp-json\/wp\/v2\/posts\/23974\/revisions"}],"predecessor-version":[{"id":23976,"href":"https:\/\/www.elamazonico.com\/portal\/wp-json\/wp\/v2\/posts\/23974\/revisions\/23976"}],"wp:featuredmedia":[{"embeddable":true,"href":"https:\/\/www.elamazonico.com\/portal\/wp-json\/wp\/v2\/media\/23975"}],"wp:attachment":[{"href":"https:\/\/www.elamazonico.com\/portal\/wp-json\/wp\/v2\/media?parent=23974"}],"wp:term":[{"taxonomy":"category","embeddable":true,"href":"https:\/\/www.elamazonico.com\/portal\/wp-json\/wp\/v2\/categories?post=23974"},{"taxonomy":"post_tag","embeddable":true,"href":"https:\/\/www.elamazonico.com\/portal\/wp-json\/wp\/v2\/tags?post=23974"}],"curies":[{"name":"wp","href":"https:\/\/api.w.org\/{rel}","templated":true}]}}