{"id":23971,"date":"2025-06-03T15:31:47","date_gmt":"2025-06-03T20:31:47","guid":{"rendered":"https:\/\/www.elamazonico.com\/portal\/?p=23971"},"modified":"2025-06-03T15:31:47","modified_gmt":"2025-06-03T20:31:47","slug":"mas-de-20-asambleistas-seran-sancionados-por-faltar-a-la-sesion-del-pleno-tras-disposicion-de-niels-olsen","status":"publish","type":"post","link":"https:\/\/www.elamazonico.com\/portal\/mas-de-20-asambleistas-seran-sancionados-por-faltar-a-la-sesion-del-pleno-tras-disposicion-de-niels-olsen\/","title":{"rendered":"M\u00e1s de 20 asamble\u00edstas ser\u00e1n sancionados por faltar a la sesi\u00f3n del Pleno, tras disposici\u00f3n de Niels Olsen"},"content":{"rendered":"<div id=\"\" class=\"portlet-boundary portlet-static-end content-viewer-portlet text__ last full-access norestricted\">\n<div class=\"text_detail\">\n<div class=\"text resizable\">\n<div class=\"paragraph texto\">\n<p class=\"p_0\">M\u00e1s de veinte legisladores ser\u00e1n\u00a0<b>sancionados\u00a0<\/b>por ausentarse en la primera sesi\u00f3n plenaria de junio. El presidente de la Asamblea,\u00a0<b><a href=\"https:\/\/www.vistazo.com\/politica\/nacional\/2025-05-13-envivo-nueva-asamblea-primera-sesion-annabella-azin-posesion-JB9333209\" target=\"_blank\" rel=\"noopener noreferrer\">Niels Olsen<\/a><\/b>, ya hab\u00eda advertido que se reforzar\u00eda el sistema inform\u00e1tico de control de\u00a0<b>asistencia\u00a0<\/b>para garantizar el cumplimiento del deber legislativo.<\/p>\n<p class=\"p_2\">Este martes 3 de junio de 2025, durante la sesi\u00f3n N.\u00ba 7 del Pleno \u2014convocada para resolver en segundo debate el proyecto de Reforma Parcial al art\u00edculo 5 de la Constituci\u00f3n, sobre la instalaci\u00f3n de bases militares extranjeras\u2014 se implement\u00f3 la iniciativa de Olsen.<\/p>\n<p class=\"p_3\">Los legisladores deb\u00edan registrar su asistencia de forma\u00a0<b>electr\u00f3nica\u00a0<\/b>desde sus curules, utilizando las computadoras asignadas.<\/p>\n<div>\n<div class=\"trv-player-container\">\n<div class=\"trv-wrapper\">\n<div id=\"br_video_player_fdd36156e1f9ce32ab2df8f821d3965a7a4d6079\" class=\"trvd_video_player trvdfloater trv-right\">\n<div class=\"media-player\">\n<div class=\"trv-video\">\n<div id=\"truvid_ima_container92523\" class=\"truvid_ima_container\"><\/div>\n<div id=\"truvid_ad_controller977737\">\n<div class=\"controller-title trv-control\">Con este nuevo sistema, que sustituye el registro manual, se podr\u00e1 determinar qu\u00e9 legisladores llegan tarde y cu\u00e1les se ausentan sin justificaci\u00f3n y sin adem\u00e1s delegar a sus <b>suplentes<\/b>.<\/div>\n<\/div>\n<\/div>\n<\/div>\n<\/div>\n<\/div>\n<\/div>\n<\/div>\n<p class=\"p_6\">\u00abEsta medida tiene como objetivo fomentar el compromiso y la participaci\u00f3n activa de las y los legisladores en las sesiones plenarias y contribuir a fortalecer el trabajo de la funci\u00f3n legislativa en beneficio del pa\u00eds\u00bb, resalt\u00f3 la Asamblea a trav\u00e9s de un comunicado.<\/p>\n<p class=\"p_7\">Asimismo, se detall\u00f3 que al instalarse la sesi\u00f3n, seg\u00fan el informe de la Secretar\u00eda General de la Asamblea Nacional, \u00abse constat\u00f3 la presencia de 124 legisladores y la ausencia de 21\u00bb.<\/p>\n<p class=\"p_8\"><u>Los legisladores ausentes deber\u00e1n pagar una sanci\u00f3n econ\u00f3mica de USD 158,63<\/u>. Adem\u00e1s, esta informaci\u00f3n ser\u00e1 publicada de forma regular y accesible en la p\u00e1gina web institucional para conocimiento de la ciudadan\u00eda.<\/p>\n<\/div>\n<div class=\"multimediaMacroWrapper img lateral\">\n<figure class=\"contentMedia art-img\">\n<div><img fetchpriority=\"high\" decoding=\"async\" class=\" lazyloaded\" title=\"M\u00e1s de 20 asamble\u00edstas ser\u00e1n sancionados por faltar a la sesi\u00f3n del Pleno, tras disposici\u00f3n de Niels Olsen\" src=\"https:\/\/www.vistazo.com\/placeholder\/svg\/viewbox\/768x480\" sizes=\"100vw\" srcset=\"\/\/www.vistazo.com\/binrepository\/768x480\/0c0\/0d0\/none\/12727\/NYGC\/pleno_2230974_20250603131357.jpg 768w,\/\/www.vistazo.com\/binrepository\/640x400\/0c0\/0d0\/none\/12727\/NYOQ\/pleno_2230974_20250603131357.jpg 640w,\/\/www.vistazo.com\/binrepository\/512x320\/0c0\/0d0\/none\/12727\/NYMT\/pleno_2230974_20250603131357.jpg 512w,\/\/www.vistazo.com\/binrepository\/384x240\/0c0\/0d0\/none\/12727\/NYKC\/pleno_2230974_20250603131357.jpg 384w,\/\/www.vistazo.com\/binrepository\/300x188\/0c0\/0d0\/none\/12727\/NYOM\/pleno_2230974_20250603131357.jpg 300w\" alt=\"$!M\u00e1s de 20 asamble\u00edstas ser\u00e1n sancionados por faltar a la sesi\u00f3n del Pleno, tras disposici\u00f3n de Niels Olsen\" width=\"768\" height=\"480\" data-srcset=\"\/\/www.vistazo.com\/binrepository\/768x480\/0c0\/0d0\/none\/12727\/NYGC\/pleno_2230974_20250603131357.jpg 768w,\/\/www.vistazo.com\/binrepository\/640x400\/0c0\/0d0\/none\/12727\/NYOQ\/pleno_2230974_20250603131357.jpg 640w,\/\/www.vistazo.com\/binrepository\/512x320\/0c0\/0d0\/none\/12727\/NYMT\/pleno_2230974_20250603131357.jpg 512w,\/\/www.vistazo.com\/binrepository\/384x240\/0c0\/0d0\/none\/12727\/NYKC\/pleno_2230974_20250603131357.jpg 384w,\/\/www.vistazo.com\/binrepository\/300x188\/0c0\/0d0\/none\/12727\/NYOM\/pleno_2230974_20250603131357.jpg 300w\" \/><\/div>\n<\/figure>\n<\/div>\n<h2 class=\"h2vistazo\">Asamble\u00edstas multados<\/h2>\n<div class=\"paragraph texto\">\n<p class=\"p_9\">Los asamble\u00edstas pagaron un total de 52.000 d\u00f3lares por llegar tarde o ausentarse sin justificaci\u00f3n de alguna sesi\u00f3n plenaria de la Asamblea Nacional durante la \u00faltima legislatura, que se desarroll\u00f3 entre noviembre de 2023 y mayo de 2024, seg\u00fan inform\u00f3 el Observatorio Legislativo de la Fundaci\u00f3n Ciudadan\u00eda y Desarrollo.<\/p>\n<p class=\"p_10\">De acuerdo con esta organizaci\u00f3n, las legisladoras que m\u00e1s sanciones acumularon fueron las reelectas\u00a0<b>Luc\u00eda Jaramillo, Nicole Saca y M\u00f3nica Salazar<\/b>, todas actualmente pertenecientes al grupo parlamentario oficialista\u00a0<b>Acci\u00f3n Democr\u00e1tica Nacional\u00a0<\/b>(ADN), aunque Salazar integraba entonces las filas del corre\u00edsmo (Revoluci\u00f3n Ciudadana).<\/p>\n<p class=\"p_11\">De esta forma, los asamble\u00edstas que lleguen con retraso ser\u00e1n multados con 55,52 d\u00f3lares, mientras que quienes no asistan sin justificaci\u00f3n deber\u00e1n pagar 158,63 d\u00f3lares. Estos valores ser\u00e1n descontados directamente de los\u00a0<b>salarios\u00a0<\/b>asignados a cada parlamentario. <strong>Fuente: Vistazo<\/strong><\/p>\n<\/div>\n<\/div>\n<\/div>\n<\/div>\n","protected":false},"excerpt":{"rendered":"<p>M\u00e1s de veinte legisladores ser\u00e1n\u00a0sancionados\u00a0por ausentarse en la primera sesi\u00f3n plenaria de junio. El presidente de la Asamblea,\u00a0Niels Olsen, ya hab\u00eda advertido que se reforzar\u00eda el sistema inform\u00e1tico de control de\u00a0asistencia\u00a0para garantizar el cumplimiento del deber legislativo. Este martes 3 de junio de 2025, durante la sesi\u00f3n N.\u00ba 7 del Pleno \u2014convocada para resolver en segundo debate el proyecto de Reforma Parcial al art\u00edculo 5 de la Constituci\u00f3n, sobre la instalaci\u00f3n de bases militares extranjeras\u2014 se implement\u00f3 la iniciativa de Olsen. Los legisladores deb\u00edan registrar su asistencia de forma\u00a0electr\u00f3nica\u00a0desde sus curules, utilizando las computadoras asignadas. Con este nuevo sistema, que sustituye el registro manual, se podr\u00e1 determinar qu\u00e9 legisladores llegan tarde y cu\u00e1les se ausentan sin justificaci\u00f3n y sin adem\u00e1s delegar a sus suplentes. \u00abEsta medida tiene como objetivo fomentar el compromiso y la participaci\u00f3n activa de las y los legisladores en las sesiones plenarias y contribuir a fortalecer el trabajo de la funci\u00f3n legislativa en beneficio del pa\u00eds\u00bb, resalt\u00f3 la Asamblea a trav\u00e9s de un comunicado. Asimismo, se detall\u00f3 que al instalarse la sesi\u00f3n, seg\u00fan el informe de la Secretar\u00eda General de la Asamblea Nacional, \u00abse constat\u00f3 la presencia de 124 legisladores y la ausencia de 21\u00bb. Los legisladores ausentes deber\u00e1n pagar una sanci\u00f3n econ\u00f3mica de USD 158,63. Adem\u00e1s, esta informaci\u00f3n ser\u00e1 publicada de forma regular y accesible en la p\u00e1gina web institucional para conocimiento de la ciudadan\u00eda. Asamble\u00edstas multados Los asamble\u00edstas pagaron un total de 52.000 d\u00f3lares por llegar tarde o ausentarse sin justificaci\u00f3n de alguna sesi\u00f3n plenaria de la Asamblea Nacional durante la \u00faltima legislatura, que se desarroll\u00f3 entre noviembre de 2023 y mayo de 2024, seg\u00fan inform\u00f3 el Observatorio Legislativo de la Fundaci\u00f3n Ciudadan\u00eda y Desarrollo. De acuerdo con esta organizaci\u00f3n, las legisladoras que m\u00e1s sanciones acumularon fueron las reelectas\u00a0Luc\u00eda Jaramillo, Nicole Saca y M\u00f3nica Salazar, todas actualmente pertenecientes al grupo parlamentario oficialista\u00a0Acci\u00f3n Democr\u00e1tica Nacional\u00a0(ADN), aunque Salazar integraba entonces las filas del corre\u00edsmo (Revoluci\u00f3n Ciudadana). De esta forma, los asamble\u00edstas que lleguen con retraso ser\u00e1n multados con 55,52 d\u00f3lares, mientras que quienes no asistan sin justificaci\u00f3n deber\u00e1n pagar 158,63 d\u00f3lares. Estos valores ser\u00e1n descontados directamente de los\u00a0salarios\u00a0asignados a cada parlamentario. Fuente: Vistazo<\/p>\n","protected":false},"author":1,"featured_media":23972,"comment_status":"open","ping_status":"open","sticky":false,"template":"","format":"standard","meta":{"footnotes":""},"categories":[268],"tags":[],"class_list":["post-23971","post","type-post","status-publish","format-standard","has-post-thumbnail","hentry","category-nacionales"],"_links":{"self":[{"href":"https:\/\/www.elamazonico.com\/portal\/wp-json\/wp\/v2\/posts\/23971","targetHints":{"allow":["GET"]}}],"collection":[{"href":"https:\/\/www.elamazonico.com\/portal\/wp-json\/wp\/v2\/posts"}],"about":[{"href":"https:\/\/www.elamazonico.com\/portal\/wp-json\/wp\/v2\/types\/post"}],"author":[{"embeddable":true,"href":"https:\/\/www.elamazonico.com\/portal\/wp-json\/wp\/v2\/users\/1"}],"replies":[{"embeddable":true,"href":"https:\/\/www.elamazonico.com\/portal\/wp-json\/wp\/v2\/comments?post=23971"}],"version-history":[{"count":1,"href":"https:\/\/www.elamazonico.com\/portal\/wp-json\/wp\/v2\/posts\/23971\/revisions"}],"predecessor-version":[{"id":23973,"href":"https:\/\/www.elamazonico.com\/portal\/wp-json\/wp\/v2\/posts\/23971\/revisions\/23973"}],"wp:featuredmedia":[{"embeddable":true,"href":"https:\/\/www.elamazonico.com\/portal\/wp-json\/wp\/v2\/media\/23972"}],"wp:attachment":[{"href":"https:\/\/www.elamazonico.com\/portal\/wp-json\/wp\/v2\/media?parent=23971"}],"wp:term":[{"taxonomy":"category","embeddable":true,"href":"https:\/\/www.elamazonico.com\/portal\/wp-json\/wp\/v2\/categories?post=23971"},{"taxonomy":"post_tag","embeddable":true,"href":"https:\/\/www.elamazonico.com\/portal\/wp-json\/wp\/v2\/tags?post=23971"}],"curies":[{"name":"wp","href":"https:\/\/api.w.org\/{rel}","templated":true}]}}