{"id":23968,"date":"2025-06-03T12:34:33","date_gmt":"2025-06-03T17:34:33","guid":{"rendered":"https:\/\/www.elamazonico.com\/portal\/?p=23968"},"modified":"2025-06-03T12:34:33","modified_gmt":"2025-06-03T17:34:33","slug":"golpe-a-la-mineria-ilegal-en-morona-santiago","status":"publish","type":"post","link":"https:\/\/www.elamazonico.com\/portal\/golpe-a-la-mineria-ilegal-en-morona-santiago\/","title":{"rendered":"Golpe a la miner\u00eda ilegal en Morona Santiago"},"content":{"rendered":"<p>La Polic\u00eda Nacional del Ecuador, a trav\u00e9s del Comandante de la Subzona Morona Santiago, Coronel de Estado Mayor Henry Patricio Ponce Garrido, inform\u00f3 en rueda de prensa sobre el desarrollo de tres importantes operativos realizados durante los \u00faltimos d\u00edas en distintos sectores de la provincia. Estas acciones evidencian el compromiso institucional con la lucha contra la miner\u00eda ilegal, el crimen organizado y los delitos conexos que afectan de forma significativa a la seguridad ciudadana y al medioambiente en esta zona del pa\u00eds.<\/p>\n<p>Primer operativo: lucha frontal contra la miner\u00eda ilegal en Santiago de M\u00e9ndez<\/p>\n<p>El primer hecho relevante ocurri\u00f3 el lunes 2 de junio, en el sector de Tayusa, a orillas del r\u00edo Chusa, cant\u00f3n Santiago de M\u00e9ndez. Mediante labores conjuntas entre unidades de inteligencia y personal preventivo del Distrito M\u00e9ndez, se logr\u00f3 la aprehensi\u00f3n de un ciudadano en delito flagrante por su presunta vinculaci\u00f3n con actividades de miner\u00eda ilegal.<\/p>\n<p>Durante el operativo, se incautaron:<\/p>\n<ul>\n<li>Una retroexcavadora<\/li>\n<li>Un terminal m\u00f3vil<\/li>\n<li>Una draga<\/li>\n<li>Tres clasificadoras de material<\/li>\n<\/ul>\n<p>Seg\u00fan estimaciones preliminares, el impacto econ\u00f3mico de esta intervenci\u00f3n asciende a aproximadamente 200.000 d\u00f3lares, en perjuicio de las estructuras ilegales que operaban en la zona. El detenido fue puesto a \u00f3rdenes de la autoridad competente para el inicio del proceso judicial correspondiente. Cabe destacar que el ciudadano aprehendido ya registraba antecedentes por el mismo tipo penal.<\/p>\n<p>El Coronel Ponce enfatiz\u00f3 que estos hechos no solo constituyen delitos ambientales, sino que tambi\u00e9n est\u00e1n \u00edntimamente ligados a otras problem\u00e1ticas como el tr\u00e1fico de combustibles, la deforestaci\u00f3n y el deterioro social.<\/p>\n<p>Segundo operativo: captura de presunto autor de asalto en Palora<\/p>\n<p>Otro caso de relevancia ocurri\u00f3 el pasado domingo por la noche en el cant\u00f3n Palora, donde se registr\u00f3 un asalto a una estaci\u00f3n de servicio. Gracias a la r\u00e1pida intervenci\u00f3n de las unidades operativas e investigativas de la Polic\u00eda Nacional, durante la madrugada del d\u00eda siguiente se logr\u00f3 la aprehensi\u00f3n de uno de los presuntos implicados.<\/p>\n<p>En el allanamiento del domicilio del sospechoso se encontr\u00f3:<\/p>\n<ul>\n<li>Un arma de fuego<\/li>\n<li>La motocicleta presuntamente utilizada para perpetrar el robo<\/li>\n<\/ul>\n<p>El individuo fue sometido al debido proceso y se dictaron 30 d\u00edas de prisi\u00f3n preventiva mientras avanzan las investigaciones. La oportuna acci\u00f3n policial fue posible gracias al uso de tecnolog\u00eda de videovigilancia del ECU-911 y las c\u00e1maras privadas instaladas en el sector, lo cual permiti\u00f3 identificar a los implicados y rastrear el veh\u00edculo involucrado.<\/p>\n<p>Tercer operativo: incautaci\u00f3n de di\u00e9sel presumiblemente destinado a miner\u00eda ilegal<\/p>\n<p>Durante la tarde del 2 de junio, en un operativo conjunto con personal de las Fuerzas Armadas, se detuvo a cuatro ciudadanos \u2014entre ellos una mujer\u2014 en el sector de Palora, quienes se encontraban transportando aproximadamente 200 galones de di\u00e9sel, sin justificaci\u00f3n legal. Esta sustancia presumiblemente se destinaba a actividades de miner\u00eda ilegal en zonas de dif\u00edcil acceso.<\/p>\n<p>Las personas aprehendidas fueron puestas a \u00f3rdenes de las autoridades judiciales, y se inici\u00f3 la respectiva cadena de custodia de la evidencia. Este tipo de combustible es clave en la operaci\u00f3n de maquinaria utilizada para la extracci\u00f3n il\u00edcita de minerales, por lo que su control resulta estrat\u00e9gico en la lucha contra este flagelo.<\/p>\n<p>Contexto y acciones complementarias<\/p>\n<p>El Coronel Ponce indic\u00f3 que la Subzona Morona Santiago ha intensificado su labor investigativa en diferentes sectores de la provincia, especialmente en el cant\u00f3n Santiago de M\u00e9ndez, donde existen varias zonas identificadas como focos de miner\u00eda ilegal. Estas \u00e1reas, por su geograf\u00eda compleja y limitada accesibilidad, han sido utilizadas hist\u00f3ricamente para actividades extractivas al margen de la ley.<\/p>\n<p>Asimismo, reiter\u00f3 que el trabajo de inteligencia y acercamiento comunitario ha sido clave para obtener informaci\u00f3n y desarrollar acciones articuladas con respeto a la cosmovisi\u00f3n y derechos de los pueblos originarios de la regi\u00f3n. El comandante hizo un llamado p\u00fablico a las comunidades para sumarse a esta lucha y contribuir con informaci\u00f3n que permita erradicar el delito y preservar el entorno natural.<\/p>\n<p>Prevenci\u00f3n del delito y seguridad vial<\/p>\n<p>En otro eje de acci\u00f3n, el comandante mencion\u00f3 que se mantienen controles constantes en zonas de alta siniestralidad vehicular, especialmente en el sur de la ciudad de Macas, con el fin de reducir los accidentes de tr\u00e1nsito. Asimismo, record\u00f3 que las condiciones clim\u00e1ticas propias de la provincia \u2014como la presencia constante de lluvias\u2014 requieren una conducci\u00f3n responsable y veh\u00edculos en \u00f3ptimas condiciones mec\u00e1nicas.<\/p>\n<p>Llamado a la ciudadan\u00eda y uso de tecnolog\u00eda<\/p>\n<p>Finalmente, el jefe policial resalt\u00f3 la importancia de la participaci\u00f3n ciudadana y el uso de herramientas tecnol\u00f3gicas, como las c\u00e1maras de vigilancia p\u00fablicas y privadas, que han sido fundamentales en la resoluci\u00f3n de casos delictivos recientes. Invit\u00f3 a la poblaci\u00f3n a reportar cualquier hecho sospechoso a trav\u00e9s de las Unidades de Polic\u00eda Comunitaria (UPC) o canales oficiales como redes sociales institucionales.<\/p>\n<p>\u201cEstamos seguros de que, con el respaldo de la ciudadan\u00eda y el trabajo coordinado de nuestras unidades operativas, podremos combatir con mayor eficacia a las estructuras delictivas que operan en la provincia\u201d, concluy\u00f3 el Coronel Ponce.<\/p>\n","protected":false},"excerpt":{"rendered":"<p>La Polic\u00eda Nacional del Ecuador, a trav\u00e9s del Comandante de la Subzona Morona Santiago, Coronel de Estado Mayor Henry Patricio Ponce Garrido, inform\u00f3 en rueda de prensa sobre el desarrollo de tres importantes operativos realizados durante los \u00faltimos d\u00edas en distintos sectores de la provincia. Estas acciones evidencian el compromiso institucional con la lucha contra la miner\u00eda ilegal, el crimen organizado y los delitos conexos que afectan de forma significativa a la seguridad ciudadana y al medioambiente en esta zona del pa\u00eds. Primer operativo: lucha frontal contra la miner\u00eda ilegal en Santiago de M\u00e9ndez El primer hecho relevante ocurri\u00f3 el lunes 2 de junio, en el sector de Tayusa, a orillas del r\u00edo Chusa, cant\u00f3n Santiago de M\u00e9ndez. Mediante labores conjuntas entre unidades de inteligencia y personal preventivo del Distrito M\u00e9ndez, se logr\u00f3 la aprehensi\u00f3n de un ciudadano en delito flagrante por su presunta vinculaci\u00f3n con actividades de miner\u00eda ilegal. Durante el operativo, se incautaron: Una retroexcavadora Un terminal m\u00f3vil Una draga Tres clasificadoras de material Seg\u00fan estimaciones preliminares, el impacto econ\u00f3mico de esta intervenci\u00f3n asciende a aproximadamente 200.000 d\u00f3lares, en perjuicio de las estructuras ilegales que operaban en la zona. El detenido fue puesto a \u00f3rdenes de la autoridad competente para el inicio del proceso judicial correspondiente. Cabe destacar que el ciudadano aprehendido ya registraba antecedentes por el mismo tipo penal. El Coronel Ponce enfatiz\u00f3 que estos hechos no solo constituyen delitos ambientales, sino que tambi\u00e9n est\u00e1n \u00edntimamente ligados a otras problem\u00e1ticas como el tr\u00e1fico de combustibles, la deforestaci\u00f3n y el deterioro social. Segundo operativo: captura de presunto autor de asalto en Palora Otro caso de relevancia ocurri\u00f3 el pasado domingo por la noche en el cant\u00f3n Palora, donde se registr\u00f3 un asalto a una estaci\u00f3n de servicio. Gracias a la r\u00e1pida intervenci\u00f3n de las unidades operativas e investigativas de la Polic\u00eda Nacional, durante la madrugada del d\u00eda siguiente se logr\u00f3 la aprehensi\u00f3n de uno de los presuntos implicados. En el allanamiento del domicilio del sospechoso se encontr\u00f3: Un arma de fuego La motocicleta presuntamente utilizada para perpetrar el robo El individuo fue sometido al debido proceso y se dictaron 30 d\u00edas de prisi\u00f3n preventiva mientras avanzan las investigaciones. La oportuna acci\u00f3n policial fue posible gracias al uso de tecnolog\u00eda de videovigilancia del ECU-911 y las c\u00e1maras privadas instaladas en el sector, lo cual permiti\u00f3 identificar a los implicados y rastrear el veh\u00edculo involucrado. Tercer operativo: incautaci\u00f3n de di\u00e9sel presumiblemente destinado a miner\u00eda ilegal Durante la tarde del 2 de junio, en un operativo conjunto con personal de las Fuerzas Armadas, se detuvo a cuatro ciudadanos \u2014entre ellos una mujer\u2014 en el sector de Palora, quienes se encontraban transportando aproximadamente 200 galones de di\u00e9sel, sin justificaci\u00f3n legal. Esta sustancia presumiblemente se destinaba a actividades de miner\u00eda ilegal en zonas de dif\u00edcil acceso. Las personas aprehendidas fueron puestas a \u00f3rdenes de las autoridades judiciales, y se inici\u00f3 la respectiva cadena de custodia de la evidencia. Este tipo de combustible es clave en la operaci\u00f3n de maquinaria utilizada para la extracci\u00f3n il\u00edcita de minerales, por lo que su control resulta estrat\u00e9gico en la lucha contra este flagelo. Contexto y acciones complementarias El Coronel Ponce indic\u00f3 que la Subzona Morona Santiago ha intensificado su labor investigativa en diferentes sectores de la provincia, especialmente en el cant\u00f3n Santiago de M\u00e9ndez, donde existen varias zonas identificadas como focos de miner\u00eda ilegal. Estas \u00e1reas, por su geograf\u00eda compleja y limitada accesibilidad, han sido utilizadas hist\u00f3ricamente para actividades extractivas al margen de la ley. Asimismo, reiter\u00f3 que el trabajo de inteligencia y acercamiento comunitario ha sido clave para obtener informaci\u00f3n y desarrollar acciones articuladas con respeto a la cosmovisi\u00f3n y derechos de los pueblos originarios de la regi\u00f3n. El comandante hizo un llamado p\u00fablico a las comunidades para sumarse a esta lucha y contribuir con informaci\u00f3n que permita erradicar el delito y preservar el entorno natural. Prevenci\u00f3n del delito y seguridad vial En otro eje de acci\u00f3n, el comandante mencion\u00f3 que se mantienen controles constantes en zonas de alta siniestralidad vehicular, especialmente en el sur de la ciudad de Macas, con el fin de reducir los accidentes de tr\u00e1nsito. Asimismo, record\u00f3 que las condiciones clim\u00e1ticas propias de la provincia \u2014como la presencia constante de lluvias\u2014 requieren una conducci\u00f3n responsable y veh\u00edculos en \u00f3ptimas condiciones mec\u00e1nicas. Llamado a la ciudadan\u00eda y uso de tecnolog\u00eda Finalmente, el jefe policial resalt\u00f3 la importancia de la participaci\u00f3n ciudadana y el uso de herramientas tecnol\u00f3gicas, como las c\u00e1maras de vigilancia p\u00fablicas y privadas, que han sido fundamentales en la resoluci\u00f3n de casos delictivos recientes. Invit\u00f3 a la poblaci\u00f3n a reportar cualquier hecho sospechoso a trav\u00e9s de las Unidades de Polic\u00eda Comunitaria (UPC) o canales oficiales como redes sociales institucionales. \u201cEstamos seguros de que, con el respaldo de la ciudadan\u00eda y el trabajo coordinado de nuestras unidades operativas, podremos combatir con mayor eficacia a las estructuras delictivas que operan en la provincia\u201d, concluy\u00f3 el Coronel Ponce.<\/p>\n","protected":false},"author":1,"featured_media":23969,"comment_status":"open","ping_status":"open","sticky":false,"template":"","format":"standard","meta":{"footnotes":""},"categories":[268],"tags":[],"class_list":["post-23968","post","type-post","status-publish","format-standard","has-post-thumbnail","hentry","category-nacionales"],"_links":{"self":[{"href":"https:\/\/www.elamazonico.com\/portal\/wp-json\/wp\/v2\/posts\/23968","targetHints":{"allow":["GET"]}}],"collection":[{"href":"https:\/\/www.elamazonico.com\/portal\/wp-json\/wp\/v2\/posts"}],"about":[{"href":"https:\/\/www.elamazonico.com\/portal\/wp-json\/wp\/v2\/types\/post"}],"author":[{"embeddable":true,"href":"https:\/\/www.elamazonico.com\/portal\/wp-json\/wp\/v2\/users\/1"}],"replies":[{"embeddable":true,"href":"https:\/\/www.elamazonico.com\/portal\/wp-json\/wp\/v2\/comments?post=23968"}],"version-history":[{"count":1,"href":"https:\/\/www.elamazonico.com\/portal\/wp-json\/wp\/v2\/posts\/23968\/revisions"}],"predecessor-version":[{"id":23970,"href":"https:\/\/www.elamazonico.com\/portal\/wp-json\/wp\/v2\/posts\/23968\/revisions\/23970"}],"wp:featuredmedia":[{"embeddable":true,"href":"https:\/\/www.elamazonico.com\/portal\/wp-json\/wp\/v2\/media\/23969"}],"wp:attachment":[{"href":"https:\/\/www.elamazonico.com\/portal\/wp-json\/wp\/v2\/media?parent=23968"}],"wp:term":[{"taxonomy":"category","embeddable":true,"href":"https:\/\/www.elamazonico.com\/portal\/wp-json\/wp\/v2\/categories?post=23968"},{"taxonomy":"post_tag","embeddable":true,"href":"https:\/\/www.elamazonico.com\/portal\/wp-json\/wp\/v2\/tags?post=23968"}],"curies":[{"name":"wp","href":"https:\/\/api.w.org\/{rel}","templated":true}]}}