{"id":23965,"date":"2025-06-03T11:55:33","date_gmt":"2025-06-03T16:55:33","guid":{"rendered":"https:\/\/www.elamazonico.com\/portal\/?p=23965"},"modified":"2025-06-03T11:55:33","modified_gmt":"2025-06-03T16:55:33","slug":"asamblea-debate-la-ley-de-inteligencia-y-reforma-para-permitir-bases-militares-extranjeras","status":"publish","type":"post","link":"https:\/\/www.elamazonico.com\/portal\/asamblea-debate-la-ley-de-inteligencia-y-reforma-para-permitir-bases-militares-extranjeras\/","title":{"rendered":"Asamblea debate la Ley de Inteligencia y reforma para permitir bases militares extranjeras"},"content":{"rendered":"<div class=\"paragraph texto\">\n<p class=\"p_0\">La Asamblea Nacional fue convocada este martes 3 de junio de 2025 a las 09h00 para la sesi\u00f3n<i>\u00a0<\/i>No. 7 del Pleno, con el objetivo de conocer y resolver los informes para\u00a0<b>segundo debate<\/b>\u00a0del proyecto de Ley Org\u00e1nica de Inteligencia y el proyecto de Reforma Parcial al art\u00edculo 5 de la Constituci\u00f3n. La convocatoria fue realizada por el presidente del Legislativo, Niels Olsen.<\/p>\n<p class=\"p_1\"><strong>Ley Org\u00e1nica de Inteligencia<\/strong><\/p>\n<\/div>\n<div class=\"paragraph texto\">\n<p class=\"p_2\">Esta iniciativa, que busca establecer un marco jur\u00eddico para el\u00a0<b>Sistema Nacional de Inteligencia<\/b>, fue presentada originalmente en 2008 por la exlegisladora Ana Bel\u00e9n Mar\u00edn. El primer debate se llev\u00f3 a cabo en abril de 2023, antes de que el expresidente Guillermo Lasso decretara la muerte cruzada.<\/p>\n<p class=\"p_3\">El proyecto, tramitado en la Comisi\u00f3n de Seguridad Integral, tiene como prop\u00f3sito dotar al Estado de un sistema articulado de inteligencia y contrainteligencia que permita anticipar, prevenir y neutralizar\u00a0<b>amenazas\u00a0<\/b>que atenten contra la seguridad integral del pa\u00eds.<\/p>\n<div>\n<div>\n<div class=\"trv-player-container\">\n<div class=\"trv-wrapper\">\n<div id=\"br_video_player_b6e25b8b7ab73724b376f8f821d3965a7a4d6079\" class=\"trvd_video_player trvdinstream\">\n<div>La normativa contempla la creaci\u00f3n del <b>Sistema Nacional de Inteligencia<\/b>, un conjunto de subsistemas, instituciones y pol\u00edticas articuladas que proporcionen informaci\u00f3n estrat\u00e9gica al Presidente de la Rep\u00fablica. Este sistema tendr\u00e1 como finalidad proteger tanto a las instituciones del Estado como a los derechos de las personas, frente a riesgos y amenazas de cualquier tipo.<\/div>\n<\/div>\n<\/div>\n<\/div>\n<\/div>\n<\/div>\n<p class=\"p_5\">El proyecto detalla que la identidad de los servidores p\u00fablicos que participen en actividades de inteligencia y contrainteligencia ser\u00e1 reservada, como medida para garantizar la seguridad estatal.<\/p>\n<p class=\"p_6\">El Sistema Nacional de Inteligencia estar\u00e1 liderado por una\u00a0<b>entidad rectora<\/b>, que ser\u00e1 la encargada de coordinar y controlar a los siguientes subsistemas:<\/p>\n<\/div>\n<ul>\n<li class=\"bulletvistazo\">Inteligencia de las Fuerzas Armadas<\/li>\n<li class=\"bulletvistazo\">Inteligencia de la Polic\u00eda Nacional<\/li>\n<li class=\"bulletvistazo\">Inteligencia financiera y econ\u00f3mica<\/li>\n<li class=\"bulletvistazo\">Inteligencia de la Casa Militar Presidencial<\/li>\n<li class=\"bulletvistazo\">Inteligencia tributaria nacional<\/li>\n<li class=\"bulletvistazo\">Inteligencia aduanera<\/li>\n<li class=\"bulletvistazo\">Inteligencia penitenciaria<\/li>\n<li class=\"bulletvistazo\">Otros subsistemas definidos por el Presidente de la Rep\u00fablica<\/li>\n<\/ul>\n<div class=\"paragraph texto\">\n<p class=\"p_7\">Entre las principales funciones de la entidad rectora est\u00e1n:<\/p>\n<\/div>\n<ul>\n<li class=\"bulletvistazo\">-Proporcionar inteligencia al Presidente de la Rep\u00fablica<\/li>\n<li class=\"bulletvistazo\">-Elaborar el Plan Nacional de Inteligencia<\/li>\n<li class=\"bulletvistazo\">-Identificar riesgos, amenazas y objetivos de alto valor<\/li>\n<li class=\"bulletvistazo\">-Coordinar con organismos de inteligencia nacionales e internacionales<\/li>\n<li class=\"bulletvistazo\">-Regular el funcionamiento de todos los subsistemas<\/li>\n<li class=\"bulletvistazo\">-Desarrollar actividades de ciberinteligencia<\/li>\n<li class=\"bulletvistazo\">-Realizar operaciones de inteligencia y contrainteligencia<\/li>\n<li class=\"bulletvistazo\">-Capacitar al personal del sistema<\/li>\n<\/ul>\n<div class=\"paragraph texto\">\n<p class=\"p_8\">Adem\u00e1s, podr\u00e1 clasificar informaci\u00f3n sensible, coordinar el intercambio de datos entre instituciones del Estado y contribuir con inteligencia en el marco de acuerdos internacionales.<\/p>\n<\/div>\n<h2 class=\"h2vistazo\">Bases militares extranjeras en Ecuador<\/h2>\n<div class=\"paragraph texto\">\n<p class=\"p_9\">Este martes 3 de junio de 2025, el Pleno de la Asamblea Nacional tambi\u00e9n realiza el segundo debate del proyecto de\u00a0<b>Reforma Parcial al Art\u00edculo 5 de la Constituci\u00f3n de la Rep\u00fablica<\/b>, una iniciativa presentada por el presidente Daniel Noboa para permitir la instalaci\u00f3n de\u00a0<b>bases militares extranjeras<\/b>\u00a0en territorio ecuatoriano.<\/p>\n<p class=\"p_10\">La propuesta, enviada por el Ejecutivo mediante el\u00a0<b>Decreto 425<\/b>\u00a0el 17 de octubre de 2024, plantea\u00a0<b>eliminar la prohibici\u00f3n constitucional vigente<\/b>\u00a0que impide establecer bases o instalaciones extranjeras con fines militares, as\u00ed como ceder instalaciones militares nacionales a fuerzas armadas o de seguridad extranjeras.<\/p>\n<p class=\"p_11\">El mandatario sostiene que Ecuador, desde enero de 2024, se encuentra en un\u00a0<b>estado de conflicto interno armado<\/b>\u00a0contra grupos del crimen organizado transnacional, por lo que necesita\u00a0<b>fortalecer su capacidad operativa<\/b>\u00a0mediante la cooperaci\u00f3n militar con pa\u00edses aliados.<\/p>\n<p class=\"p_12\">La pregunta planteada por el Gobierno para la eventual consulta popular es:<\/p>\n<p class=\"p_13\"><i>\u201c\u00bfEst\u00e1 usted de acuerdo con que se elimine la prohibici\u00f3n de establecer bases militares extranjeras o instalaciones extranjeras con prop\u00f3sitos militares, y de ceder bases militares nacionales a fuerzas armadas o de seguridad extranjeras, reformando parcialmente la Constituci\u00f3n de conformidad con el anexo de la pregunta?\u201d<\/i><\/p>\n<p class=\"p_14\">Para su aprobaci\u00f3n legislativa, la reforma requiere\u00a0<b>al menos 77 votos afirmativos<\/b>\u00a0en el Pleno. Si se alcanza ese respaldo, el proyecto deber\u00e1 someterse a un\u00a0<b>refer\u00e9ndum<\/b>, donde la ciudadan\u00eda decidir\u00e1 en las urnas si se modifica o no la Constituci\u00f3n. <strong>Fuente: Vistazo<\/strong><\/p>\n<\/div>\n","protected":false},"excerpt":{"rendered":"<p>La Asamblea Nacional fue convocada este martes 3 de junio de 2025 a las 09h00 para la sesi\u00f3n\u00a0No. 7 del Pleno, con el objetivo de conocer y resolver los informes para\u00a0segundo debate\u00a0del proyecto de Ley Org\u00e1nica de Inteligencia y el proyecto de Reforma Parcial al art\u00edculo 5 de la Constituci\u00f3n. La convocatoria fue realizada por el presidente del Legislativo, Niels Olsen. Ley Org\u00e1nica de Inteligencia Esta iniciativa, que busca establecer un marco jur\u00eddico para el\u00a0Sistema Nacional de Inteligencia, fue presentada originalmente en 2008 por la exlegisladora Ana Bel\u00e9n Mar\u00edn. El primer debate se llev\u00f3 a cabo en abril de 2023, antes de que el expresidente Guillermo Lasso decretara la muerte cruzada. El proyecto, tramitado en la Comisi\u00f3n de Seguridad Integral, tiene como prop\u00f3sito dotar al Estado de un sistema articulado de inteligencia y contrainteligencia que permita anticipar, prevenir y neutralizar\u00a0amenazas\u00a0que atenten contra la seguridad integral del pa\u00eds. La normativa contempla la creaci\u00f3n del Sistema Nacional de Inteligencia, un conjunto de subsistemas, instituciones y pol\u00edticas articuladas que proporcionen informaci\u00f3n estrat\u00e9gica al Presidente de la Rep\u00fablica. Este sistema tendr\u00e1 como finalidad proteger tanto a las instituciones del Estado como a los derechos de las personas, frente a riesgos y amenazas de cualquier tipo. El proyecto detalla que la identidad de los servidores p\u00fablicos que participen en actividades de inteligencia y contrainteligencia ser\u00e1 reservada, como medida para garantizar la seguridad estatal. El Sistema Nacional de Inteligencia estar\u00e1 liderado por una\u00a0entidad rectora, que ser\u00e1 la encargada de coordinar y controlar a los siguientes subsistemas: Inteligencia de las Fuerzas Armadas Inteligencia de la Polic\u00eda Nacional Inteligencia financiera y econ\u00f3mica Inteligencia de la Casa Militar Presidencial Inteligencia tributaria nacional Inteligencia aduanera Inteligencia penitenciaria Otros subsistemas definidos por el Presidente de la Rep\u00fablica Entre las principales funciones de la entidad rectora est\u00e1n: -Proporcionar inteligencia al Presidente de la Rep\u00fablica -Elaborar el Plan Nacional de Inteligencia -Identificar riesgos, amenazas y objetivos de alto valor -Coordinar con organismos de inteligencia nacionales e internacionales -Regular el funcionamiento de todos los subsistemas -Desarrollar actividades de ciberinteligencia -Realizar operaciones de inteligencia y contrainteligencia -Capacitar al personal del sistema Adem\u00e1s, podr\u00e1 clasificar informaci\u00f3n sensible, coordinar el intercambio de datos entre instituciones del Estado y contribuir con inteligencia en el marco de acuerdos internacionales. Bases militares extranjeras en Ecuador Este martes 3 de junio de 2025, el Pleno de la Asamblea Nacional tambi\u00e9n realiza el segundo debate del proyecto de\u00a0Reforma Parcial al Art\u00edculo 5 de la Constituci\u00f3n de la Rep\u00fablica, una iniciativa presentada por el presidente Daniel Noboa para permitir la instalaci\u00f3n de\u00a0bases militares extranjeras\u00a0en territorio ecuatoriano. La propuesta, enviada por el Ejecutivo mediante el\u00a0Decreto 425\u00a0el 17 de octubre de 2024, plantea\u00a0eliminar la prohibici\u00f3n constitucional vigente\u00a0que impide establecer bases o instalaciones extranjeras con fines militares, as\u00ed como ceder instalaciones militares nacionales a fuerzas armadas o de seguridad extranjeras. El mandatario sostiene que Ecuador, desde enero de 2024, se encuentra en un\u00a0estado de conflicto interno armado\u00a0contra grupos del crimen organizado transnacional, por lo que necesita\u00a0fortalecer su capacidad operativa\u00a0mediante la cooperaci\u00f3n militar con pa\u00edses aliados. La pregunta planteada por el Gobierno para la eventual consulta popular es: \u201c\u00bfEst\u00e1 usted de acuerdo con que se elimine la prohibici\u00f3n de establecer bases militares extranjeras o instalaciones extranjeras con prop\u00f3sitos militares, y de ceder bases militares nacionales a fuerzas armadas o de seguridad extranjeras, reformando parcialmente la Constituci\u00f3n de conformidad con el anexo de la pregunta?\u201d Para su aprobaci\u00f3n legislativa, la reforma requiere\u00a0al menos 77 votos afirmativos\u00a0en el Pleno. Si se alcanza ese respaldo, el proyecto deber\u00e1 someterse a un\u00a0refer\u00e9ndum, donde la ciudadan\u00eda decidir\u00e1 en las urnas si se modifica o no la Constituci\u00f3n. Fuente: Vistazo<\/p>\n","protected":false},"author":1,"featured_media":23966,"comment_status":"open","ping_status":"open","sticky":false,"template":"","format":"standard","meta":{"footnotes":""},"categories":[268],"tags":[],"class_list":["post-23965","post","type-post","status-publish","format-standard","has-post-thumbnail","hentry","category-nacionales"],"_links":{"self":[{"href":"https:\/\/www.elamazonico.com\/portal\/wp-json\/wp\/v2\/posts\/23965","targetHints":{"allow":["GET"]}}],"collection":[{"href":"https:\/\/www.elamazonico.com\/portal\/wp-json\/wp\/v2\/posts"}],"about":[{"href":"https:\/\/www.elamazonico.com\/portal\/wp-json\/wp\/v2\/types\/post"}],"author":[{"embeddable":true,"href":"https:\/\/www.elamazonico.com\/portal\/wp-json\/wp\/v2\/users\/1"}],"replies":[{"embeddable":true,"href":"https:\/\/www.elamazonico.com\/portal\/wp-json\/wp\/v2\/comments?post=23965"}],"version-history":[{"count":1,"href":"https:\/\/www.elamazonico.com\/portal\/wp-json\/wp\/v2\/posts\/23965\/revisions"}],"predecessor-version":[{"id":23967,"href":"https:\/\/www.elamazonico.com\/portal\/wp-json\/wp\/v2\/posts\/23965\/revisions\/23967"}],"wp:featuredmedia":[{"embeddable":true,"href":"https:\/\/www.elamazonico.com\/portal\/wp-json\/wp\/v2\/media\/23966"}],"wp:attachment":[{"href":"https:\/\/www.elamazonico.com\/portal\/wp-json\/wp\/v2\/media?parent=23965"}],"wp:term":[{"taxonomy":"category","embeddable":true,"href":"https:\/\/www.elamazonico.com\/portal\/wp-json\/wp\/v2\/categories?post=23965"},{"taxonomy":"post_tag","embeddable":true,"href":"https:\/\/www.elamazonico.com\/portal\/wp-json\/wp\/v2\/tags?post=23965"}],"curies":[{"name":"wp","href":"https:\/\/api.w.org\/{rel}","templated":true}]}}