{"id":23959,"date":"2025-06-03T06:00:32","date_gmt":"2025-06-03T11:00:32","guid":{"rendered":"https:\/\/www.elamazonico.com\/portal\/?p=23959"},"modified":"2025-06-03T06:00:32","modified_gmt":"2025-06-03T11:00:32","slug":"quien-es-yandry-macias-hermano-de-alias-fito-de-funcionario-publico-en-manta-a-detenido-por-lavado-de-activos","status":"publish","type":"post","link":"https:\/\/www.elamazonico.com\/portal\/quien-es-yandry-macias-hermano-de-alias-fito-de-funcionario-publico-en-manta-a-detenido-por-lavado-de-activos\/","title":{"rendered":"\u00bfQui\u00e9n es Yandry Mac\u00edas? Hermano de alias Fito, de funcionario p\u00fablico en Manta a detenido por lavado de activos"},"content":{"rendered":"<div class=\"paragraph texto\">\n<p class=\"p_0\"><a href=\"https:\/\/www.vistazo.com\/actualidad\/nacional\/2025-06-02-detienen-hermano-alias-fito-familiares-lavado-de-activos-EE9431116\">Yandry Nicomedes Mac\u00edas Villamar,\u00a0<\/a>de 33 a\u00f1os, es hermano del cabecilla de la organizaci\u00f3n criminal\u00a0<u>Los Choneros,<\/u>\u00a0y uno de los seis detenidos durante el operativo\u00a0<b>&#8216;Centinela VI&#8217;,\u00a0<\/b>ejecutado en las provincias de\u00a0<b>Manab\u00ed, Guayas y Pichincha.<\/b><\/p>\n<p class=\"p_1\">Su captura se realiz\u00f3 en un inmueble\u00a0<b>ubicado en Quito,<\/b>\u00a0como parte de los 33 allanamientos ejecutados, donde se incautaron veh\u00edculos, tel\u00e9fonos y 46 bienes, presuntamente pertenecientes a<b>\u00a0alias Fito y a su c\u00edrculo familiar.<\/b>\u00a0Entre eso y los movimientos bancarios detectados, el monto ascender\u00eda\u00a0<b>aproximadamente a 37 millones de d\u00f3lares.<\/b><\/p>\n<p class=\"p_3\">Pero,\u00a0<u>\u00bfqui\u00e9n es el hermano menor de alias Fito, involucrado en esta estructura dedicada al presunto lavado de activos?\u00a0<\/u>Fue funcionario p\u00fablico y tambi\u00e9n accionista y presidente de una de las empresas bajo investigaci\u00f3n. Aqu\u00ed los detalles.<\/p>\n<\/div>\n<div class=\"multimediaMacroWrapper img lateral\">\n<figure class=\"contentMedia art-img\">\n<div><img fetchpriority=\"high\" decoding=\"async\" class=\" lazyloaded\" title=\"En el operativo, en Quito, fue detenido Yandry Mac\u00edas Villamar, hermano menor de alias Fito.\" src=\"https:\/\/www.vistazo.com\/placeholder\/svg\/viewbox\/768x1103\" sizes=\"100vw\" srcset=\"\/\/www.vistazo.com\/binrepository\/768x1103\/0c0\/0d0\/none\/12727\/OPHH\/gscatx1xmae1sqf_2228259_20250602171414.jpg 768w,\/\/www.vistazo.com\/binrepository\/640x919\/0c0\/0d0\/none\/12727\/OPRM\/gscatx1xmae1sqf_2228259_20250602171414.jpg 640w,\/\/www.vistazo.com\/binrepository\/512x735\/0c0\/0d0\/none\/12727\/OPNU\/gscatx1xmae1sqf_2228259_20250602171414.jpg 512w,\/\/www.vistazo.com\/binrepository\/384x552\/0c0\/0d0\/none\/12727\/OPIH\/gscatx1xmae1sqf_2228259_20250602171414.jpg 384w,\/\/www.vistazo.com\/binrepository\/300x431\/0c0\/0d0\/none\/12727\/OPJS\/gscatx1xmae1sqf_2228259_20250602171414.jpg 300w\" alt=\"$!En el operativo, en Quito, fue detenido Yandry Mac\u00edas Villamar, hermano menor de alias Fito.\" width=\"768\" height=\"1103\" data-srcset=\"\/\/www.vistazo.com\/binrepository\/768x1103\/0c0\/0d0\/none\/12727\/OPHH\/gscatx1xmae1sqf_2228259_20250602171414.jpg 768w,\/\/www.vistazo.com\/binrepository\/640x919\/0c0\/0d0\/none\/12727\/OPRM\/gscatx1xmae1sqf_2228259_20250602171414.jpg 640w,\/\/www.vistazo.com\/binrepository\/512x735\/0c0\/0d0\/none\/12727\/OPNU\/gscatx1xmae1sqf_2228259_20250602171414.jpg 512w,\/\/www.vistazo.com\/binrepository\/384x552\/0c0\/0d0\/none\/12727\/OPIH\/gscatx1xmae1sqf_2228259_20250602171414.jpg 384w,\/\/www.vistazo.com\/binrepository\/300x431\/0c0\/0d0\/none\/12727\/OPJS\/gscatx1xmae1sqf_2228259_20250602171414.jpg 300w\" \/><\/div>\n<div class=\"cutline-byline\"><span class=\"cutline-text\">En el operativo, en Quito, fue detenido Yandry Mac\u00edas Villamar, hermano menor de alias Fito.\u00a0<\/span><span class=\"byline-image\">(Foto: Fiscal\u00eda. )<\/span><\/div>\n<\/figure>\n<\/div>\n<h2 class=\"h2vistazo\">Hermano de Fito fue funcionario p\u00fablico en Manta<\/h2>\n<div class=\"paragraph texto\">\n<p class=\"p_4\">Hasta la madrugada de hoy, el nombre de\u00a0<b>Yandry Mac\u00edas Villamar, hermano menor de alias Fito,<\/b>\u00a0no registraba antecedentes en el sistema judicial. Su &#8216;hoja limpia&#8217; cambi\u00f3 por su presunta participaci\u00f3n en el delito de lavado de activos.<\/p>\n<p class=\"p_5\">Sin embargo, desde 2024 ya estaba en la mira de las autoridades. En junio del a\u00f1o pasado, su vivienda en Manta fue allanada por miembros de las Fuerzas Armadas y la Polic\u00eda Nacional.<\/p>\n<p class=\"p_6\">Aunque su historial judicial comienza con esta detenci\u00f3n,\u00a0<b>s\u00ed ha desempe\u00f1ado cargos como funcionario p\u00fablico.<\/b>\u00a0Seg\u00fan la p\u00e1gina web de la Contralor\u00eda, en 2016 fue funcionario de la\u00a0<u>Empresa P\u00fablica Municipal de Transportes y Terminales JOCAY-EP de Manta.<\/u><\/p>\n<p class=\"p_7\">En ese mismo a\u00f1o se gradu\u00f3 de la carrera de Ingenier\u00eda en Sistemas en la\u00a0<u>Universidad Laica Eloy Alfaro de Manab\u00ed,\u00a0<\/u>seg\u00fan consta en la p\u00e1gina web de la\u00a0<b>Senescyt<\/b>. Adem\u00e1s, cuenta con un certificado en Formaci\u00f3n de Formadores, emitido por la\u00a0<u>instituci\u00f3n N\u00fa\u00f1ez Bonilla Dami\u00e1n<\/u>\u00a0y registrado en 2021 en\u00a0<b>Quito<\/b>.<\/p>\n<p class=\"p_9\">De acuerdo al registro del portal de\u00a0<u>Contralor\u00eda<\/u>, desde 2015, figura como especialista en\u00a0<b>Tecnolog\u00eda<\/b>\u00a0en la\u00a0<b>Empresa P\u00fablica Municipal Movilidad de Manta<\/b>; una instituci\u00f3n que durante el a\u00f1o pasado fue blanco de atentados y\u00a0<u>m\u00e1s de 10 funcionarios de tr\u00e1nsito fueron asesinatos.<\/u><\/p>\n<p class=\"p_10\">En este documento,<u>\u00a0actualizado hasta agosto de 2025,<\/u>\u00a0Yandry Mac\u00edas declar\u00f3 dos autom\u00f3viles, dos cuentas bancarias, una casa y un terreno a su nombre, sumando<b>\u00a0un patrimonio total de USD 124.548.<\/b><\/p>\n<p class=\"p_11\">Actualmente el RUC de Mac\u00edas aparece como suspendido. Su \u00faltimo pago de impuestos fue en\u00a0<u>2024 por USD 428,02,<\/u>\u00a0mientras que en a\u00f1os anteriores no se registran pagos, excepto por montos menores de 6 y 12 d\u00f3lares.<\/p>\n<p class=\"p_12\"><b>Vistazo.com<\/b>\u00a0tambi\u00e9n revis\u00f3 la p\u00e1gina de\u00a0<u>Transparencia de la Empresa de Movilidad de Manta, pero<\/u>\u00a0no tiene datos actualizados de las personas que actualmente laboran all\u00ed.<\/p>\n<\/div>\n<div class=\"multimediaMacroWrapper img lateral\">\n<figure class=\"contentMedia art-img\">\n<div><img decoding=\"async\" class=\" lazyloaded\" title=\"El hermano de Fito ocup\u00f3 dos cargos p\u00fablicos entre 2016 y 2024 en Manab\u00ed.\" src=\"https:\/\/www.vistazo.com\/placeholder\/svg\/viewbox\/768x237\" sizes=\"100vw\" srcset=\"\/\/www.vistazo.com\/binrepository\/768x237\/0c0\/0d0\/none\/12727\/TBNO\/captura-de-pantalla-2025-06-02-a-la-s_2228018_20250602100338.png 768w,\/\/www.vistazo.com\/binrepository\/640x198\/0c0\/0d0\/none\/12727\/TBND\/captura-de-pantalla-2025-06-02-a-la-s_2228018_20250602100338.png 640w,\/\/www.vistazo.com\/binrepository\/512x158\/0c0\/0d0\/none\/12727\/TBNL\/captura-de-pantalla-2025-06-02-a-la-s_2228018_20250602100338.png 512w,\/\/www.vistazo.com\/binrepository\/384x119\/0c0\/0d0\/none\/12727\/TBNH\/captura-de-pantalla-2025-06-02-a-la-s_2228018_20250602100338.png 384w,\/\/www.vistazo.com\/binrepository\/300x93\/0c0\/0d0\/none\/12727\/TBNW\/captura-de-pantalla-2025-06-02-a-la-s_2228018_20250602100338.png 300w\" alt=\"$!El hermano de Fito ocup\u00f3 dos cargos p\u00fablicos entre 2016 y 2024 en Manab\u00ed.\" width=\"768\" height=\"237\" data-srcset=\"\/\/www.vistazo.com\/binrepository\/768x237\/0c0\/0d0\/none\/12727\/TBNO\/captura-de-pantalla-2025-06-02-a-la-s_2228018_20250602100338.png 768w,\/\/www.vistazo.com\/binrepository\/640x198\/0c0\/0d0\/none\/12727\/TBND\/captura-de-pantalla-2025-06-02-a-la-s_2228018_20250602100338.png 640w,\/\/www.vistazo.com\/binrepository\/512x158\/0c0\/0d0\/none\/12727\/TBNL\/captura-de-pantalla-2025-06-02-a-la-s_2228018_20250602100338.png 512w,\/\/www.vistazo.com\/binrepository\/384x119\/0c0\/0d0\/none\/12727\/TBNH\/captura-de-pantalla-2025-06-02-a-la-s_2228018_20250602100338.png 384w,\/\/www.vistazo.com\/binrepository\/300x93\/0c0\/0d0\/none\/12727\/TBNW\/captura-de-pantalla-2025-06-02-a-la-s_2228018_20250602100338.png 300w\" \/><\/div>\n<div class=\"cutline-byline\"><span class=\"cutline-text\">El hermano de Fito ocup\u00f3 dos cargos p\u00fablicos entre 2016 y 2024 en Manab\u00ed.<\/span>\u00a0<span class=\"byline-image\">(Foto: captura de pantalla de Contralor\u00eda. )<\/span><\/div>\n<\/figure>\n<\/div>\n<h2 class=\"h2vistazo\">Accionista y presidente de empresa de limpieza<\/h2>\n<div class=\"paragraph texto\">\n<p class=\"p_13\"><u>El comandante de la Polic\u00eda, Pablo D\u00e1vila<\/u>, indic\u00f3 que alias \u2018Fito\u2019 lider\u00f3 una estructura que, junto a sus familiares, conform\u00f3 un esquema societario y econ\u00f3mico presuntamente destinado al lavado de activos.<\/p>\n<p class=\"p_15\">Desde 2021, el hermano de<b>\u00a0alias Fito\u00a0<\/b>figura como accionista y presidente de\u00a0<u>Iris &amp; Limpieza C\u00eda. Ltda.,<\/u>\u00a0una compa\u00f1\u00eda domiciliada en Guayaquil que se dedica a actividades complementarias de alimentaci\u00f3n y limpieza de edificios, construcciones y obras, entre otros servicios.<\/p>\n<p class=\"p_16\"><u>La empresa contin\u00faa activa y, de hecho, se encuentra al d\u00eda con sus pagos.<\/u><\/p>\n<\/div>\n","protected":false},"excerpt":{"rendered":"<p>Yandry Nicomedes Mac\u00edas Villamar,\u00a0de 33 a\u00f1os, es hermano del cabecilla de la organizaci\u00f3n criminal\u00a0Los Choneros,\u00a0y uno de los seis detenidos durante el operativo\u00a0&#8216;Centinela VI&#8217;,\u00a0ejecutado en las provincias de\u00a0Manab\u00ed, Guayas y Pichincha. Su captura se realiz\u00f3 en un inmueble\u00a0ubicado en Quito,\u00a0como parte de los 33 allanamientos ejecutados, donde se incautaron veh\u00edculos, tel\u00e9fonos y 46 bienes, presuntamente pertenecientes a\u00a0alias Fito y a su c\u00edrculo familiar.\u00a0Entre eso y los movimientos bancarios detectados, el monto ascender\u00eda\u00a0aproximadamente a 37 millones de d\u00f3lares. Pero,\u00a0\u00bfqui\u00e9n es el hermano menor de alias Fito, involucrado en esta estructura dedicada al presunto lavado de activos?\u00a0Fue funcionario p\u00fablico y tambi\u00e9n accionista y presidente de una de las empresas bajo investigaci\u00f3n. Aqu\u00ed los detalles. En el operativo, en Quito, fue detenido Yandry Mac\u00edas Villamar, hermano menor de alias Fito.\u00a0(Foto: Fiscal\u00eda. ) Hermano de Fito fue funcionario p\u00fablico en Manta Hasta la madrugada de hoy, el nombre de\u00a0Yandry Mac\u00edas Villamar, hermano menor de alias Fito,\u00a0no registraba antecedentes en el sistema judicial. Su &#8216;hoja limpia&#8217; cambi\u00f3 por su presunta participaci\u00f3n en el delito de lavado de activos. Sin embargo, desde 2024 ya estaba en la mira de las autoridades. En junio del a\u00f1o pasado, su vivienda en Manta fue allanada por miembros de las Fuerzas Armadas y la Polic\u00eda Nacional. Aunque su historial judicial comienza con esta detenci\u00f3n,\u00a0s\u00ed ha desempe\u00f1ado cargos como funcionario p\u00fablico.\u00a0Seg\u00fan la p\u00e1gina web de la Contralor\u00eda, en 2016 fue funcionario de la\u00a0Empresa P\u00fablica Municipal de Transportes y Terminales JOCAY-EP de Manta. En ese mismo a\u00f1o se gradu\u00f3 de la carrera de Ingenier\u00eda en Sistemas en la\u00a0Universidad Laica Eloy Alfaro de Manab\u00ed,\u00a0seg\u00fan consta en la p\u00e1gina web de la\u00a0Senescyt. Adem\u00e1s, cuenta con un certificado en Formaci\u00f3n de Formadores, emitido por la\u00a0instituci\u00f3n N\u00fa\u00f1ez Bonilla Dami\u00e1n\u00a0y registrado en 2021 en\u00a0Quito. De acuerdo al registro del portal de\u00a0Contralor\u00eda, desde 2015, figura como especialista en\u00a0Tecnolog\u00eda\u00a0en la\u00a0Empresa P\u00fablica Municipal Movilidad de Manta; una instituci\u00f3n que durante el a\u00f1o pasado fue blanco de atentados y\u00a0m\u00e1s de 10 funcionarios de tr\u00e1nsito fueron asesinatos. En este documento,\u00a0actualizado hasta agosto de 2025,\u00a0Yandry Mac\u00edas declar\u00f3 dos autom\u00f3viles, dos cuentas bancarias, una casa y un terreno a su nombre, sumando\u00a0un patrimonio total de USD 124.548. Actualmente el RUC de Mac\u00edas aparece como suspendido. Su \u00faltimo pago de impuestos fue en\u00a02024 por USD 428,02,\u00a0mientras que en a\u00f1os anteriores no se registran pagos, excepto por montos menores de 6 y 12 d\u00f3lares. Vistazo.com\u00a0tambi\u00e9n revis\u00f3 la p\u00e1gina de\u00a0Transparencia de la Empresa de Movilidad de Manta, pero\u00a0no tiene datos actualizados de las personas que actualmente laboran all\u00ed. El hermano de Fito ocup\u00f3 dos cargos p\u00fablicos entre 2016 y 2024 en Manab\u00ed.\u00a0(Foto: captura de pantalla de Contralor\u00eda. ) Accionista y presidente de empresa de limpieza El comandante de la Polic\u00eda, Pablo D\u00e1vila, indic\u00f3 que alias \u2018Fito\u2019 lider\u00f3 una estructura que, junto a sus familiares, conform\u00f3 un esquema societario y econ\u00f3mico presuntamente destinado al lavado de activos. Desde 2021, el hermano de\u00a0alias Fito\u00a0figura como accionista y presidente de\u00a0Iris &amp; Limpieza C\u00eda. Ltda.,\u00a0una compa\u00f1\u00eda domiciliada en Guayaquil que se dedica a actividades complementarias de alimentaci\u00f3n y limpieza de edificios, construcciones y obras, entre otros servicios. La empresa contin\u00faa activa y, de hecho, se encuentra al d\u00eda con sus pagos.<\/p>\n","protected":false},"author":1,"featured_media":23960,"comment_status":"open","ping_status":"open","sticky":false,"template":"","format":"standard","meta":{"footnotes":""},"categories":[268],"tags":[],"class_list":["post-23959","post","type-post","status-publish","format-standard","has-post-thumbnail","hentry","category-nacionales"],"_links":{"self":[{"href":"https:\/\/www.elamazonico.com\/portal\/wp-json\/wp\/v2\/posts\/23959","targetHints":{"allow":["GET"]}}],"collection":[{"href":"https:\/\/www.elamazonico.com\/portal\/wp-json\/wp\/v2\/posts"}],"about":[{"href":"https:\/\/www.elamazonico.com\/portal\/wp-json\/wp\/v2\/types\/post"}],"author":[{"embeddable":true,"href":"https:\/\/www.elamazonico.com\/portal\/wp-json\/wp\/v2\/users\/1"}],"replies":[{"embeddable":true,"href":"https:\/\/www.elamazonico.com\/portal\/wp-json\/wp\/v2\/comments?post=23959"}],"version-history":[{"count":1,"href":"https:\/\/www.elamazonico.com\/portal\/wp-json\/wp\/v2\/posts\/23959\/revisions"}],"predecessor-version":[{"id":23961,"href":"https:\/\/www.elamazonico.com\/portal\/wp-json\/wp\/v2\/posts\/23959\/revisions\/23961"}],"wp:featuredmedia":[{"embeddable":true,"href":"https:\/\/www.elamazonico.com\/portal\/wp-json\/wp\/v2\/media\/23960"}],"wp:attachment":[{"href":"https:\/\/www.elamazonico.com\/portal\/wp-json\/wp\/v2\/media?parent=23959"}],"wp:term":[{"taxonomy":"category","embeddable":true,"href":"https:\/\/www.elamazonico.com\/portal\/wp-json\/wp\/v2\/categories?post=23959"},{"taxonomy":"post_tag","embeddable":true,"href":"https:\/\/www.elamazonico.com\/portal\/wp-json\/wp\/v2\/tags?post=23959"}],"curies":[{"name":"wp","href":"https:\/\/api.w.org\/{rel}","templated":true}]}}