{"id":23945,"date":"2025-06-02T16:39:23","date_gmt":"2025-06-02T21:39:23","guid":{"rendered":"https:\/\/www.elamazonico.com\/portal\/?p=23945"},"modified":"2025-06-02T16:39:23","modified_gmt":"2025-06-02T21:39:23","slug":"inicio-asfaltado-del-tramo-pablo-sexto-santa-ines-en-morona-santiago","status":"publish","type":"post","link":"https:\/\/www.elamazonico.com\/portal\/inicio-asfaltado-del-tramo-pablo-sexto-santa-ines-en-morona-santiago\/","title":{"rendered":"Inici\u00f3 asfaltado del tramo Pablo Sexto \u2013 Santa In\u00e9s en Morona Santiago"},"content":{"rendered":"<p>Con un firme compromiso con el desarrollo territorial y la mejora de la calidad de vida de las comunidades rurales, el Gobierno Aut\u00f3nomo Descentralizado Provincial de Morona Santiago, liderado por el prefecto Tiyua Uyunkar, dio inicio este lunes 2 de junio a una obra de significativa trascendencia para la provincia: el asfaltado del tramo vial que conecta las comunidades de Pablo Sexto y Santa In\u00e9s.<\/p>\n<p>El acto simb\u00f3lico de arranque de obra tuvo lugar en el coraz\u00f3n de la parroquia Pablo Sexto, contando con la presencia de autoridades locales, dirigentes comunitarios, t\u00e9cnicos de la Prefectura y ciudadan\u00eda en general, quienes celebraron el inicio de este proyecto largamente esperado y de vital importancia para la conectividad y el desarrollo regional.<\/p>\n<p>Una obra con sentido de justicia territorial<\/p>\n<p>Durante su intervenci\u00f3n, el prefecto Uyunkar destac\u00f3 que esta obra no es \u00fanicamente una mejora en infraestructura vial, sino una reivindicaci\u00f3n hist\u00f3rica para las poblaciones rurales que, durante d\u00e9cadas, han afrontado dificultades para acceder a servicios b\u00e1sicos, comercializar sus productos o movilizarse con seguridad durante la \u00e9poca invernal.<\/p>\n<p>\u201cHoy iniciamos una transformaci\u00f3n real. Donde antes hubo polvo y lodo, ahora construiremos progreso, dignidad y nuevas oportunidades para nuestras comunidades. Esta obra nace desde la voluntad del pueblo y es ejecutada con la fuerza de un gobierno provincial que trabaja desde el territorio y con visi\u00f3n de futuro\u201d, enfatiz\u00f3 el prefecto.<\/p>\n<p>Impacto t\u00e9cnico y social del proyecto<\/p>\n<p>El asfaltado del tramo Pablo Sexto \u2013 Santa In\u00e9s responde a una planificaci\u00f3n t\u00e9cnica estructurada, garantizando una v\u00eda segura, eficiente y sostenible.<\/p>\n<p>Este eje vial facilitar\u00e1 el acceso a centros de salud, educativos y productivos, beneficiando de forma directa a cientos de familias de la zona y de manera indirecta a toda la provincia, al fortalecer la integraci\u00f3n entre parroquias, dinamizar el comercio local y fomentar el turismo comunitario.<\/p>\n<p>Participaci\u00f3n comunitaria como eje de gobernanza<\/p>\n<p>Uno de los aspectos m\u00e1s destacados del inicio de esta obra fue la masiva participaci\u00f3n de la ciudadan\u00eda, que acompa\u00f1\u00f3 a las autoridades con expresiones de agradecimiento, esperanza y compromiso. Este acompa\u00f1amiento evidencia el modelo de gesti\u00f3n participativa e inclusiva que caracteriza al actual Gobierno Provincial.<\/p>\n<p>Desde los barrios, comunidades y organizaciones sociales de Pablo Sexto y Santa In\u00e9s, se destac\u00f3 el rol activo de la Prefectura para ejecutar obras de infraestructura que responden a las demandas ciudadanas y promueven el desarrollo con enfoque territorial, intercultural y sostenible.<\/p>\n<p>Compromiso con el territorio y visi\u00f3n de futuro<\/p>\n<p>Con el inicio del asfaltado de esta v\u00eda estrat\u00e9gica, el Gobierno Provincial ratifica su compromiso con la equidad territorial, enfocando sus esfuerzos en las zonas hist\u00f3ricamente postergadas y priorizando obras que impulsan el progreso desde el territorio hacia el centro de decisiones.<\/p>\n<p>El prefecto Tiyua Uyunkar reiter\u00f3 que este es solo el inicio de un ciclo de transformaci\u00f3n vial para Morona Santiago. \u201cSeguiremos trabajando con la misma fuerza, decisi\u00f3n y transparencia. Nuestro compromiso es con el pueblo y para el pueblo\u201d, concluy\u00f3.<\/p>\n","protected":false},"excerpt":{"rendered":"<p>Con un firme compromiso con el desarrollo territorial y la mejora de la calidad de vida de las comunidades rurales, el Gobierno Aut\u00f3nomo Descentralizado Provincial de Morona Santiago, liderado por el prefecto Tiyua Uyunkar, dio inicio este lunes 2 de junio a una obra de significativa trascendencia para la provincia: el asfaltado del tramo vial que conecta las comunidades de Pablo Sexto y Santa In\u00e9s. El acto simb\u00f3lico de arranque de obra tuvo lugar en el coraz\u00f3n de la parroquia Pablo Sexto, contando con la presencia de autoridades locales, dirigentes comunitarios, t\u00e9cnicos de la Prefectura y ciudadan\u00eda en general, quienes celebraron el inicio de este proyecto largamente esperado y de vital importancia para la conectividad y el desarrollo regional. Una obra con sentido de justicia territorial Durante su intervenci\u00f3n, el prefecto Uyunkar destac\u00f3 que esta obra no es \u00fanicamente una mejora en infraestructura vial, sino una reivindicaci\u00f3n hist\u00f3rica para las poblaciones rurales que, durante d\u00e9cadas, han afrontado dificultades para acceder a servicios b\u00e1sicos, comercializar sus productos o movilizarse con seguridad durante la \u00e9poca invernal. \u201cHoy iniciamos una transformaci\u00f3n real. Donde antes hubo polvo y lodo, ahora construiremos progreso, dignidad y nuevas oportunidades para nuestras comunidades. Esta obra nace desde la voluntad del pueblo y es ejecutada con la fuerza de un gobierno provincial que trabaja desde el territorio y con visi\u00f3n de futuro\u201d, enfatiz\u00f3 el prefecto. Impacto t\u00e9cnico y social del proyecto El asfaltado del tramo Pablo Sexto \u2013 Santa In\u00e9s responde a una planificaci\u00f3n t\u00e9cnica estructurada, garantizando una v\u00eda segura, eficiente y sostenible. Este eje vial facilitar\u00e1 el acceso a centros de salud, educativos y productivos, beneficiando de forma directa a cientos de familias de la zona y de manera indirecta a toda la provincia, al fortalecer la integraci\u00f3n entre parroquias, dinamizar el comercio local y fomentar el turismo comunitario. Participaci\u00f3n comunitaria como eje de gobernanza Uno de los aspectos m\u00e1s destacados del inicio de esta obra fue la masiva participaci\u00f3n de la ciudadan\u00eda, que acompa\u00f1\u00f3 a las autoridades con expresiones de agradecimiento, esperanza y compromiso. Este acompa\u00f1amiento evidencia el modelo de gesti\u00f3n participativa e inclusiva que caracteriza al actual Gobierno Provincial. Desde los barrios, comunidades y organizaciones sociales de Pablo Sexto y Santa In\u00e9s, se destac\u00f3 el rol activo de la Prefectura para ejecutar obras de infraestructura que responden a las demandas ciudadanas y promueven el desarrollo con enfoque territorial, intercultural y sostenible. Compromiso con el territorio y visi\u00f3n de futuro Con el inicio del asfaltado de esta v\u00eda estrat\u00e9gica, el Gobierno Provincial ratifica su compromiso con la equidad territorial, enfocando sus esfuerzos en las zonas hist\u00f3ricamente postergadas y priorizando obras que impulsan el progreso desde el territorio hacia el centro de decisiones. El prefecto Tiyua Uyunkar reiter\u00f3 que este es solo el inicio de un ciclo de transformaci\u00f3n vial para Morona Santiago. \u201cSeguiremos trabajando con la misma fuerza, decisi\u00f3n y transparencia. Nuestro compromiso es con el pueblo y para el pueblo\u201d, concluy\u00f3.<\/p>\n","protected":false},"author":1,"featured_media":23946,"comment_status":"open","ping_status":"open","sticky":false,"template":"","format":"standard","meta":{"footnotes":""},"categories":[268],"tags":[],"class_list":["post-23945","post","type-post","status-publish","format-standard","has-post-thumbnail","hentry","category-nacionales"],"_links":{"self":[{"href":"https:\/\/www.elamazonico.com\/portal\/wp-json\/wp\/v2\/posts\/23945","targetHints":{"allow":["GET"]}}],"collection":[{"href":"https:\/\/www.elamazonico.com\/portal\/wp-json\/wp\/v2\/posts"}],"about":[{"href":"https:\/\/www.elamazonico.com\/portal\/wp-json\/wp\/v2\/types\/post"}],"author":[{"embeddable":true,"href":"https:\/\/www.elamazonico.com\/portal\/wp-json\/wp\/v2\/users\/1"}],"replies":[{"embeddable":true,"href":"https:\/\/www.elamazonico.com\/portal\/wp-json\/wp\/v2\/comments?post=23945"}],"version-history":[{"count":1,"href":"https:\/\/www.elamazonico.com\/portal\/wp-json\/wp\/v2\/posts\/23945\/revisions"}],"predecessor-version":[{"id":23947,"href":"https:\/\/www.elamazonico.com\/portal\/wp-json\/wp\/v2\/posts\/23945\/revisions\/23947"}],"wp:featuredmedia":[{"embeddable":true,"href":"https:\/\/www.elamazonico.com\/portal\/wp-json\/wp\/v2\/media\/23946"}],"wp:attachment":[{"href":"https:\/\/www.elamazonico.com\/portal\/wp-json\/wp\/v2\/media?parent=23945"}],"wp:term":[{"taxonomy":"category","embeddable":true,"href":"https:\/\/www.elamazonico.com\/portal\/wp-json\/wp\/v2\/categories?post=23945"},{"taxonomy":"post_tag","embeddable":true,"href":"https:\/\/www.elamazonico.com\/portal\/wp-json\/wp\/v2\/tags?post=23945"}],"curies":[{"name":"wp","href":"https:\/\/api.w.org\/{rel}","templated":true}]}}