{"id":23920,"date":"2025-06-02T06:02:55","date_gmt":"2025-06-02T11:02:55","guid":{"rendered":"https:\/\/www.elamazonico.com\/portal\/?p=23920"},"modified":"2025-06-02T06:02:55","modified_gmt":"2025-06-02T11:02:55","slug":"caso-purga-espana-analizara-si-extradita-a-mercedes-villarreal-acusada-de-archivar-expedientes-judiciales-a-favor-de-la-trama","status":"publish","type":"post","link":"https:\/\/www.elamazonico.com\/portal\/caso-purga-espana-analizara-si-extradita-a-mercedes-villarreal-acusada-de-archivar-expedientes-judiciales-a-favor-de-la-trama\/","title":{"rendered":"Caso Purga: Espa\u00f1a analizar\u00e1 si extradita a Mercedes Villarreal, acusada de archivar expedientes judiciales a favor de la trama"},"content":{"rendered":"<div class=\"paragraph texto\">\n<p class=\"p_0\">La justicia espa\u00f1ola estudiar\u00e1 este lunes si extradita a Ecuador a la ex directora provincial de la Judicatura de Guayas,\u00a0<b><a href=\"https:\/\/www.vistazo.com\/actualidad\/nacional\/caso-purga-mercedes-villareal-detenida-en-espana-podria-volver-a-ser-funcionaria-de-la-judicatura-BH7768377\">Mercedes Villarreal<\/a><\/b>, acusada de usar presuntamente su cargo para archivar procedimientos y cambiar a jueces por otros favorables a la trama de corrupci\u00f3n conocida\u00a0<b>caso Purga.<\/b><\/p>\n<p class=\"p_1\">La reclamada\u00a0<u><b>se encuentra en libertad con medidas cautelares<\/b><\/u>\u00a0desde\u00a0<a href=\"https:\/\/www.vistazo.com\/actualidad\/nacional\/caso-purga-mercedes-villarreal-exdirectora-de-la-judicatura-en-guayas-descubierta-en-espana-XJ7759563\">su detenci\u00f3n en Lleida<\/a>\u00a0(ciudad del noreste de Espa\u00f1a) en julio de 2024 a donde lleg\u00f3 tras abandonar Ecuador con destino a\u00a0<b>Pa\u00edses Bajos<\/b>, seg\u00fan inform\u00f3 la Polic\u00eda ecuatoriana a ra\u00edz de su arresto.<\/p>\n<p class=\"p_3\">La audiencia de extradici\u00f3n se celebrar\u00e1 ante el tribunal de la Audiencia Nacional, cuya Fiscal\u00eda present\u00f3 en informe en el que considera que en el caso de Villarreal<u><b>\u00a0concurren los requisitos legales para acceder a su entrega<\/b><\/u>, aunque ella se opone a ser extraditada.<\/p>\n<div class=\"Center2Display\">\n<div id=\"Center2\" data-google-query-id=\"CPGCioDL0o0DFb4digMdsA0UNQ\">\n<div id=\"google_ads_iframe_\/21839199781\/Vistazo\/Vistazo_Center2_0__container__\"><\/div>\n<\/div>\n<\/div>\n<\/div>\n<div class=\"multimediaMacroWrapper img lateral\">\n<figure class=\"contentMedia art-img\">\n<div><img fetchpriority=\"high\" decoding=\"async\" class=\" lazyloaded\" title=\"Mercedes Villarreal es solicitada por el Ecuador en extradici\u00f3n.\" src=\"https:\/\/www.vistazo.com\/placeholder\/svg\/viewbox\/768x432\" sizes=\"100vw\" srcset=\"\/\/www.vistazo.com\/binrepository\/768x432\/0c0\/0d0\/none\/12727\/GXYV\/rreal-2096948-20250326081833_2227378_20250601184526.png 768w,\/\/www.vistazo.com\/binrepository\/640x360\/0c0\/0d0\/none\/12727\/GXYH\/rreal-2096948-20250326081833_2227378_20250601184526.png 640w,\/\/www.vistazo.com\/binrepository\/512x288\/0c0\/0d0\/none\/12727\/GXYE\/rreal-2096948-20250326081833_2227378_20250601184526.png 512w,\/\/www.vistazo.com\/binrepository\/384x216\/0c0\/0d0\/none\/12727\/GXYC\/rreal-2096948-20250326081833_2227378_20250601184526.png 384w,\/\/www.vistazo.com\/binrepository\/300x169\/0c0\/0d0\/none\/12727\/GXYW\/rreal-2096948-20250326081833_2227378_20250601184526.png 300w\" alt=\"$!Mercedes Villarreal es solicitada por el Ecuador en extradici\u00f3n.\" width=\"768\" height=\"432\" data-srcset=\"\/\/www.vistazo.com\/binrepository\/768x432\/0c0\/0d0\/none\/12727\/GXYV\/rreal-2096948-20250326081833_2227378_20250601184526.png 768w,\/\/www.vistazo.com\/binrepository\/640x360\/0c0\/0d0\/none\/12727\/GXYH\/rreal-2096948-20250326081833_2227378_20250601184526.png 640w,\/\/www.vistazo.com\/binrepository\/512x288\/0c0\/0d0\/none\/12727\/GXYE\/rreal-2096948-20250326081833_2227378_20250601184526.png 512w,\/\/www.vistazo.com\/binrepository\/384x216\/0c0\/0d0\/none\/12727\/GXYC\/rreal-2096948-20250326081833_2227378_20250601184526.png 384w,\/\/www.vistazo.com\/binrepository\/300x169\/0c0\/0d0\/none\/12727\/GXYW\/rreal-2096948-20250326081833_2227378_20250601184526.png 300w\" \/><\/div>\n<div class=\"cutline-byline\"><span class=\"cutline-text\">Mercedes Villarreal es solicitada por el Ecuador en extradici\u00f3n.<\/span>\u00a0<span class=\"byline-image\">(Foto: archivo )<\/span><\/div>\n<\/figure>\n<\/div>\n<h2 class=\"h2vistazo\">\u00bfPOR QU\u00c9 ES SOLICITADA POR ECUADOR?<\/h2>\n<div class=\"paragraph texto\">\n<p class=\"p_4\">Seg\u00fan la solicitud de las autoridades ecuatorianas, la mujer formaba parte de un grupo de delincuencia organizada investigado en el llamado caso Purga, y, aprovechando su cargo en la Judicatura de Guayas,\u00a0<u><b>cambi\u00f3 a los miembros de la Sala de la Corte Provincial para poner en su lugar a otros afines a su grupo delictivo<\/b><\/u>, y ello al objeto de obtener sentencias favorables a los l\u00edderes de la organizaci\u00f3n criminal.<\/p>\n<p class=\"p_5\">Por medio del tr\u00e1fico de influencias y cohechos, el grupo criminal obtuvo un beneficio econ\u00f3mico de alrededor de\u00a0<b>4 millones de d\u00f3lares<\/b>, de acuerdo con los datos aportados por las autoridades ecuatorianas.<\/p>\n<p class=\"p_6\">El grupo delictivo se cre\u00f3 a ra\u00edz de la elecci\u00f3n del exasamble\u00edsta del Partido Social Cristiano<b><a href=\"https:\/\/www.vistazo.com\/actualidad\/nacional\/2025-02-20-caso-purga-fiscalia-sentencia-trece-anos-cuatro-meses-carcel-pablo-muentes-fabiola-gallardo-DM8853630\">\u00a0Pablo Muentes<\/a><\/b>, condenado recientemente junto a varios jueces, entre ellos la expresidenta de la Corte Provincial de Justicia de Guayas\u00a0<b>Fabiola Gallardo<\/b>, a 13 a\u00f1os de c\u00e1rcel por el caso Purga, una trama de corrupci\u00f3n judicial dentro de la Corte Provincial de Justicia de Guayas, cuya capital es Guayaquil.<\/p>\n<p class=\"p_7\">El caso Purga sali\u00f3 a la luz a ra\u00edz de las investigaciones del caso Met\u00e1stasis, otra gran trama de corrupci\u00f3n judicial, policial y carcelaria creada por el narcotraficante Leandro\u00a0<b>\u2018El Patr\u00f3n\u2019 Norero<\/b>, asesinado en prisi\u00f3n a finales de 2022.<\/p>\n<p class=\"p_8\">En esta trama, el papel de Mercedes Villareal gir\u00f3 en torno, entre otros aspectos, a facilitar la separaci\u00f3n de un juez\u00a0<u><b>\u00abpor no querer alinearse a las pretensiones del l\u00edder del grupo delictual\u00bb\u00a0<\/b><\/u>y a la eliminaci\u00f3n de sumarios administrativos en contra de la Presidenta de la Corte Provincial del Guayas. <strong>Fuente: Vistazo<\/strong><\/p>\n<\/div>\n","protected":false},"excerpt":{"rendered":"<p>La justicia espa\u00f1ola estudiar\u00e1 este lunes si extradita a Ecuador a la ex directora provincial de la Judicatura de Guayas,\u00a0Mercedes Villarreal, acusada de usar presuntamente su cargo para archivar procedimientos y cambiar a jueces por otros favorables a la trama de corrupci\u00f3n conocida\u00a0caso Purga. La reclamada\u00a0se encuentra en libertad con medidas cautelares\u00a0desde\u00a0su detenci\u00f3n en Lleida\u00a0(ciudad del noreste de Espa\u00f1a) en julio de 2024 a donde lleg\u00f3 tras abandonar Ecuador con destino a\u00a0Pa\u00edses Bajos, seg\u00fan inform\u00f3 la Polic\u00eda ecuatoriana a ra\u00edz de su arresto. La audiencia de extradici\u00f3n se celebrar\u00e1 ante el tribunal de la Audiencia Nacional, cuya Fiscal\u00eda present\u00f3 en informe en el que considera que en el caso de Villarreal\u00a0concurren los requisitos legales para acceder a su entrega, aunque ella se opone a ser extraditada. Mercedes Villarreal es solicitada por el Ecuador en extradici\u00f3n.\u00a0(Foto: archivo ) \u00bfPOR QU\u00c9 ES SOLICITADA POR ECUADOR? Seg\u00fan la solicitud de las autoridades ecuatorianas, la mujer formaba parte de un grupo de delincuencia organizada investigado en el llamado caso Purga, y, aprovechando su cargo en la Judicatura de Guayas,\u00a0cambi\u00f3 a los miembros de la Sala de la Corte Provincial para poner en su lugar a otros afines a su grupo delictivo, y ello al objeto de obtener sentencias favorables a los l\u00edderes de la organizaci\u00f3n criminal. Por medio del tr\u00e1fico de influencias y cohechos, el grupo criminal obtuvo un beneficio econ\u00f3mico de alrededor de\u00a04 millones de d\u00f3lares, de acuerdo con los datos aportados por las autoridades ecuatorianas. El grupo delictivo se cre\u00f3 a ra\u00edz de la elecci\u00f3n del exasamble\u00edsta del Partido Social Cristiano\u00a0Pablo Muentes, condenado recientemente junto a varios jueces, entre ellos la expresidenta de la Corte Provincial de Justicia de Guayas\u00a0Fabiola Gallardo, a 13 a\u00f1os de c\u00e1rcel por el caso Purga, una trama de corrupci\u00f3n judicial dentro de la Corte Provincial de Justicia de Guayas, cuya capital es Guayaquil. El caso Purga sali\u00f3 a la luz a ra\u00edz de las investigaciones del caso Met\u00e1stasis, otra gran trama de corrupci\u00f3n judicial, policial y carcelaria creada por el narcotraficante Leandro\u00a0\u2018El Patr\u00f3n\u2019 Norero, asesinado en prisi\u00f3n a finales de 2022. En esta trama, el papel de Mercedes Villareal gir\u00f3 en torno, entre otros aspectos, a facilitar la separaci\u00f3n de un juez\u00a0\u00abpor no querer alinearse a las pretensiones del l\u00edder del grupo delictual\u00bb\u00a0y a la eliminaci\u00f3n de sumarios administrativos en contra de la Presidenta de la Corte Provincial del Guayas. Fuente: Vistazo<\/p>\n","protected":false},"author":1,"featured_media":23921,"comment_status":"open","ping_status":"open","sticky":false,"template":"","format":"standard","meta":{"footnotes":""},"categories":[268],"tags":[],"class_list":["post-23920","post","type-post","status-publish","format-standard","has-post-thumbnail","hentry","category-nacionales"],"_links":{"self":[{"href":"https:\/\/www.elamazonico.com\/portal\/wp-json\/wp\/v2\/posts\/23920","targetHints":{"allow":["GET"]}}],"collection":[{"href":"https:\/\/www.elamazonico.com\/portal\/wp-json\/wp\/v2\/posts"}],"about":[{"href":"https:\/\/www.elamazonico.com\/portal\/wp-json\/wp\/v2\/types\/post"}],"author":[{"embeddable":true,"href":"https:\/\/www.elamazonico.com\/portal\/wp-json\/wp\/v2\/users\/1"}],"replies":[{"embeddable":true,"href":"https:\/\/www.elamazonico.com\/portal\/wp-json\/wp\/v2\/comments?post=23920"}],"version-history":[{"count":1,"href":"https:\/\/www.elamazonico.com\/portal\/wp-json\/wp\/v2\/posts\/23920\/revisions"}],"predecessor-version":[{"id":23922,"href":"https:\/\/www.elamazonico.com\/portal\/wp-json\/wp\/v2\/posts\/23920\/revisions\/23922"}],"wp:featuredmedia":[{"embeddable":true,"href":"https:\/\/www.elamazonico.com\/portal\/wp-json\/wp\/v2\/media\/23921"}],"wp:attachment":[{"href":"https:\/\/www.elamazonico.com\/portal\/wp-json\/wp\/v2\/media?parent=23920"}],"wp:term":[{"taxonomy":"category","embeddable":true,"href":"https:\/\/www.elamazonico.com\/portal\/wp-json\/wp\/v2\/categories?post=23920"},{"taxonomy":"post_tag","embeddable":true,"href":"https:\/\/www.elamazonico.com\/portal\/wp-json\/wp\/v2\/tags?post=23920"}],"curies":[{"name":"wp","href":"https:\/\/api.w.org\/{rel}","templated":true}]}}