{"id":2392,"date":"2022-01-21T07:10:10","date_gmt":"2022-01-21T12:10:10","guid":{"rendered":"https:\/\/www.elamazonico.com\/portal\/?p=2392"},"modified":"2022-01-21T07:10:13","modified_gmt":"2022-01-21T12:10:13","slug":"en-servicios-funerarios-hay-inquietud-por-aumento-de-fallecimientos-asociados-a-la-pandemia-del-covid-19","status":"publish","type":"post","link":"https:\/\/www.elamazonico.com\/portal\/en-servicios-funerarios-hay-inquietud-por-aumento-de-fallecimientos-asociados-a-la-pandemia-del-covid-19\/","title":{"rendered":"En servicios funerarios hay inquietud por aumento de fallecimientos asociados a la pandemia del COVID-19"},"content":{"rendered":"\n<p>La&nbsp;<strong>Federaci\u00f3n de Funerarias,<\/strong>&nbsp;que agrupa a 500 establecimientos que brindan&nbsp;<strong>servicios exequiales<\/strong>&nbsp;de las 21 provincias del pa\u00eds, siente nuevamente&nbsp;<strong>un aumento de los fallecidos asociados a COVID-19&nbsp;<\/strong>desde mediados de diciembre del 2021.<\/p>\n\n\n\n<p><strong>Sebasti\u00e1n Barona<\/strong>, coordinador nacional del gremio, compar\u00f3<strong>&nbsp;septiembre, octubre y noviembre del 2021,<\/strong>&nbsp;semanas en las cuales no prestaban atenci\u00f3n a fallecidos por COVID sino a otras causas de muerte, con inicios de 2022, donde hay ya un&nbsp;<strong>incremento de muertes<\/strong>&nbsp;asociadas a la pandemia, en su&nbsp;<strong>mayor\u00eda adultos mayores.<\/strong><\/p>\n\n\n\n<p>La tasa de mortalidad normal en&nbsp;<strong>Guayas es de unas 40 personas al d\u00eda<\/strong>&nbsp;y en Pichincha de 35, sostuvo.<\/p>\n\n\n\n<p>En un d\u00eda, agreg\u00f3, realizan entre\u00a0<strong>seis y ocho cremaciones\u00a0<\/strong>de fallecidos por coronavirus.<\/p>\n\n\n\n<p>\u201c<strong>Nos genera inquietud.<\/strong>&nbsp;Todav\u00eda est\u00e1, de alguna manera, lejos de generarnos ese impacto que nos generaron las emergencias, los picos del 2020 y 2021, en donde s\u00ed sentimos (&#8230;) que nuestra&nbsp;<strong>capacidad instalada era sobrepasada<\/strong>\u201d, dijo.<\/p>\n\n\n\n<p>Record\u00f3 que en&nbsp;<strong>julio de 2020 o mayo y junio del 2021<\/strong>&nbsp;hicieron hasta 300 cremaciones en un mes.<\/p>\n\n\n\n<p>Para Barona, las vacunas contra el COVID-19, ayudan a que los contagios no pasen a mayores versus lo que aconteci\u00f3 en meses pasados, cuando hubo casos de gente que llegaba a algunos hospitales, pero las&nbsp;<strong>casas de salud ten\u00edan sus unidades cr\u00edticas colapsadas.<\/strong><\/p>\n\n\n\n<p>De acuerdo con un reporte al 17 de enero de 2022, del&nbsp;<strong>Ministerio de Salud P\u00fablica (MSP),<\/strong>&nbsp;casi 640 muertes en exceso, por todas las causas, registra Ecuador.<\/p>\n\n\n\n<p><strong>En enero de 2021 fueron 2.321<\/strong>&nbsp;y en el mismo mes en 2020, 595.<\/p>\n\n\n\n<p>En la primera semana de enero hubo<strong>\u00a032 personas fallecidas confirmadas y probables por COVID<\/strong>\u00a0y 34 en la segunda semana.<\/p>\n\n\n\n<p>Seg\u00fan el grupo de edad, de los 34 fallecidos&nbsp;<strong>28 ten\u00edan m\u00e1s de 65 a\u00f1os,<\/strong>&nbsp;5 personas entre 50 y 64 a\u00f1os y una de 1 a 4 a\u00f1os.<\/p>\n\n\n\n<p>De los 32 fallecidos 22 tienen m\u00e1s de 65 a\u00f1os, 7 entre 50 y 64 a\u00f1os y&nbsp;<strong>3 ten\u00edan de 20 a 49 a\u00f1os.<\/strong><\/p>\n\n\n\n<p>Esas cifras, sin embargo, est\u00e1n&nbsp;<strong>sujetas a confirmaci\u00f3n<\/strong>&nbsp;dado que son elaboradas con informaci\u00f3n provisional.<\/p>\n\n\n\n<p>En d\u00edas pasados, el<strong>&nbsp;viceministro de Gobernanza<\/strong>&nbsp;y Vigilancia de la Salud del MSP,<strong>&nbsp;Jos\u00e9 Ruales<\/strong>, explic\u00f3 que del total de defunciones que hay, por ejemplo, en la&nbsp;<strong>segunda semana de enero<\/strong>&nbsp;-que eran 36, m\u00e1s otras 6 que estaban por comprobarse-, solamente tres ocurren en el grupo de 20 a 49 a\u00f1os y casi todas,&nbsp;<strong>el 80 %, se dan en la poblaci\u00f3n de 50&nbsp;<\/strong>y m\u00e1s a\u00f1os y especialmente en la de m\u00e1s de 65 a\u00f1os.<\/p>\n\n\n\n<p><strong>Carlos Oporto, analista de datos,<\/strong>&nbsp;manifest\u00f3 que hay una tendencia al alza de los fallecidos por COVID-19 oficial en Guayaquil, que son los que han tenido un diagn\u00f3stico y una prueba PCR. En los \u00faltimos d\u00edas de enero pas\u00f3 de 14 a 16.<\/p>\n\n\n\n<p>Agreg\u00f3 que el&nbsp;<strong>promedio al d\u00eda de entierros es 37<\/strong>&nbsp;y se ven 84, 85, por lo que estim\u00f3 en 38&nbsp;<strong>el promedio de exceso&nbsp;<\/strong>de personas de unos 60 a\u00f1os que podr\u00eda estar asociado a la pandemia.<\/p>\n\n\n\n<p><a href=\"https:\/\/www.eluniverso.com\/noticias\/ecuador\/muertes-asociadas-a-covid-19-vuelven-a-registrarse-en-quito-en-lo-que-va-de-enero-ya-son-nueve-nota\/?modulo=interstitial_link&amp;seccion=Noticias&amp;subseccion=Ecuador&amp;origen=\/noticias\/ecuador\/inquietud-en-funerarias-por-el-aumento-de-muertes-vinculadas-a-covid-19-en-ecuador-nota\/\">Fallecimientos extrahospitalarios asociados al COVID-19 vuelven a registrarse en Quito; en enero ya son nueve<\/a><\/p>\n\n\n\n<p>Las funerarias tambi\u00e9n han vuelto a su tarea de<strong>&nbsp;levantar cuerpos fuera de los hospitales,<\/strong>&nbsp;ya sea de domicilios o en la v\u00eda p\u00fablica.<\/p>\n\n\n\n<p>De acuerdo con el<strong>&nbsp;Municipio de Quito,<\/strong>&nbsp;que destin\u00f3 una de sus dependencias para el proceso, en conjunto con otras entidades estatales, en lo que va de enero hay&nbsp;<strong>nueve casos de levantamiento de cad\u00e1veres&nbsp;<\/strong>extrahospitalarios. El \u00faltimo se produjo el mi\u00e9rcoles en el&nbsp;<strong>centro hist\u00f3rico&nbsp;<\/strong>de la capital de la Rep\u00fablica.<\/p>\n\n\n\n<p>El cabildo quite\u00f1o inform\u00f3 que era una&nbsp;<strong>persona de sexo masculino de 52 a\u00f1os de edad.<\/strong><\/p>\n\n\n\n<p><strong>Luego de una inspecci\u00f3n previa<\/strong>&nbsp;se determin\u00f3 que no ten\u00eda ning\u00fan tipo de marca o de muerte violenta como arma blanca o de proyectil, por lo que<strong>&nbsp;se presume&nbsp;<\/strong>que la causa de su fallecimiento fue por COVID-19.<\/p>\n\n\n\n<p>Las funerarias precisamente ya han realizado, en lo que va del primer mes del nuevo a\u00f1o,&nbsp;<strong>cuatro levantamiento de cad\u00e1veres:&nbsp;<\/strong>dos en el sector de Conocoto y dos en el centro hist\u00f3rico de la capital.<\/p>\n\n\n\n<p><a href=\"https:\/\/www.eluniverso.com\/guayaquil\/comunidad\/en-una-semana-se-reportan-15184-casos-de-covid-19-en-guayaquil-un-aumento-del-24-hospitales-comienzan-a-destinar-mas-camas-nota\/?modulo=destacadas-tres&amp;plantilla=home?modulo=interstitial_link&amp;seccion=Noticias&amp;subseccion=Ecuador&amp;origen=\/noticias\/ecuador\/inquietud-en-funerarias-por-el-aumento-de-muertes-vinculadas-a-covid-19-en-ecuador-nota\/\">En una semana se reportan 15.184 casos de COVID-19 en Guayaquil, un aumento del 24 %. Hospitales comienzan a destinar m\u00e1s camas<\/a><\/p>\n\n\n\n<p>El&nbsp;<strong>protocolo de seguridad<\/strong>&nbsp;que se aplica en esos casos se inicia con la notificaci\u00f3n por parte del Municipio de Quito, las funerarias preparan su asistencia, van en sus veh\u00edculos, retiran el cuerpo, son directamente cremados, las cenizas son entregadas a los familiares en una urna de madera sin costo.<\/p>\n\n\n\n<p>Barona considera que si la ciudadan\u00eda sigue\u00a0<strong>acudiendo a la vacunaci\u00f3n<\/strong>\u00a0no habr\u00e1 un incremento de fallecidos. (I) Fuente: El Universo<\/p>\n","protected":false},"excerpt":{"rendered":"<p>La&nbsp;Federaci\u00f3n de Funerarias,&nbsp;que agrupa a 500 establecimientos que brindan&nbsp;servicios exequiales&nbsp;de las 21 provincias del pa\u00eds, siente nuevamente&nbsp;un aumento de los fallecidos asociados a COVID-19&nbsp;desde mediados de diciembre del 2021. Sebasti\u00e1n Barona, coordinador nacional del gremio, compar\u00f3&nbsp;septiembre, octubre y noviembre del 2021,&nbsp;semanas en las cuales no prestaban atenci\u00f3n a fallecidos por COVID sino a otras causas de muerte, con inicios de 2022, donde hay ya un&nbsp;incremento de muertes&nbsp;asociadas a la pandemia, en su&nbsp;mayor\u00eda adultos mayores. La tasa de mortalidad normal en&nbsp;Guayas es de unas 40 personas al d\u00eda&nbsp;y en Pichincha de 35, sostuvo. En un d\u00eda, agreg\u00f3, realizan entre\u00a0seis y ocho cremaciones\u00a0de fallecidos por coronavirus. \u201cNos genera inquietud.&nbsp;Todav\u00eda est\u00e1, de alguna manera, lejos de generarnos ese impacto que nos generaron las emergencias, los picos del 2020 y 2021, en donde s\u00ed sentimos (&#8230;) que nuestra&nbsp;capacidad instalada era sobrepasada\u201d, dijo. Record\u00f3 que en&nbsp;julio de 2020 o mayo y junio del 2021&nbsp;hicieron hasta 300 cremaciones en un mes. Para Barona, las vacunas contra el COVID-19, ayudan a que los contagios no pasen a mayores versus lo que aconteci\u00f3 en meses pasados, cuando hubo casos de gente que llegaba a algunos hospitales, pero las&nbsp;casas de salud ten\u00edan sus unidades cr\u00edticas colapsadas. De acuerdo con un reporte al 17 de enero de 2022, del&nbsp;Ministerio de Salud P\u00fablica (MSP),&nbsp;casi 640 muertes en exceso, por todas las causas, registra Ecuador. En enero de 2021 fueron 2.321&nbsp;y en el mismo mes en 2020, 595. En la primera semana de enero hubo\u00a032 personas fallecidas confirmadas y probables por COVID\u00a0y 34 en la segunda semana. Seg\u00fan el grupo de edad, de los 34 fallecidos&nbsp;28 ten\u00edan m\u00e1s de 65 a\u00f1os,&nbsp;5 personas entre 50 y 64 a\u00f1os y una de 1 a 4 a\u00f1os. De los 32 fallecidos 22 tienen m\u00e1s de 65 a\u00f1os, 7 entre 50 y 64 a\u00f1os y&nbsp;3 ten\u00edan de 20 a 49 a\u00f1os. Esas cifras, sin embargo, est\u00e1n&nbsp;sujetas a confirmaci\u00f3n&nbsp;dado que son elaboradas con informaci\u00f3n provisional. En d\u00edas pasados, el&nbsp;viceministro de Gobernanza&nbsp;y Vigilancia de la Salud del MSP,&nbsp;Jos\u00e9 Ruales, explic\u00f3 que del total de defunciones que hay, por ejemplo, en la&nbsp;segunda semana de enero&nbsp;-que eran 36, m\u00e1s otras 6 que estaban por comprobarse-, solamente tres ocurren en el grupo de 20 a 49 a\u00f1os y casi todas,&nbsp;el 80 %, se dan en la poblaci\u00f3n de 50&nbsp;y m\u00e1s a\u00f1os y especialmente en la de m\u00e1s de 65 a\u00f1os. Carlos Oporto, analista de datos,&nbsp;manifest\u00f3 que hay una tendencia al alza de los fallecidos por COVID-19 oficial en Guayaquil, que son los que han tenido un diagn\u00f3stico y una prueba PCR. En los \u00faltimos d\u00edas de enero pas\u00f3 de 14 a 16. Agreg\u00f3 que el&nbsp;promedio al d\u00eda de entierros es 37&nbsp;y se ven 84, 85, por lo que estim\u00f3 en 38&nbsp;el promedio de exceso&nbsp;de personas de unos 60 a\u00f1os que podr\u00eda estar asociado a la pandemia. Fallecimientos extrahospitalarios asociados al COVID-19 vuelven a registrarse en Quito; en enero ya son nueve Las funerarias tambi\u00e9n han vuelto a su tarea de&nbsp;levantar cuerpos fuera de los hospitales,&nbsp;ya sea de domicilios o en la v\u00eda p\u00fablica. De acuerdo con el&nbsp;Municipio de Quito,&nbsp;que destin\u00f3 una de sus dependencias para el proceso, en conjunto con otras entidades estatales, en lo que va de enero hay&nbsp;nueve casos de levantamiento de cad\u00e1veres&nbsp;extrahospitalarios. El \u00faltimo se produjo el mi\u00e9rcoles en el&nbsp;centro hist\u00f3rico&nbsp;de la capital de la Rep\u00fablica. El cabildo quite\u00f1o inform\u00f3 que era una&nbsp;persona de sexo masculino de 52 a\u00f1os de edad. Luego de una inspecci\u00f3n previa&nbsp;se determin\u00f3 que no ten\u00eda ning\u00fan tipo de marca o de muerte violenta como arma blanca o de proyectil, por lo que&nbsp;se presume&nbsp;que la causa de su fallecimiento fue por COVID-19. Las funerarias precisamente ya han realizado, en lo que va del primer mes del nuevo a\u00f1o,&nbsp;cuatro levantamiento de cad\u00e1veres:&nbsp;dos en el sector de Conocoto y dos en el centro hist\u00f3rico de la capital. En una semana se reportan 15.184 casos de COVID-19 en Guayaquil, un aumento del 24 %. Hospitales comienzan a destinar m\u00e1s camas El&nbsp;protocolo de seguridad&nbsp;que se aplica en esos casos se inicia con la notificaci\u00f3n por parte del Municipio de Quito, las funerarias preparan su asistencia, van en sus veh\u00edculos, retiran el cuerpo, son directamente cremados, las cenizas son entregadas a los familiares en una urna de madera sin costo. Barona considera que si la ciudadan\u00eda sigue\u00a0acudiendo a la vacunaci\u00f3n\u00a0no habr\u00e1 un incremento de fallecidos. (I) Fuente: El Universo<\/p>\n","protected":false},"author":1,"featured_media":2393,"comment_status":"open","ping_status":"open","sticky":false,"template":"","format":"standard","meta":{"footnotes":""},"categories":[268],"tags":[],"class_list":["post-2392","post","type-post","status-publish","format-standard","has-post-thumbnail","hentry","category-nacionales"],"_links":{"self":[{"href":"https:\/\/www.elamazonico.com\/portal\/wp-json\/wp\/v2\/posts\/2392","targetHints":{"allow":["GET"]}}],"collection":[{"href":"https:\/\/www.elamazonico.com\/portal\/wp-json\/wp\/v2\/posts"}],"about":[{"href":"https:\/\/www.elamazonico.com\/portal\/wp-json\/wp\/v2\/types\/post"}],"author":[{"embeddable":true,"href":"https:\/\/www.elamazonico.com\/portal\/wp-json\/wp\/v2\/users\/1"}],"replies":[{"embeddable":true,"href":"https:\/\/www.elamazonico.com\/portal\/wp-json\/wp\/v2\/comments?post=2392"}],"version-history":[{"count":1,"href":"https:\/\/www.elamazonico.com\/portal\/wp-json\/wp\/v2\/posts\/2392\/revisions"}],"predecessor-version":[{"id":2394,"href":"https:\/\/www.elamazonico.com\/portal\/wp-json\/wp\/v2\/posts\/2392\/revisions\/2394"}],"wp:featuredmedia":[{"embeddable":true,"href":"https:\/\/www.elamazonico.com\/portal\/wp-json\/wp\/v2\/media\/2393"}],"wp:attachment":[{"href":"https:\/\/www.elamazonico.com\/portal\/wp-json\/wp\/v2\/media?parent=2392"}],"wp:term":[{"taxonomy":"category","embeddable":true,"href":"https:\/\/www.elamazonico.com\/portal\/wp-json\/wp\/v2\/categories?post=2392"},{"taxonomy":"post_tag","embeddable":true,"href":"https:\/\/www.elamazonico.com\/portal\/wp-json\/wp\/v2\/tags?post=2392"}],"curies":[{"name":"wp","href":"https:\/\/api.w.org\/{rel}","templated":true}]}}