{"id":23910,"date":"2025-06-01T10:56:15","date_gmt":"2025-06-01T15:56:15","guid":{"rendered":"https:\/\/www.elamazonico.com\/portal\/?p=23910"},"modified":"2025-06-01T10:56:15","modified_gmt":"2025-06-01T15:56:15","slug":"carolina-jaramillo-garces-sera-la-vocera-oficial-del-gobierno-de-ecuador","status":"publish","type":"post","link":"https:\/\/www.elamazonico.com\/portal\/carolina-jaramillo-garces-sera-la-vocera-oficial-del-gobierno-de-ecuador\/","title":{"rendered":"Carolina Jaramillo Garc\u00e9s ser\u00e1 la vocera oficial del Gobierno de Ecuador"},"content":{"rendered":"<p>El Palacio de Carondelet anuncia que el lunes 2 de junio realizar\u00e1 la presentaci\u00f3n p\u00fablica de la vocera del gobierno de Daniel Noboa. Se trata de la analista pol\u00edtica Mar\u00eda Carolina Jaramillo Garc\u00e9s.<\/p>\n<p>La experiencia de Jaramillo Garc\u00e9s, de 40 a\u00f1os, se centra en la comunicaci\u00f3n pol\u00edtica en los sectores p\u00fablicos y en organismos internacionales. Posee t\u00edtulos como Licenciada en Comunicaci\u00f3n Organizacional y Relaciones P\u00fablicas y M\u00e1ster en Ciencias Sociales con menci\u00f3n en Comunicaci\u00f3n.<\/p>\n<p>Este es el gabinete ministerial con el que Daniel Noboa arranca su segundo mandato<br \/>\nNacida en Ambato, provincia de Tungurahua, en su biograf\u00eda de la red social X, escribe: \u00abComunicadora, Ya escrib\u00ed un libro, plant\u00e9 un \u00e1rbol y tuve hijos. Ya no quiero tener m\u00e1s hijos ni plantar m\u00e1s \u00e1rboles\u00bb.<\/p>\n<p>Su libro se titula &#8216;Procesos de Formaci\u00f3n period\u00edstica en el interior de los medios de comunicaci\u00f3n&#8217; y dijo en una entrevista difundida en abril de 2025 por Gesti\u00f3n Creativa que era el resultado de su Tesis de Postgrado acerca a la situaci\u00f3n institucional y como estos factores determinan la censura y autocensura de los periodistas y su limitaci\u00f3n frente a las Empresas Comunicacionales.<\/p>\n<p>El cargo que ocupar\u00e1 Carolina Jaramillo Garc\u00e9s es nuevo, pues hasta el momento no exist\u00eda la figura de portavoz oficial del Gobierno en el r\u00e9gimen de Daniel Noboa.<\/p>\n<p>Se comprende entonces que, tras su presentaci\u00f3n a las 09:00 del lunes 2 de junio, ella ser\u00e1 la encargada de transmitir a la ciudadan\u00eda y a los medios de comunicaci\u00f3n las posturas oficiales y acciones del Gobierno. <strong>Fuente: Primicias<\/strong><\/p>\n","protected":false},"excerpt":{"rendered":"<p>El Palacio de Carondelet anuncia que el lunes 2 de junio realizar\u00e1 la presentaci\u00f3n p\u00fablica de la vocera del gobierno de Daniel Noboa. Se trata de la analista pol\u00edtica Mar\u00eda Carolina Jaramillo Garc\u00e9s. La experiencia de Jaramillo Garc\u00e9s, de 40 a\u00f1os, se centra en la comunicaci\u00f3n pol\u00edtica en los sectores p\u00fablicos y en organismos internacionales. Posee t\u00edtulos como Licenciada en Comunicaci\u00f3n Organizacional y Relaciones P\u00fablicas y M\u00e1ster en Ciencias Sociales con menci\u00f3n en Comunicaci\u00f3n. Este es el gabinete ministerial con el que Daniel Noboa arranca su segundo mandato Nacida en Ambato, provincia de Tungurahua, en su biograf\u00eda de la red social X, escribe: \u00abComunicadora, Ya escrib\u00ed un libro, plant\u00e9 un \u00e1rbol y tuve hijos. Ya no quiero tener m\u00e1s hijos ni plantar m\u00e1s \u00e1rboles\u00bb. Su libro se titula &#8216;Procesos de Formaci\u00f3n period\u00edstica en el interior de los medios de comunicaci\u00f3n&#8217; y dijo en una entrevista difundida en abril de 2025 por Gesti\u00f3n Creativa que era el resultado de su Tesis de Postgrado acerca a la situaci\u00f3n institucional y como estos factores determinan la censura y autocensura de los periodistas y su limitaci\u00f3n frente a las Empresas Comunicacionales. El cargo que ocupar\u00e1 Carolina Jaramillo Garc\u00e9s es nuevo, pues hasta el momento no exist\u00eda la figura de portavoz oficial del Gobierno en el r\u00e9gimen de Daniel Noboa. Se comprende entonces que, tras su presentaci\u00f3n a las 09:00 del lunes 2 de junio, ella ser\u00e1 la encargada de transmitir a la ciudadan\u00eda y a los medios de comunicaci\u00f3n las posturas oficiales y acciones del Gobierno. Fuente: Primicias<\/p>\n","protected":false},"author":1,"featured_media":23911,"comment_status":"open","ping_status":"open","sticky":false,"template":"","format":"standard","meta":{"footnotes":""},"categories":[268],"tags":[],"class_list":["post-23910","post","type-post","status-publish","format-standard","has-post-thumbnail","hentry","category-nacionales"],"_links":{"self":[{"href":"https:\/\/www.elamazonico.com\/portal\/wp-json\/wp\/v2\/posts\/23910","targetHints":{"allow":["GET"]}}],"collection":[{"href":"https:\/\/www.elamazonico.com\/portal\/wp-json\/wp\/v2\/posts"}],"about":[{"href":"https:\/\/www.elamazonico.com\/portal\/wp-json\/wp\/v2\/types\/post"}],"author":[{"embeddable":true,"href":"https:\/\/www.elamazonico.com\/portal\/wp-json\/wp\/v2\/users\/1"}],"replies":[{"embeddable":true,"href":"https:\/\/www.elamazonico.com\/portal\/wp-json\/wp\/v2\/comments?post=23910"}],"version-history":[{"count":1,"href":"https:\/\/www.elamazonico.com\/portal\/wp-json\/wp\/v2\/posts\/23910\/revisions"}],"predecessor-version":[{"id":23912,"href":"https:\/\/www.elamazonico.com\/portal\/wp-json\/wp\/v2\/posts\/23910\/revisions\/23912"}],"wp:featuredmedia":[{"embeddable":true,"href":"https:\/\/www.elamazonico.com\/portal\/wp-json\/wp\/v2\/media\/23911"}],"wp:attachment":[{"href":"https:\/\/www.elamazonico.com\/portal\/wp-json\/wp\/v2\/media?parent=23910"}],"wp:term":[{"taxonomy":"category","embeddable":true,"href":"https:\/\/www.elamazonico.com\/portal\/wp-json\/wp\/v2\/categories?post=23910"},{"taxonomy":"post_tag","embeddable":true,"href":"https:\/\/www.elamazonico.com\/portal\/wp-json\/wp\/v2\/tags?post=23910"}],"curies":[{"name":"wp","href":"https:\/\/api.w.org\/{rel}","templated":true}]}}