{"id":23907,"date":"2025-06-02T03:55:21","date_gmt":"2025-06-02T08:55:21","guid":{"rendered":"https:\/\/www.elamazonico.com\/portal\/?p=23907"},"modified":"2025-06-01T10:15:45","modified_gmt":"2025-06-01T15:15:45","slug":"gobierno-fortalece-los-mecanismos-de-control-migratorio-en-zamora-para-garantizar-la-seguridad-ciudadana","status":"publish","type":"post","link":"https:\/\/www.elamazonico.com\/portal\/gobierno-fortalece-los-mecanismos-de-control-migratorio-en-zamora-para-garantizar-la-seguridad-ciudadana\/","title":{"rendered":"Gobierno fortalece los mecanismos de control migratorio en Zamora para garantizar la seguridad ciudadana"},"content":{"rendered":"<p>Con el firme prop\u00f3sito de mantener el orden p\u00fablico, fortalecer la seguridad ciudadana y garantizar el cumplimiento de la normativa migratoria vigente, el Estado ecuatoriano, a trav\u00e9s de una acci\u00f3n articulada entre la Intendencia General de Polic\u00eda, la Comisar\u00eda (E), la Jefatura Pol\u00edtica del cant\u00f3n Zamora, la Subsecretar\u00eda de Migraci\u00f3n y la Comisar\u00eda Municipal, en coordinaci\u00f3n con las fuerzas del orden, llev\u00f3 a cabo operativos estrat\u00e9gicos de control migratorio en espacios p\u00fablicos, centros de diversi\u00f3n nocturna y establecimientos comerciales como barber\u00edas.<\/p>\n<p>Estas intervenciones forman parte de una pol\u00edtica estatal orientada al control efectivo de la presencia de ciudadanos extranjeros en el territorio nacional, en estricto cumplimiento de la ley, los derechos humanos y los acuerdos internacionales suscritos por el Ecuador.<\/p>\n<p>Como resultado de los operativos desarrollados en la \u00faltima semana, se reportan las siguientes acciones concretas:<\/p>\n<p>\u2705 Emisi\u00f3n de dos (2) procedimientos administrativos para la deportaci\u00f3n de ciudadanos de nacionalidad venezolana, por incumplimiento de la normativa migratoria.<\/p>\n<p>\u2705 Notificaci\u00f3n de salida voluntaria del pa\u00eds a una ciudadana de nacionalidad colombiana, en concordancia con lo establecido en la Ley Org\u00e1nica de Movilidad Humana.<\/p>\n<p>Estas acciones reflejan el compromiso del Gobierno Nacional y de las autoridades territoriales con el mantenimiento del orden interno, el respeto a la normativa nacional y la protecci\u00f3n de la convivencia pac\u00edfica en nuestras ciudades.<\/p>\n<p>El Estado ecuatoriano ratifica que el respeto a los derechos humanos, la regularizaci\u00f3n migratoria y el control del ingreso y permanencia de ciudadanos extranjeros son pilares fundamentales de una pol\u00edtica p\u00fablica migratoria responsable, coherente y orientada al bienestar de todos los habitantes del pa\u00eds<\/p>\n","protected":false},"excerpt":{"rendered":"<p>Con el firme prop\u00f3sito de mantener el orden p\u00fablico, fortalecer la seguridad ciudadana y garantizar el cumplimiento de la normativa migratoria vigente, el Estado ecuatoriano, a trav\u00e9s de una acci\u00f3n articulada entre la Intendencia General de Polic\u00eda, la Comisar\u00eda (E), la Jefatura Pol\u00edtica del cant\u00f3n Zamora, la Subsecretar\u00eda de Migraci\u00f3n y la Comisar\u00eda Municipal, en coordinaci\u00f3n con las fuerzas del orden, llev\u00f3 a cabo operativos estrat\u00e9gicos de control migratorio en espacios p\u00fablicos, centros de diversi\u00f3n nocturna y establecimientos comerciales como barber\u00edas. Estas intervenciones forman parte de una pol\u00edtica estatal orientada al control efectivo de la presencia de ciudadanos extranjeros en el territorio nacional, en estricto cumplimiento de la ley, los derechos humanos y los acuerdos internacionales suscritos por el Ecuador. Como resultado de los operativos desarrollados en la \u00faltima semana, se reportan las siguientes acciones concretas: \u2705 Emisi\u00f3n de dos (2) procedimientos administrativos para la deportaci\u00f3n de ciudadanos de nacionalidad venezolana, por incumplimiento de la normativa migratoria. \u2705 Notificaci\u00f3n de salida voluntaria del pa\u00eds a una ciudadana de nacionalidad colombiana, en concordancia con lo establecido en la Ley Org\u00e1nica de Movilidad Humana. Estas acciones reflejan el compromiso del Gobierno Nacional y de las autoridades territoriales con el mantenimiento del orden interno, el respeto a la normativa nacional y la protecci\u00f3n de la convivencia pac\u00edfica en nuestras ciudades. El Estado ecuatoriano ratifica que el respeto a los derechos humanos, la regularizaci\u00f3n migratoria y el control del ingreso y permanencia de ciudadanos extranjeros son pilares fundamentales de una pol\u00edtica p\u00fablica migratoria responsable, coherente y orientada al bienestar de todos los habitantes del pa\u00eds<\/p>\n","protected":false},"author":1,"featured_media":23908,"comment_status":"open","ping_status":"open","sticky":false,"template":"","format":"standard","meta":{"footnotes":""},"categories":[243],"tags":[],"class_list":["post-23907","post","type-post","status-publish","format-standard","has-post-thumbnail","hentry","category-noticias-zamora"],"_links":{"self":[{"href":"https:\/\/www.elamazonico.com\/portal\/wp-json\/wp\/v2\/posts\/23907","targetHints":{"allow":["GET"]}}],"collection":[{"href":"https:\/\/www.elamazonico.com\/portal\/wp-json\/wp\/v2\/posts"}],"about":[{"href":"https:\/\/www.elamazonico.com\/portal\/wp-json\/wp\/v2\/types\/post"}],"author":[{"embeddable":true,"href":"https:\/\/www.elamazonico.com\/portal\/wp-json\/wp\/v2\/users\/1"}],"replies":[{"embeddable":true,"href":"https:\/\/www.elamazonico.com\/portal\/wp-json\/wp\/v2\/comments?post=23907"}],"version-history":[{"count":1,"href":"https:\/\/www.elamazonico.com\/portal\/wp-json\/wp\/v2\/posts\/23907\/revisions"}],"predecessor-version":[{"id":23909,"href":"https:\/\/www.elamazonico.com\/portal\/wp-json\/wp\/v2\/posts\/23907\/revisions\/23909"}],"wp:featuredmedia":[{"embeddable":true,"href":"https:\/\/www.elamazonico.com\/portal\/wp-json\/wp\/v2\/media\/23908"}],"wp:attachment":[{"href":"https:\/\/www.elamazonico.com\/portal\/wp-json\/wp\/v2\/media?parent=23907"}],"wp:term":[{"taxonomy":"category","embeddable":true,"href":"https:\/\/www.elamazonico.com\/portal\/wp-json\/wp\/v2\/categories?post=23907"},{"taxonomy":"post_tag","embeddable":true,"href":"https:\/\/www.elamazonico.com\/portal\/wp-json\/wp\/v2\/tags?post=23907"}],"curies":[{"name":"wp","href":"https:\/\/api.w.org\/{rel}","templated":true}]}}