{"id":23901,"date":"2025-06-01T09:26:19","date_gmt":"2025-06-01T14:26:19","guid":{"rendered":"https:\/\/www.elamazonico.com\/portal\/?p=23901"},"modified":"2025-06-01T09:26:19","modified_gmt":"2025-06-01T14:26:19","slug":"el-origen-de-willian-pacho-asi-es-quininde-el-poblado-en-el-olvido-que-forjo-al-ganador-de-la-champions-league","status":"publish","type":"post","link":"https:\/\/www.elamazonico.com\/portal\/el-origen-de-willian-pacho-asi-es-quininde-el-poblado-en-el-olvido-que-forjo-al-ganador-de-la-champions-league\/","title":{"rendered":"El origen de Willian Pacho: as\u00ed es Quinind\u00e9, el poblado en el olvido que forj\u00f3 al ganador de la Champions League"},"content":{"rendered":"<div class=\"paragraph texto\">\n<p class=\"p_0\">En un poblado de Ecuador cercano al oc\u00e9ano Pac\u00edfico, la \u00abmuralla\u00bb del Par\u00eds Saint-Germain se erigi\u00f3 con la necesidad y el amor por el f\u00fatbol como ladrillos:\u00a0<b><a href=\"https:\/\/www.vistazo.com\/deportes\/2025-05-31-quien-willian-pacho-primer-ecuatoriano-podria-ganar-champions-league-DC9422674\">Willian Pacho<\/a><\/b>, el hijo m\u00e1s famoso de Quinind\u00e9, alcanz\u00f3 la gloria este s\u00e1bado al convertirse en el<b>\u00a0primer ecuatoriano en ganar la UEFA Champions League<\/b>.<\/p>\n<p class=\"p_1\">Antes de jugar en el Parque de los Pr\u00edncipes, el defensa de 23 a\u00f1os forj\u00f3 su capacidad para quitar balones en esta poblaci\u00f3n de mayor\u00eda negra y dedicada principalmente al\u00a0<u><b>cultivo de palma africana, cacao y banano.<\/b><\/u><\/p>\n<p class=\"p_3\">Pacho pate\u00f3 por primera vez pelotas en una calle de tierra,\u00a0<u>rodeado de sencillas casas con techos de lat\u00f3n<\/u>\u00a0en el\u00a0<b>barrio Luz de Am\u00e9rica<\/b>, hasta dar el salto al f\u00fatbol profesional en su pa\u00eds y luego al Viejo Continente.<\/p>\n<div>\n<div class=\"trv-player-container\">\n<div class=\"trv-wrapper\">\n<div id=\"br_video_player_4bb1f76a4fe253e89062b551fc7d255a7a4d6079\" class=\"trvd_video_player trvdinstream\">\n<div class=\"media-player\">\n<div class=\"trv-video\">\n<div id=\"truvid_ima_container31711\" class=\"truvid_ima_container trv-ima-container-hidden\">\n<div>Este s\u00e1bado, sus exvecinos y los nuevos futbolistas que buscan seguir sus pasos, con carencias pero llenos de admiraci\u00f3n, <b>contuvieron la respiraci\u00f3n<\/b>\u00a0durante todo el partido de la final entre el PSG de Pacho y el Inter de Mil\u00e1n.<\/div>\n<\/div>\n<\/div>\n<\/div>\n<\/div>\n<\/div>\n<\/div>\n<\/div>\n<p class=\"p_5\">Pacho se convirti\u00f3 en el primer ecuatoriano en ganar la competici\u00f3n m\u00e1s importante de clubes del mundo\u00a0<b>con el m\u00e9rito de nacer en esta poblaci\u00f3n de la provincia de Esmeraldas<\/b>, que en la actualidad es una\u00a0<u>m\u00e1s golpeadas por los grupos armados dedicados al narcotr\u00e1fico<\/u>.<\/p>\n<p class=\"p_6\">En Ecuador ocurre un homicidio cada hora, seg\u00fan cifras oficiales.<\/p>\n<\/div>\n<div class=\"multimediaMacroWrapper img lateral\">\n<figure class=\"contentMedia art-img\">\n<div><img fetchpriority=\"high\" decoding=\"async\" class=\" lazyloaded\" title=\"Se muestra la cancha de f\u00fatbol del club Hurac\u00e1n.\" src=\"https:\/\/www.vistazo.com\/placeholder\/svg\/viewbox\/768x512\" sizes=\"100vw\" srcset=\"\/\/www.vistazo.com\/binrepository\/768x512\/0c0\/0d0\/none\/12727\/JUXB\/afp-20250529-48kg7a8-v1-highres_2225977_20250531145022.jpg 768w,\/\/www.vistazo.com\/binrepository\/640x427\/0c0\/0d0\/none\/12727\/JUXO\/afp-20250529-48kg7a8-v1-highres_2225977_20250531145022.jpg 640w,\/\/www.vistazo.com\/binrepository\/512x341\/0c0\/0d0\/none\/12727\/JUXR\/afp-20250529-48kg7a8-v1-highres_2225977_20250531145022.jpg 512w,\/\/www.vistazo.com\/binrepository\/384x256\/0c0\/0d0\/none\/12727\/JUXC\/afp-20250529-48kg7a8-v1-highres_2225977_20250531145022.jpg 384w,\/\/www.vistazo.com\/binrepository\/300x200\/0c0\/0d0\/none\/12727\/JUXQ\/afp-20250529-48kg7a8-v1-highres_2225977_20250531145022.jpg 300w\" alt=\"$!Se muestra la cancha de f\u00fatbol del club Hurac\u00e1n.\" width=\"768\" height=\"512\" data-srcset=\"\/\/www.vistazo.com\/binrepository\/768x512\/0c0\/0d0\/none\/12727\/JUXB\/afp-20250529-48kg7a8-v1-highres_2225977_20250531145022.jpg 768w,\/\/www.vistazo.com\/binrepository\/640x427\/0c0\/0d0\/none\/12727\/JUXO\/afp-20250529-48kg7a8-v1-highres_2225977_20250531145022.jpg 640w,\/\/www.vistazo.com\/binrepository\/512x341\/0c0\/0d0\/none\/12727\/JUXR\/afp-20250529-48kg7a8-v1-highres_2225977_20250531145022.jpg 512w,\/\/www.vistazo.com\/binrepository\/384x256\/0c0\/0d0\/none\/12727\/JUXC\/afp-20250529-48kg7a8-v1-highres_2225977_20250531145022.jpg 384w,\/\/www.vistazo.com\/binrepository\/300x200\/0c0\/0d0\/none\/12727\/JUXQ\/afp-20250529-48kg7a8-v1-highres_2225977_20250531145022.jpg 300w\" \/><\/div>\n<div class=\"cutline-byline\"><span class=\"cutline-text\">Se muestra la cancha de f\u00fatbol del club Hurac\u00e1n.<\/span>\u00a0<span class=\"byline-image\">(JULIO GALARZA \/ AFP)<\/span><\/div>\n<\/figure>\n<\/div>\n<h2 class=\"h2vistazo\">Un ejemplo a seguir<\/h2>\n<div class=\"paragraph texto\">\n<p class=\"p_7\">Pacho \u00ab<u><b>era un pelado (ni\u00f1o) bien formadito desde peque\u00f1o<\/b><\/u>, \u00e9l no fue malo ni grosero con nadie. \u00c9l jugaba aqu\u00ed en el barrio con otros muchachos, ven\u00edan, jugaban todas las tardes\u00bb, recuerda An\u00edbal Castillo, un comerciante de 68 a\u00f1os.<\/p>\n<p class=\"p_8\">Hoy la v\u00eda en la que acarici\u00f3 por primera vez el bal\u00f3n est\u00e1 pavimentada y conecta con una peque\u00f1a escalinata cubierta de maleza que conduce a un r\u00edo en el que la gente se ba\u00f1a y lava ropa.<\/p>\n<p class=\"p_9\">La\u00a0<b>cancha del Hurac\u00e1n<\/b>, el primer club aficionado al que perteneci\u00f3, sigue con el c\u00e9sped descuidado, baches y arcos sin redes. As\u00ed entrenan varios ni\u00f1os y adolescentes que lo consideran su \u00eddolo.<\/p>\n<p class=\"p_10\">Su \u00e9xito es\u00a0<u><b>\u00abuna alegr\u00eda, porque hay m\u00e1s posibilidades que nos vean afuera\u00bb<\/b><\/u>, en el exterior, dice\u00a0<b>Michael Moreno<\/b>, de 15 a\u00f1os.<\/p>\n<p class=\"p_11\">Quinind\u00e9, como buena parte de los poblados del litoral Pac\u00edfico, sufre las consecuencias de la violencia sin precedentes de Ecuador por los narcotraficantes que utilizan los puertos de esta regi\u00f3n para exportar coca\u00edna.<\/p>\n<p class=\"p_12\">Ver a Pacho triunfar es un motivo de orgullo. Despu\u00e9s de dejar su pueblo fue al\u00a0<b>Independiente del Valle<\/b>, en Quito, donde debut\u00f3 justo el d\u00eda que falleci\u00f3 su madre a los 51 a\u00f1os, raz\u00f3n por la que usa ese n\u00famero en su dorsal.<\/p>\n<p class=\"p_13\">Luego pas\u00f3 al Royal Antwerp belga y de ah\u00ed al Eintracht de Fr\u00e1ncfort de la Bundesliga.<\/p>\n<p class=\"p_14\">En 2024 salt\u00f3 al PSG a cambio de 45 millones de euros (<b>49 millones de d\u00f3lares<\/b>). El DT espa\u00f1ol Luis Enrique lo describi\u00f3 recientemente como un jugador\u00a0<b>\u00abtop mundial\u00bb<\/b>.<\/p>\n<p class=\"p_15\">Tenemos en Pacho\u00a0<b>\u00abun ejemplo de jerarqu\u00eda (&#8230;) Nadie ha llegado donde est\u00e1 \u00e9l\u00bb<\/b>, se\u00f1ala Arboleda.<\/p>\n<\/div>\n<div class=\"multimediaMacroWrapper img lateral\">\n<figure class=\"contentMedia art-img\">\n<div><img decoding=\"async\" class=\" lazyloaded\" title=\"Ni\u00f1os participan en un entrenamiento del Club Hurac\u00e1n.\" src=\"https:\/\/www.vistazo.com\/placeholder\/svg\/viewbox\/768x512\" sizes=\"100vw\" srcset=\"\/\/www.vistazo.com\/binrepository\/768x512\/0c0\/0d0\/none\/12727\/WYXB\/afp-20250529-48kw6hg-v1-highres_2225981_20250531145400.jpg 768w,\/\/www.vistazo.com\/binrepository\/640x427\/0c0\/0d0\/none\/12727\/WYXO\/afp-20250529-48kw6hg-v1-highres_2225981_20250531145400.jpg 640w,\/\/www.vistazo.com\/binrepository\/512x341\/0c0\/0d0\/none\/12727\/WYXR\/afp-20250529-48kw6hg-v1-highres_2225981_20250531145400.jpg 512w,\/\/www.vistazo.com\/binrepository\/384x256\/0c0\/0d0\/none\/12727\/WYXC\/afp-20250529-48kw6hg-v1-highres_2225981_20250531145400.jpg 384w,\/\/www.vistazo.com\/binrepository\/300x200\/0c0\/0d0\/none\/12727\/WYXQ\/afp-20250529-48kw6hg-v1-highres_2225981_20250531145400.jpg 300w\" alt=\"$!Ni\u00f1os participan en un entrenamiento del Club Hurac\u00e1n.\" width=\"768\" height=\"512\" data-srcset=\"\/\/www.vistazo.com\/binrepository\/768x512\/0c0\/0d0\/none\/12727\/WYXB\/afp-20250529-48kw6hg-v1-highres_2225981_20250531145400.jpg 768w,\/\/www.vistazo.com\/binrepository\/640x427\/0c0\/0d0\/none\/12727\/WYXO\/afp-20250529-48kw6hg-v1-highres_2225981_20250531145400.jpg 640w,\/\/www.vistazo.com\/binrepository\/512x341\/0c0\/0d0\/none\/12727\/WYXR\/afp-20250529-48kw6hg-v1-highres_2225981_20250531145400.jpg 512w,\/\/www.vistazo.com\/binrepository\/384x256\/0c0\/0d0\/none\/12727\/WYXC\/afp-20250529-48kw6hg-v1-highres_2225981_20250531145400.jpg 384w,\/\/www.vistazo.com\/binrepository\/300x200\/0c0\/0d0\/none\/12727\/WYXQ\/afp-20250529-48kw6hg-v1-highres_2225981_20250531145400.jpg 300w\" \/><\/div>\n<div class=\"cutline-byline\"><span class=\"cutline-text\">Ni\u00f1os participan en un entrenamiento del Club Hurac\u00e1n.\u00a0<\/span><span class=\"byline-image\">(JULIO GALARZA \/ AFP)<\/span><\/div>\n<\/figure>\n<\/div>\n<h2 class=\"h2vistazo\">Todo un \u00abse\u00f1or\u00bb<\/h2>\n<div class=\"paragraph texto\">\n<p class=\"p_16\">Ahora \u00abhay que tratarlo como otro se\u00f1or m\u00e1s\u00bb, bromea Jaime Castillo, un alba\u00f1il, en referencia al estatus que alcanz\u00f3 aquel\u00a0<b>joven \u00abhumilde\u00bb y \u00abtranquilo\u00bb<\/b>\u00a0que vio crecer en Quinind\u00e9.<\/p>\n<p class=\"p_17\">Esmeraldas ha aportado a la selecci\u00f3n ecuatoriana otros futbolistas destacados como\u00a0<u><b>Enner Valencia, Piero Hincapi\u00e9 y Pervis Estupi\u00f1\u00e1n<\/b><\/u>.<\/p>\n<p class=\"p_18\">Arboleda se\u00f1ala que los jugadores que nacieron en esta cuna humilde se han<b>\u00a0\u00abcriado en el potrero\u00bb\u00a0<\/b>y lamenta la \u00abfalta\u00bb de infraestructura para el f\u00fatbol.<\/p>\n<p class=\"p_19\">Incluso el crimen organizado recluta ni\u00f1os y adolescentes para entrenarlos como sicarios o traficantes de drogas en esta regi\u00f3n. <strong>Fuente: Vistazo<\/strong><\/p>\n<\/div>\n","protected":false},"excerpt":{"rendered":"<p>En un poblado de Ecuador cercano al oc\u00e9ano Pac\u00edfico, la \u00abmuralla\u00bb del Par\u00eds Saint-Germain se erigi\u00f3 con la necesidad y el amor por el f\u00fatbol como ladrillos:\u00a0Willian Pacho, el hijo m\u00e1s famoso de Quinind\u00e9, alcanz\u00f3 la gloria este s\u00e1bado al convertirse en el\u00a0primer ecuatoriano en ganar la UEFA Champions League. Antes de jugar en el Parque de los Pr\u00edncipes, el defensa de 23 a\u00f1os forj\u00f3 su capacidad para quitar balones en esta poblaci\u00f3n de mayor\u00eda negra y dedicada principalmente al\u00a0cultivo de palma africana, cacao y banano. Pacho pate\u00f3 por primera vez pelotas en una calle de tierra,\u00a0rodeado de sencillas casas con techos de lat\u00f3n\u00a0en el\u00a0barrio Luz de Am\u00e9rica, hasta dar el salto al f\u00fatbol profesional en su pa\u00eds y luego al Viejo Continente. Este s\u00e1bado, sus exvecinos y los nuevos futbolistas que buscan seguir sus pasos, con carencias pero llenos de admiraci\u00f3n, contuvieron la respiraci\u00f3n\u00a0durante todo el partido de la final entre el PSG de Pacho y el Inter de Mil\u00e1n. Pacho se convirti\u00f3 en el primer ecuatoriano en ganar la competici\u00f3n m\u00e1s importante de clubes del mundo\u00a0con el m\u00e9rito de nacer en esta poblaci\u00f3n de la provincia de Esmeraldas, que en la actualidad es una\u00a0m\u00e1s golpeadas por los grupos armados dedicados al narcotr\u00e1fico. En Ecuador ocurre un homicidio cada hora, seg\u00fan cifras oficiales. Se muestra la cancha de f\u00fatbol del club Hurac\u00e1n.\u00a0(JULIO GALARZA \/ AFP) Un ejemplo a seguir Pacho \u00abera un pelado (ni\u00f1o) bien formadito desde peque\u00f1o, \u00e9l no fue malo ni grosero con nadie. \u00c9l jugaba aqu\u00ed en el barrio con otros muchachos, ven\u00edan, jugaban todas las tardes\u00bb, recuerda An\u00edbal Castillo, un comerciante de 68 a\u00f1os. Hoy la v\u00eda en la que acarici\u00f3 por primera vez el bal\u00f3n est\u00e1 pavimentada y conecta con una peque\u00f1a escalinata cubierta de maleza que conduce a un r\u00edo en el que la gente se ba\u00f1a y lava ropa. La\u00a0cancha del Hurac\u00e1n, el primer club aficionado al que perteneci\u00f3, sigue con el c\u00e9sped descuidado, baches y arcos sin redes. As\u00ed entrenan varios ni\u00f1os y adolescentes que lo consideran su \u00eddolo. Su \u00e9xito es\u00a0\u00abuna alegr\u00eda, porque hay m\u00e1s posibilidades que nos vean afuera\u00bb, en el exterior, dice\u00a0Michael Moreno, de 15 a\u00f1os. Quinind\u00e9, como buena parte de los poblados del litoral Pac\u00edfico, sufre las consecuencias de la violencia sin precedentes de Ecuador por los narcotraficantes que utilizan los puertos de esta regi\u00f3n para exportar coca\u00edna. Ver a Pacho triunfar es un motivo de orgullo. Despu\u00e9s de dejar su pueblo fue al\u00a0Independiente del Valle, en Quito, donde debut\u00f3 justo el d\u00eda que falleci\u00f3 su madre a los 51 a\u00f1os, raz\u00f3n por la que usa ese n\u00famero en su dorsal. Luego pas\u00f3 al Royal Antwerp belga y de ah\u00ed al Eintracht de Fr\u00e1ncfort de la Bundesliga. En 2024 salt\u00f3 al PSG a cambio de 45 millones de euros (49 millones de d\u00f3lares). El DT espa\u00f1ol Luis Enrique lo describi\u00f3 recientemente como un jugador\u00a0\u00abtop mundial\u00bb. Tenemos en Pacho\u00a0\u00abun ejemplo de jerarqu\u00eda (&#8230;) Nadie ha llegado donde est\u00e1 \u00e9l\u00bb, se\u00f1ala Arboleda. Ni\u00f1os participan en un entrenamiento del Club Hurac\u00e1n.\u00a0(JULIO GALARZA \/ AFP) Todo un \u00abse\u00f1or\u00bb Ahora \u00abhay que tratarlo como otro se\u00f1or m\u00e1s\u00bb, bromea Jaime Castillo, un alba\u00f1il, en referencia al estatus que alcanz\u00f3 aquel\u00a0joven \u00abhumilde\u00bb y \u00abtranquilo\u00bb\u00a0que vio crecer en Quinind\u00e9. Esmeraldas ha aportado a la selecci\u00f3n ecuatoriana otros futbolistas destacados como\u00a0Enner Valencia, Piero Hincapi\u00e9 y Pervis Estupi\u00f1\u00e1n. Arboleda se\u00f1ala que los jugadores que nacieron en esta cuna humilde se han\u00a0\u00abcriado en el potrero\u00bb\u00a0y lamenta la \u00abfalta\u00bb de infraestructura para el f\u00fatbol. Incluso el crimen organizado recluta ni\u00f1os y adolescentes para entrenarlos como sicarios o traficantes de drogas en esta regi\u00f3n. Fuente: Vistazo<\/p>\n","protected":false},"author":1,"featured_media":23902,"comment_status":"open","ping_status":"open","sticky":false,"template":"","format":"standard","meta":{"footnotes":""},"categories":[268],"tags":[],"class_list":["post-23901","post","type-post","status-publish","format-standard","has-post-thumbnail","hentry","category-nacionales"],"_links":{"self":[{"href":"https:\/\/www.elamazonico.com\/portal\/wp-json\/wp\/v2\/posts\/23901","targetHints":{"allow":["GET"]}}],"collection":[{"href":"https:\/\/www.elamazonico.com\/portal\/wp-json\/wp\/v2\/posts"}],"about":[{"href":"https:\/\/www.elamazonico.com\/portal\/wp-json\/wp\/v2\/types\/post"}],"author":[{"embeddable":true,"href":"https:\/\/www.elamazonico.com\/portal\/wp-json\/wp\/v2\/users\/1"}],"replies":[{"embeddable":true,"href":"https:\/\/www.elamazonico.com\/portal\/wp-json\/wp\/v2\/comments?post=23901"}],"version-history":[{"count":1,"href":"https:\/\/www.elamazonico.com\/portal\/wp-json\/wp\/v2\/posts\/23901\/revisions"}],"predecessor-version":[{"id":23903,"href":"https:\/\/www.elamazonico.com\/portal\/wp-json\/wp\/v2\/posts\/23901\/revisions\/23903"}],"wp:featuredmedia":[{"embeddable":true,"href":"https:\/\/www.elamazonico.com\/portal\/wp-json\/wp\/v2\/media\/23902"}],"wp:attachment":[{"href":"https:\/\/www.elamazonico.com\/portal\/wp-json\/wp\/v2\/media?parent=23901"}],"wp:term":[{"taxonomy":"category","embeddable":true,"href":"https:\/\/www.elamazonico.com\/portal\/wp-json\/wp\/v2\/categories?post=23901"},{"taxonomy":"post_tag","embeddable":true,"href":"https:\/\/www.elamazonico.com\/portal\/wp-json\/wp\/v2\/tags?post=23901"}],"curies":[{"name":"wp","href":"https:\/\/api.w.org\/{rel}","templated":true}]}}