{"id":23898,"date":"2025-06-01T09:20:51","date_gmt":"2025-06-01T14:20:51","guid":{"rendered":"https:\/\/www.elamazonico.com\/portal\/?p=23898"},"modified":"2025-06-01T09:20:51","modified_gmt":"2025-06-01T14:20:51","slug":"espana-decide-si-entrega-a-alias-negro-willy-lider-de-tiguerones-por-asalto-a-tc-television","status":"publish","type":"post","link":"https:\/\/www.elamazonico.com\/portal\/espana-decide-si-entrega-a-alias-negro-willy-lider-de-tiguerones-por-asalto-a-tc-television\/","title":{"rendered":"Espa\u00f1a decide si entrega a alias &#8216;Negro Willy&#8217;, l\u00edder de Tiguerones, por asalto a TC Televisi\u00f3n"},"content":{"rendered":"<div class=\"paragraph texto\">\n<p class=\"p_0\">La justicia espa\u00f1ola celebrar\u00e1 este lunes la\u00a0<b>segunda audiencia de extradici\u00f3n\u00a0<\/b>contra alias\u00a0<a href=\"https:\/\/www.vistazo.com\/actualidad\/internacional\/2025-05-07-espana-garantias-ecuador-extraditar-comandante-willy-lider-tiguerones-BB9298928\">&#8216;Negro Willy&#8217; o &#8216;Comandante Willy&#8217;<\/a>, cabecilla de la banda criminal Los Tiguerones, en esta ocasi\u00f3n por su presunta participaci\u00f3n en el\u00a0<u><b>asalto del canal TC Televisi\u00f3n<\/b><\/u>\u00a0en enero de 2024, en la que los implicados llegaron a amenazar al presentador de un programa.<\/p>\n<p class=\"p_1\">En su primera vista el\u00a0<a href=\"https:\/\/www.vistazo.com\/actualidad\/internacional\/2025-05-07-espana-garantias-ecuador-extraditar-comandante-willy-lider-tiguerones-BB9298928\">mes pasado,<\/a>\u00a0el tribunal espa\u00f1ol de la Audiencia Nacional ya acept\u00f3 extraditar a William Jofre Alc\u00edvar. En aquella ocasi\u00f3n, se analiz\u00f3 las acusaci\u00f3n de extorsi\u00f3n y otros hechos violentos en los que el sujeto est\u00e1 implicado, pero\u00a0<u>no se mencion\u00f3 el tema de la irrupci\u00f3n al canal de televisi\u00f3n.<\/u><\/p>\n<p class=\"p_3\">La resoluci\u00f3n de la Audiencia Nacional, que se encuentra recurrida,\u00a0<b>condiciona la entrega del reclamado\u00a0<\/b>a que Ecuador aporte \u00abgarant\u00eda suficiente\u00bb de haber adoptado medidas para garantizar la integridad de los presos recluidos en sus c\u00e1rceles y de\u00a0<u><b>\u00abque la situaci\u00f3n de las prisiones se ha normalizado\u00bb.<\/b><\/u><\/p>\n<div>\n<div class=\"trv-player-container\">\n<div class=\"trv-wrapper\">\n<div id=\"br_video_player_8479729bfc74299ad32ab551fc7d255a7a4d6079\" class=\"trvd_video_player trvdinstream\">\n<div class=\"media-player\">\n<div class=\"trv-video\">\n<div id=\"truvid_ima_container80044\" class=\"truvid_ima_container trv-ima-container-hidden\">\n<div>En esa ocasi\u00f3n, el tribunal decidi\u00f3 atender a lo que dictaminen los \u00f3rganos de observaci\u00f3n especializados del sistema de protecci\u00f3n regional de los derechos humanos.<\/div>\n<\/div>\n<\/div>\n<\/div>\n<\/div>\n<\/div>\n<\/div>\n<\/div>\n<p class=\"p_5\">Ahora, el mismo tribunal estudiar\u00e1 la\u00a0<b>segunda petici\u00f3n de entrega que pesa contra el &#8216;Comandante Willy&#8217;<\/b>, en este caso por un\u00a0<u><b>delito de terrorismo\u00a0<\/b><\/u>por el que le reclaman las autoridades ecuatorianas.<\/p>\n<p class=\"p_6\">Durante la vista, la Fiscal\u00eda apoyar\u00e1 la entrega del reclamado al considerar que se cumplen los requisitos legales para ello.<\/p>\n<\/div>\n<div class=\"multimediaMacroWrapper img lateral\">\n<figure class=\"contentMedia art-img\">\n<div><img fetchpriority=\"high\" decoding=\"async\" class=\" lazyloaded\" title=\"Negro Willy o Comandante Willy es solicitado por Ecuador en extradici\u00f3n.\" src=\"https:\/\/www.vistazo.com\/placeholder\/svg\/viewbox\/768x432\" sizes=\"100vw\" srcset=\"\/\/www.vistazo.com\/binrepository\/768x432\/0c0\/0d0\/none\/12727\/RXLC\/portadas-web-2213250-20250526094402_2226549_20250601084438.jpg 768w,\/\/www.vistazo.com\/binrepository\/640x360\/0c0\/0d0\/none\/12727\/RXLQ\/portadas-web-2213250-20250526094402_2226549_20250601084438.jpg 640w,\/\/www.vistazo.com\/binrepository\/512x288\/0c0\/0d0\/none\/12727\/RXLT\/portadas-web-2213250-20250526094402_2226549_20250601084438.jpg 512w,\/\/www.vistazo.com\/binrepository\/384x216\/0c0\/0d0\/none\/12727\/RXLV\/portadas-web-2213250-20250526094402_2226549_20250601084438.jpg 384w,\/\/www.vistazo.com\/binrepository\/300x169\/0c0\/0d0\/none\/12727\/RXLB\/portadas-web-2213250-20250526094402_2226549_20250601084438.jpg 300w\" alt=\"$!Negro Willy o Comandante Willy es solicitado por Ecuador en extradici\u00f3n.\" width=\"768\" height=\"432\" data-srcset=\"\/\/www.vistazo.com\/binrepository\/768x432\/0c0\/0d0\/none\/12727\/RXLC\/portadas-web-2213250-20250526094402_2226549_20250601084438.jpg 768w,\/\/www.vistazo.com\/binrepository\/640x360\/0c0\/0d0\/none\/12727\/RXLQ\/portadas-web-2213250-20250526094402_2226549_20250601084438.jpg 640w,\/\/www.vistazo.com\/binrepository\/512x288\/0c0\/0d0\/none\/12727\/RXLT\/portadas-web-2213250-20250526094402_2226549_20250601084438.jpg 512w,\/\/www.vistazo.com\/binrepository\/384x216\/0c0\/0d0\/none\/12727\/RXLV\/portadas-web-2213250-20250526094402_2226549_20250601084438.jpg 384w,\/\/www.vistazo.com\/binrepository\/300x169\/0c0\/0d0\/none\/12727\/RXLB\/portadas-web-2213250-20250526094402_2226549_20250601084438.jpg 300w\" \/><\/div>\n<div class=\"cutline-byline\"><span class=\"cutline-text\">Negro Willy o Comandante Willy es solicitado por Ecuador en extradici\u00f3n.\u00a0<\/span><span class=\"byline-image\">(Dise\u00f1o: Vistazo )<\/span><\/div>\n<\/figure>\n<\/div>\n<h2 class=\"h2vistazo\">El asalto a TC Televisi\u00f3n<\/h2>\n<div class=\"paragraph texto\">\n<p class=\"p_8\">El &#8216;Comandante Willy&#8217; fue detenido en la localidad de\u00a0<b>Segur de Calaffel\u00a0<\/b>(noreste de Espa\u00f1a) junto a su hermano \u00c1lex Iv\u00e1n, Ronco, -ambos considerados cabecillas de Los Tiguerones-, el pasado 23 de octubre por la Guardia Civil, en colaboraci\u00f3n con la Polic\u00eda de Ecuador.<\/p>\n<p class=\"p_9\">Entre los actos cometidos por esta banda destaca el asalto al\u00a0<b>canal de televisi\u00f3n ecuatoriano TC Televisi\u00f3n<\/b>\u00a0de Guayaquil mientras emit\u00edan un informativo en directo, hechos por los que se estudiar\u00e1 este lunes su extradici\u00f3n.<\/p>\n<p class=\"p_10\">M\u00e1s de una decena de miembros de dicha organizaci\u00f3n, encapuchados y provistos de armas de fuego, granadas y explosivos, asaltaron las instalaciones del canal\u00a0<b>aterrorizando a trabajadores y a los telespectadores<\/b>, en una acci\u00f3n que buscaba coaccionar al Gobierno ecuatoriano para que cesara la presi\u00f3n policial sobre las bandas criminales del pa\u00eds catalogadas como terroristas.<\/p>\n<p class=\"p_11\">Seg\u00fan el escrito de la Fiscal\u00eda, los implicados llegaron a amenazar a uno de los presentadores,\u00a0<u><b>\u00abcon armas de fuego apuntando a su cabeza y colocando elementos explosivos en el bolsillo de su chaqueta\u00bb<\/b><\/u>\u00a0para que \u00absolicitara de rodillas que no le hiciera da\u00f1o\u00bb. Los trabajadores fueron obligados a pedir a los polic\u00edas que abandonaran las instalaciones.<\/p>\n<p class=\"p_12\">A los Tiguerones tambi\u00e9n se le atribuye el asesinato de\u00a0<b>C\u00e9sar Su\u00e1rez<\/b>, el fiscal ecuatoriano encargado de la investigaci\u00f3n de dicho asalto y que muri\u00f3 acribillado por varios disparos d\u00edas despu\u00e9s del inicio de la investigaci\u00f3n por delitos de terrorismo a la organizaci\u00f3n criminal. <strong>Fuente: Vistazo<\/strong><\/p>\n<\/div>\n","protected":false},"excerpt":{"rendered":"<p>La justicia espa\u00f1ola celebrar\u00e1 este lunes la\u00a0segunda audiencia de extradici\u00f3n\u00a0contra alias\u00a0&#8216;Negro Willy&#8217; o &#8216;Comandante Willy&#8217;, cabecilla de la banda criminal Los Tiguerones, en esta ocasi\u00f3n por su presunta participaci\u00f3n en el\u00a0asalto del canal TC Televisi\u00f3n\u00a0en enero de 2024, en la que los implicados llegaron a amenazar al presentador de un programa. En su primera vista el\u00a0mes pasado,\u00a0el tribunal espa\u00f1ol de la Audiencia Nacional ya acept\u00f3 extraditar a William Jofre Alc\u00edvar. En aquella ocasi\u00f3n, se analiz\u00f3 las acusaci\u00f3n de extorsi\u00f3n y otros hechos violentos en los que el sujeto est\u00e1 implicado, pero\u00a0no se mencion\u00f3 el tema de la irrupci\u00f3n al canal de televisi\u00f3n. La resoluci\u00f3n de la Audiencia Nacional, que se encuentra recurrida,\u00a0condiciona la entrega del reclamado\u00a0a que Ecuador aporte \u00abgarant\u00eda suficiente\u00bb de haber adoptado medidas para garantizar la integridad de los presos recluidos en sus c\u00e1rceles y de\u00a0\u00abque la situaci\u00f3n de las prisiones se ha normalizado\u00bb. En esa ocasi\u00f3n, el tribunal decidi\u00f3 atender a lo que dictaminen los \u00f3rganos de observaci\u00f3n especializados del sistema de protecci\u00f3n regional de los derechos humanos. Ahora, el mismo tribunal estudiar\u00e1 la\u00a0segunda petici\u00f3n de entrega que pesa contra el &#8216;Comandante Willy&#8217;, en este caso por un\u00a0delito de terrorismo\u00a0por el que le reclaman las autoridades ecuatorianas. Durante la vista, la Fiscal\u00eda apoyar\u00e1 la entrega del reclamado al considerar que se cumplen los requisitos legales para ello. Negro Willy o Comandante Willy es solicitado por Ecuador en extradici\u00f3n.\u00a0(Dise\u00f1o: Vistazo ) El asalto a TC Televisi\u00f3n El &#8216;Comandante Willy&#8217; fue detenido en la localidad de\u00a0Segur de Calaffel\u00a0(noreste de Espa\u00f1a) junto a su hermano \u00c1lex Iv\u00e1n, Ronco, -ambos considerados cabecillas de Los Tiguerones-, el pasado 23 de octubre por la Guardia Civil, en colaboraci\u00f3n con la Polic\u00eda de Ecuador. Entre los actos cometidos por esta banda destaca el asalto al\u00a0canal de televisi\u00f3n ecuatoriano TC Televisi\u00f3n\u00a0de Guayaquil mientras emit\u00edan un informativo en directo, hechos por los que se estudiar\u00e1 este lunes su extradici\u00f3n. M\u00e1s de una decena de miembros de dicha organizaci\u00f3n, encapuchados y provistos de armas de fuego, granadas y explosivos, asaltaron las instalaciones del canal\u00a0aterrorizando a trabajadores y a los telespectadores, en una acci\u00f3n que buscaba coaccionar al Gobierno ecuatoriano para que cesara la presi\u00f3n policial sobre las bandas criminales del pa\u00eds catalogadas como terroristas. Seg\u00fan el escrito de la Fiscal\u00eda, los implicados llegaron a amenazar a uno de los presentadores,\u00a0\u00abcon armas de fuego apuntando a su cabeza y colocando elementos explosivos en el bolsillo de su chaqueta\u00bb\u00a0para que \u00absolicitara de rodillas que no le hiciera da\u00f1o\u00bb. Los trabajadores fueron obligados a pedir a los polic\u00edas que abandonaran las instalaciones. A los Tiguerones tambi\u00e9n se le atribuye el asesinato de\u00a0C\u00e9sar Su\u00e1rez, el fiscal ecuatoriano encargado de la investigaci\u00f3n de dicho asalto y que muri\u00f3 acribillado por varios disparos d\u00edas despu\u00e9s del inicio de la investigaci\u00f3n por delitos de terrorismo a la organizaci\u00f3n criminal. Fuente: Vistazo<\/p>\n","protected":false},"author":1,"featured_media":23899,"comment_status":"open","ping_status":"open","sticky":false,"template":"","format":"standard","meta":{"footnotes":""},"categories":[268],"tags":[],"class_list":["post-23898","post","type-post","status-publish","format-standard","has-post-thumbnail","hentry","category-nacionales"],"_links":{"self":[{"href":"https:\/\/www.elamazonico.com\/portal\/wp-json\/wp\/v2\/posts\/23898","targetHints":{"allow":["GET"]}}],"collection":[{"href":"https:\/\/www.elamazonico.com\/portal\/wp-json\/wp\/v2\/posts"}],"about":[{"href":"https:\/\/www.elamazonico.com\/portal\/wp-json\/wp\/v2\/types\/post"}],"author":[{"embeddable":true,"href":"https:\/\/www.elamazonico.com\/portal\/wp-json\/wp\/v2\/users\/1"}],"replies":[{"embeddable":true,"href":"https:\/\/www.elamazonico.com\/portal\/wp-json\/wp\/v2\/comments?post=23898"}],"version-history":[{"count":1,"href":"https:\/\/www.elamazonico.com\/portal\/wp-json\/wp\/v2\/posts\/23898\/revisions"}],"predecessor-version":[{"id":23900,"href":"https:\/\/www.elamazonico.com\/portal\/wp-json\/wp\/v2\/posts\/23898\/revisions\/23900"}],"wp:featuredmedia":[{"embeddable":true,"href":"https:\/\/www.elamazonico.com\/portal\/wp-json\/wp\/v2\/media\/23899"}],"wp:attachment":[{"href":"https:\/\/www.elamazonico.com\/portal\/wp-json\/wp\/v2\/media?parent=23898"}],"wp:term":[{"taxonomy":"category","embeddable":true,"href":"https:\/\/www.elamazonico.com\/portal\/wp-json\/wp\/v2\/categories?post=23898"},{"taxonomy":"post_tag","embeddable":true,"href":"https:\/\/www.elamazonico.com\/portal\/wp-json\/wp\/v2\/tags?post=23898"}],"curies":[{"name":"wp","href":"https:\/\/api.w.org\/{rel}","templated":true}]}}