{"id":23892,"date":"2025-05-31T16:01:21","date_gmt":"2025-05-31T21:01:21","guid":{"rendered":"https:\/\/www.elamazonico.com\/portal\/?p=23892"},"modified":"2025-05-31T16:01:21","modified_gmt":"2025-05-31T21:01:21","slug":"willian-pacho-el-primer-ecuatoriano-en-ganar-la-champions-league","status":"publish","type":"post","link":"https:\/\/www.elamazonico.com\/portal\/willian-pacho-el-primer-ecuatoriano-en-ganar-la-champions-league\/","title":{"rendered":"Willian Pacho, el primer ecuatoriano en ganar la Champions League"},"content":{"rendered":"<div class=\"paragraph texto\">\n<p class=\"p_0\"><b><a href=\"https:\/\/www.vistazo.com\/deportes\/2025-05-31-quien-willian-pacho-primer-ecuatoriano-podria-ganar-champions-league-DC9422674\">Willian Pacho<\/a><\/b>, el defensa de la Selecci\u00f3n Nacional, fue titular en la final que su equipo\u00a0<u><b>PSG de Francia gan\u00f3 5 a 0 al Inter de Italia.<\/b><\/u><\/p>\n<p class=\"p_1\">El equipo franc\u00e9s domin\u00f3 el partido de principio a fin.\u00a0<b>Los italianos nunca pudieron controlar el ritmo<\/b>\u00a0de juego ni generar problemas en la zona defensiva del PSG.<\/p>\n<p class=\"p_2\">De hecho, a los 30 minutos del primer tiempo,\u00a0<u><b>PSG hab\u00eda rematado seis veces contra el arco del Inter<\/b><\/u>\u00a0mientras los italianos no lo hab\u00edan hecho.<\/p>\n<p class=\"p_3\">El primer tiempo se cerr\u00f3 con el marcador de 2 a 0 a favor de los franceses. El marroqu\u00ed\u00a0<b>Achraf Hakimi<\/b>, a los 12 minutos, y el franc\u00e9s\u00a0<b>Desire Doue<\/b>, a los 20, frenaron cualquier intenci\u00f3n italiana de manejar el partido.<\/p>\n<div>\n<div class=\"trv-player-container\">\n<div class=\"trv-wrapper\">\n<div id=\"br_video_player_c8e02bba094b440b0726b551fc7d255a7a4d6079\" class=\"trvd_video_player trvdfloater trv-right\">\n<div class=\"media-player\">\n<div class=\"trv-video\">\n<div id=\"truvid_ima_container29849\" class=\"truvid_ima_container\">\n<div>Luego el partido se jug\u00f3 sin sobresaltos para ambos equipos. <u><b>PSG manej\u00f3 el bal\u00f3n y las pocas veces que los italianos lo tuvieron<\/b><\/u>, no supieron resolver con eficacia.<\/div>\n<\/div>\n<\/div>\n<\/div>\n<\/div>\n<\/div>\n<\/div>\n<\/div>\n<p class=\"p_5\">A los 63 lleg\u00f3 el tercer tanto del cuadro franc\u00e9s. Nuevamente\u00a0<b>Doue<\/b>, una de las revelaciones del PSG este a\u00f1o, cort\u00f3 las ganas que mostraba el<b>\u00a0Inter de Mil\u00e1n\u00a0<\/b>para acortar distancias.<\/p>\n<p class=\"p_6\">Diez minutos despu\u00e9s, el georgiano\u00a0<b>Khvicha Kvaratskhelia<\/b>, \u00faltimo fichaje del cuadro franc\u00e9s, qui\u00e9n lleg\u00f3 del Napoli de Italia por m\u00e1s de 70 millones de d\u00f3lares, anot\u00f3 el cuarto tanto. Y a poco del final, el franc\u00e9s\u00a0<b>Senny Mayulu<\/b>\u00a0puso la quinta y \u00faltima del encuentro. Nunca antes en una final existi\u00f3 una diferencia de cinco goles.<\/p>\n<\/div>\n<div class=\"multimediaMacroWrapper img lateral\">\n<figure class=\"contentMedia art-img\">\n<div><img fetchpriority=\"high\" decoding=\"async\" class=\" lazyloaded\" title=\"Desire Doue uno de los goleadores del partido.\" src=\"https:\/\/www.vistazo.com\/placeholder\/svg\/viewbox\/768x768\" sizes=\"100vw\" srcset=\"\/\/www.vistazo.com\/binrepository\/768x768\/0c0\/0d0\/none\/12727\/THSO\/gstqfe0weaaxogy_2226036_20250531153606.jpg 768w,\/\/www.vistazo.com\/binrepository\/640x640\/0c0\/0d0\/none\/12727\/THKW\/gstqfe0weaaxogy_2226036_20250531153606.jpg 640w,\/\/www.vistazo.com\/binrepository\/512x512\/0c0\/0d0\/none\/12727\/THIU\/gstqfe0weaaxogy_2226036_20250531153606.jpg 512w,\/\/www.vistazo.com\/binrepository\/384x384\/0c0\/0d0\/none\/12727\/THOS\/gstqfe0weaaxogy_2226036_20250531153606.jpg 384w,\/\/www.vistazo.com\/binrepository\/300x300\/0c0\/0d0\/none\/12727\/THKW\/gstqfe0weaaxogy_2226036_20250531153606.jpg 300w\" alt=\"$!Desire Doue uno de los goleadores del partido.\" width=\"768\" height=\"768\" data-srcset=\"\/\/www.vistazo.com\/binrepository\/768x768\/0c0\/0d0\/none\/12727\/THSO\/gstqfe0weaaxogy_2226036_20250531153606.jpg 768w,\/\/www.vistazo.com\/binrepository\/640x640\/0c0\/0d0\/none\/12727\/THKW\/gstqfe0weaaxogy_2226036_20250531153606.jpg 640w,\/\/www.vistazo.com\/binrepository\/512x512\/0c0\/0d0\/none\/12727\/THIU\/gstqfe0weaaxogy_2226036_20250531153606.jpg 512w,\/\/www.vistazo.com\/binrepository\/384x384\/0c0\/0d0\/none\/12727\/THOS\/gstqfe0weaaxogy_2226036_20250531153606.jpg 384w,\/\/www.vistazo.com\/binrepository\/300x300\/0c0\/0d0\/none\/12727\/THKW\/gstqfe0weaaxogy_2226036_20250531153606.jpg 300w\" \/><\/div>\n<div class=\"cutline-byline\"><span class=\"cutline-text\">Desire Doue uno de los goleadores del partido.<\/span>\u00a0<span class=\"byline-image\">(Foto: PSG)<\/span><\/div>\n<\/figure>\n<\/div>\n<h2 class=\"h2vistazo\">EL PRIMERO<\/h2>\n<div class=\"paragraph texto\">\n<p class=\"p_7\">Willian Pacho, de 23 a\u00f1os, naci\u00f3 en Quinind\u00e9, un cant\u00f3n de la provincia de Esmeraldas. Sus primeras patadas a la pelota las dio en el humilde barrio\u00a0<b>Luis de Am\u00e9rica<\/b>.<\/p>\n<p class=\"p_8\">Su primera camiseta fue la de Hurac\u00e1n, un club aficionado de esa ciudad.\u00a0<b>A los 15 a\u00f1os dej\u00f3 su ciudad natal y se instal\u00f3 en Sangolqu\u00ed<\/b>, en el Centro de Alto Rendimiento del club Independiente del Valle.<\/p>\n<p class=\"p_9\">En ese club qued\u00f3 campe\u00f3n y subcampe\u00f3n de Am\u00e9rica Sub-20, Campe\u00f3n de la Copa Sudamericana, Subcampe\u00f3n de la Recopa Sudamericana y campe\u00f3n del torneo ecuatoriano.<\/p>\n<p class=\"p_10\">En 2022 fue traspasado por alrededor de\u00a0<b>tres millones de d\u00f3lares al Royal Antwerp de Belgica<\/b>. All\u00ed gan\u00f3 la liga y la copa de ese pa\u00eds en la temporada 2022\/2023. De inmediato fue traspasado por 11 millones de d\u00f3lares al Eintracht Frankfurt de Alemania.<\/p>\n<p class=\"p_11\">Solo 44 partidos en el conjunto alem\u00e1n le bastaron para que Pacho sea comprado por PSG de Francia. El cuadro franc\u00e9s, propiedad del Fondo Soberano de Inversi\u00f3n de Catar, pag\u00f3 44 millones de d\u00f3lares y convirti\u00f3 a Pacho en el\u00a0<u><b>segundo traspaso m\u00e1s alto de un jugador ecuatoriano.<\/b><\/u><\/p>\n<p class=\"p_12\">En el PSG ha sido\u00a0<u><b>titular inamovible<\/b><\/u>\u00a0en el sistema defensivo del entrenador espa\u00f1ol Luis Enrique. El central ecuatoriano ha jugado, incluida la final con el Inter, 51 partidos en el a\u00f1o, la mayor\u00eda haciendo dupla con el brasile\u00f1o Marquinhos.<\/p>\n<p class=\"p_13\">Adem\u00e1s de Pacho, los otros ecuatorianos campeones de torneos europeos son\u00a0<u><b>Antonio Valencia<\/b><\/u>, quien gan\u00f3 la Europa League en la temporada 2016\/2017 con el Manchester United. De hecho Valencia alz\u00f3 el t\u00edtulo como capit\u00e1n del cuadro ingl\u00e9s.<\/p>\n<p class=\"p_14\">En la temporada 2020\/2021 fue Pervis Estupi\u00f1\u00e1n quien gan\u00f3 tambi\u00e9n la Europa League, aunque su participaci\u00f3n no fue protag\u00f3nica. Mientras hace pocos d\u00edas Mois\u00e9s Caicedo gan\u00f3 la Conferencia League con el Chelsea ingl\u00e9s.<\/p>\n<p class=\"p_15\">Otras dos finales jugadas por ecuatorianos fueron la del 2016\/2017 cuando el mismo Antonio Valencia jug\u00f3 la final de la Champions League con el Manchester United, en ese momento con el FC Barcelona liderado por Lionel Messi. En esa ocasi\u00f3n el cuadro ingl\u00e9s perdi\u00f3 3 a 1.<\/p>\n<p class=\"p_16\">El a\u00f1o pasado, por otro lado,\u00a0<u><b>Piero Hincapi\u00e9<\/b><\/u>\u00a0lleg\u00f3 a la final de la Europa League con su club Bayer Leverkusen, pero perdieron el encuentro ante el cuadro italiano Atalanta.<\/p>\n<p class=\"p_17\">Tanto Pacho como Caicedo, los dos ecuatorianos ganadores en Europa este a\u00f1o, son\u00a0<b>piezas claves de la &#8216;Tricolor&#8217;<\/b>. Este jueves pr\u00f3ximo ambos ser\u00e1n parte del equipo que enfrentar\u00e1 a la Selecci\u00f3n de Brasil en el estadio Monumental, de Guayaquil. <strong>Fuente: Vistazo<\/strong><\/p>\n<\/div>\n","protected":false},"excerpt":{"rendered":"<p>Willian Pacho, el defensa de la Selecci\u00f3n Nacional, fue titular en la final que su equipo\u00a0PSG de Francia gan\u00f3 5 a 0 al Inter de Italia. El equipo franc\u00e9s domin\u00f3 el partido de principio a fin.\u00a0Los italianos nunca pudieron controlar el ritmo\u00a0de juego ni generar problemas en la zona defensiva del PSG. De hecho, a los 30 minutos del primer tiempo,\u00a0PSG hab\u00eda rematado seis veces contra el arco del Inter\u00a0mientras los italianos no lo hab\u00edan hecho. El primer tiempo se cerr\u00f3 con el marcador de 2 a 0 a favor de los franceses. El marroqu\u00ed\u00a0Achraf Hakimi, a los 12 minutos, y el franc\u00e9s\u00a0Desire Doue, a los 20, frenaron cualquier intenci\u00f3n italiana de manejar el partido. Luego el partido se jug\u00f3 sin sobresaltos para ambos equipos. PSG manej\u00f3 el bal\u00f3n y las pocas veces que los italianos lo tuvieron, no supieron resolver con eficacia. A los 63 lleg\u00f3 el tercer tanto del cuadro franc\u00e9s. Nuevamente\u00a0Doue, una de las revelaciones del PSG este a\u00f1o, cort\u00f3 las ganas que mostraba el\u00a0Inter de Mil\u00e1n\u00a0para acortar distancias. Diez minutos despu\u00e9s, el georgiano\u00a0Khvicha Kvaratskhelia, \u00faltimo fichaje del cuadro franc\u00e9s, qui\u00e9n lleg\u00f3 del Napoli de Italia por m\u00e1s de 70 millones de d\u00f3lares, anot\u00f3 el cuarto tanto. Y a poco del final, el franc\u00e9s\u00a0Senny Mayulu\u00a0puso la quinta y \u00faltima del encuentro. Nunca antes en una final existi\u00f3 una diferencia de cinco goles. Desire Doue uno de los goleadores del partido.\u00a0(Foto: PSG) EL PRIMERO Willian Pacho, de 23 a\u00f1os, naci\u00f3 en Quinind\u00e9, un cant\u00f3n de la provincia de Esmeraldas. Sus primeras patadas a la pelota las dio en el humilde barrio\u00a0Luis de Am\u00e9rica. Su primera camiseta fue la de Hurac\u00e1n, un club aficionado de esa ciudad.\u00a0A los 15 a\u00f1os dej\u00f3 su ciudad natal y se instal\u00f3 en Sangolqu\u00ed, en el Centro de Alto Rendimiento del club Independiente del Valle. En ese club qued\u00f3 campe\u00f3n y subcampe\u00f3n de Am\u00e9rica Sub-20, Campe\u00f3n de la Copa Sudamericana, Subcampe\u00f3n de la Recopa Sudamericana y campe\u00f3n del torneo ecuatoriano. En 2022 fue traspasado por alrededor de\u00a0tres millones de d\u00f3lares al Royal Antwerp de Belgica. All\u00ed gan\u00f3 la liga y la copa de ese pa\u00eds en la temporada 2022\/2023. De inmediato fue traspasado por 11 millones de d\u00f3lares al Eintracht Frankfurt de Alemania. Solo 44 partidos en el conjunto alem\u00e1n le bastaron para que Pacho sea comprado por PSG de Francia. El cuadro franc\u00e9s, propiedad del Fondo Soberano de Inversi\u00f3n de Catar, pag\u00f3 44 millones de d\u00f3lares y convirti\u00f3 a Pacho en el\u00a0segundo traspaso m\u00e1s alto de un jugador ecuatoriano. En el PSG ha sido\u00a0titular inamovible\u00a0en el sistema defensivo del entrenador espa\u00f1ol Luis Enrique. El central ecuatoriano ha jugado, incluida la final con el Inter, 51 partidos en el a\u00f1o, la mayor\u00eda haciendo dupla con el brasile\u00f1o Marquinhos. Adem\u00e1s de Pacho, los otros ecuatorianos campeones de torneos europeos son\u00a0Antonio Valencia, quien gan\u00f3 la Europa League en la temporada 2016\/2017 con el Manchester United. De hecho Valencia alz\u00f3 el t\u00edtulo como capit\u00e1n del cuadro ingl\u00e9s. En la temporada 2020\/2021 fue Pervis Estupi\u00f1\u00e1n quien gan\u00f3 tambi\u00e9n la Europa League, aunque su participaci\u00f3n no fue protag\u00f3nica. Mientras hace pocos d\u00edas Mois\u00e9s Caicedo gan\u00f3 la Conferencia League con el Chelsea ingl\u00e9s. Otras dos finales jugadas por ecuatorianos fueron la del 2016\/2017 cuando el mismo Antonio Valencia jug\u00f3 la final de la Champions League con el Manchester United, en ese momento con el FC Barcelona liderado por Lionel Messi. En esa ocasi\u00f3n el cuadro ingl\u00e9s perdi\u00f3 3 a 1. El a\u00f1o pasado, por otro lado,\u00a0Piero Hincapi\u00e9\u00a0lleg\u00f3 a la final de la Europa League con su club Bayer Leverkusen, pero perdieron el encuentro ante el cuadro italiano Atalanta. Tanto Pacho como Caicedo, los dos ecuatorianos ganadores en Europa este a\u00f1o, son\u00a0piezas claves de la &#8216;Tricolor&#8217;. Este jueves pr\u00f3ximo ambos ser\u00e1n parte del equipo que enfrentar\u00e1 a la Selecci\u00f3n de Brasil en el estadio Monumental, de Guayaquil. Fuente: Vistazo<\/p>\n","protected":false},"author":1,"featured_media":23893,"comment_status":"open","ping_status":"open","sticky":false,"template":"","format":"standard","meta":{"footnotes":""},"categories":[6,268],"tags":[],"class_list":["post-23892","post","type-post","status-publish","format-standard","has-post-thumbnail","hentry","category-deportes","category-nacionales"],"_links":{"self":[{"href":"https:\/\/www.elamazonico.com\/portal\/wp-json\/wp\/v2\/posts\/23892","targetHints":{"allow":["GET"]}}],"collection":[{"href":"https:\/\/www.elamazonico.com\/portal\/wp-json\/wp\/v2\/posts"}],"about":[{"href":"https:\/\/www.elamazonico.com\/portal\/wp-json\/wp\/v2\/types\/post"}],"author":[{"embeddable":true,"href":"https:\/\/www.elamazonico.com\/portal\/wp-json\/wp\/v2\/users\/1"}],"replies":[{"embeddable":true,"href":"https:\/\/www.elamazonico.com\/portal\/wp-json\/wp\/v2\/comments?post=23892"}],"version-history":[{"count":1,"href":"https:\/\/www.elamazonico.com\/portal\/wp-json\/wp\/v2\/posts\/23892\/revisions"}],"predecessor-version":[{"id":23894,"href":"https:\/\/www.elamazonico.com\/portal\/wp-json\/wp\/v2\/posts\/23892\/revisions\/23894"}],"wp:featuredmedia":[{"embeddable":true,"href":"https:\/\/www.elamazonico.com\/portal\/wp-json\/wp\/v2\/media\/23893"}],"wp:attachment":[{"href":"https:\/\/www.elamazonico.com\/portal\/wp-json\/wp\/v2\/media?parent=23892"}],"wp:term":[{"taxonomy":"category","embeddable":true,"href":"https:\/\/www.elamazonico.com\/portal\/wp-json\/wp\/v2\/categories?post=23892"},{"taxonomy":"post_tag","embeddable":true,"href":"https:\/\/www.elamazonico.com\/portal\/wp-json\/wp\/v2\/tags?post=23892"}],"curies":[{"name":"wp","href":"https:\/\/api.w.org\/{rel}","templated":true}]}}