{"id":23889,"date":"2025-05-31T15:44:54","date_gmt":"2025-05-31T20:44:54","guid":{"rendered":"https:\/\/www.elamazonico.com\/portal\/?p=23889"},"modified":"2025-05-31T15:44:54","modified_gmt":"2025-05-31T20:44:54","slug":"un-ataque-aereo-destrullo-maquinaria-de-mineria-ilegal-en-alto-punino-donde-se-desplegaron-1-000-soldados","status":"publish","type":"post","link":"https:\/\/www.elamazonico.com\/portal\/un-ataque-aereo-destrullo-maquinaria-de-mineria-ilegal-en-alto-punino-donde-se-desplegaron-1-000-soldados\/","title":{"rendered":"Un ataque a\u00e9reo destrull\u00f3 maquinaria de miner\u00eda ilegal en Alto Punino, donde se desplegaron 1.000 soldados"},"content":{"rendered":"<p>El Ej\u00e9rcito Ecuatoriano realiz\u00f3 un ataque a\u00e9reo con el que destruy\u00f3 maquinaria y un campamento de miner\u00eda ilegal, utilizado por grupos irregulares en el sector de Alto Punino, en Orellana.<\/p>\n<p>Polic\u00eda encontr\u00f3 un veh\u00edculo con cinco cad\u00e1veres calcinados adentro en Manab\u00ed<br \/>\nLa intervenci\u00f3n se realiz\u00f3 el pasado 29 de mayo de 2025, seg\u00fan informaron los uniformados. Se trat\u00f3 de un ataque a\u00e9reo de superficie, con lanzamiento de armamento aire-tierra dese aviones de combate.<\/p>\n<p>Este ataque forma parte de las operaciones militares que se intensificaron en la zona, para fortalecer el control y la seguridad en la frontera, tras el emboscada del grupo Comandos de la Frontera, que dej\u00f3 a 11 militares asesinados, el pasado 13 de mayo.<\/p>\n<p>\u201cLas operaciones se desarrollan mediante patrullajes terrestres, apoyados por medios a\u00e9reos: aviones y helic\u00f3pteros, armamento y m\u00e1s de 1.000 soldados que permite una cobertura eficaz en zonas de dif\u00edcil acceso y alto riesgo\u201d, dice el informe de los militares.<\/p>\n<p>Seg\u00fan el comunicado, las maquinarias usadas para la miner\u00eda ilegal fueron destruidas en este ataque y se anunci\u00f3 que las operaciones se mantendr\u00e1n de manera sostenida y coordinada. <strong>Fuente: Primicias<\/strong><\/p>\n","protected":false},"excerpt":{"rendered":"<p>El Ej\u00e9rcito Ecuatoriano realiz\u00f3 un ataque a\u00e9reo con el que destruy\u00f3 maquinaria y un campamento de miner\u00eda ilegal, utilizado por grupos irregulares en el sector de Alto Punino, en Orellana. Polic\u00eda encontr\u00f3 un veh\u00edculo con cinco cad\u00e1veres calcinados adentro en Manab\u00ed La intervenci\u00f3n se realiz\u00f3 el pasado 29 de mayo de 2025, seg\u00fan informaron los uniformados. Se trat\u00f3 de un ataque a\u00e9reo de superficie, con lanzamiento de armamento aire-tierra dese aviones de combate. Este ataque forma parte de las operaciones militares que se intensificaron en la zona, para fortalecer el control y la seguridad en la frontera, tras el emboscada del grupo Comandos de la Frontera, que dej\u00f3 a 11 militares asesinados, el pasado 13 de mayo. \u201cLas operaciones se desarrollan mediante patrullajes terrestres, apoyados por medios a\u00e9reos: aviones y helic\u00f3pteros, armamento y m\u00e1s de 1.000 soldados que permite una cobertura eficaz en zonas de dif\u00edcil acceso y alto riesgo\u201d, dice el informe de los militares. Seg\u00fan el comunicado, las maquinarias usadas para la miner\u00eda ilegal fueron destruidas en este ataque y se anunci\u00f3 que las operaciones se mantendr\u00e1n de manera sostenida y coordinada. Fuente: Primicias<\/p>\n","protected":false},"author":1,"featured_media":23890,"comment_status":"open","ping_status":"open","sticky":false,"template":"","format":"standard","meta":{"footnotes":""},"categories":[268],"tags":[],"class_list":["post-23889","post","type-post","status-publish","format-standard","has-post-thumbnail","hentry","category-nacionales"],"_links":{"self":[{"href":"https:\/\/www.elamazonico.com\/portal\/wp-json\/wp\/v2\/posts\/23889","targetHints":{"allow":["GET"]}}],"collection":[{"href":"https:\/\/www.elamazonico.com\/portal\/wp-json\/wp\/v2\/posts"}],"about":[{"href":"https:\/\/www.elamazonico.com\/portal\/wp-json\/wp\/v2\/types\/post"}],"author":[{"embeddable":true,"href":"https:\/\/www.elamazonico.com\/portal\/wp-json\/wp\/v2\/users\/1"}],"replies":[{"embeddable":true,"href":"https:\/\/www.elamazonico.com\/portal\/wp-json\/wp\/v2\/comments?post=23889"}],"version-history":[{"count":1,"href":"https:\/\/www.elamazonico.com\/portal\/wp-json\/wp\/v2\/posts\/23889\/revisions"}],"predecessor-version":[{"id":23891,"href":"https:\/\/www.elamazonico.com\/portal\/wp-json\/wp\/v2\/posts\/23889\/revisions\/23891"}],"wp:featuredmedia":[{"embeddable":true,"href":"https:\/\/www.elamazonico.com\/portal\/wp-json\/wp\/v2\/media\/23890"}],"wp:attachment":[{"href":"https:\/\/www.elamazonico.com\/portal\/wp-json\/wp\/v2\/media?parent=23889"}],"wp:term":[{"taxonomy":"category","embeddable":true,"href":"https:\/\/www.elamazonico.com\/portal\/wp-json\/wp\/v2\/categories?post=23889"},{"taxonomy":"post_tag","embeddable":true,"href":"https:\/\/www.elamazonico.com\/portal\/wp-json\/wp\/v2\/tags?post=23889"}],"curies":[{"name":"wp","href":"https:\/\/api.w.org\/{rel}","templated":true}]}}