{"id":23886,"date":"2025-05-31T13:58:01","date_gmt":"2025-05-31T18:58:01","guid":{"rendered":"https:\/\/www.elamazonico.com\/portal\/?p=23886"},"modified":"2025-05-31T13:58:01","modified_gmt":"2025-05-31T18:58:01","slug":"edgar-lama-aun-no-es-delegado-del-ejecutivo-en-el-consejo-directivo-del-iess-presidente-noboa-envio-terna-a-la-asamblea","status":"publish","type":"post","link":"https:\/\/www.elamazonico.com\/portal\/edgar-lama-aun-no-es-delegado-del-ejecutivo-en-el-consejo-directivo-del-iess-presidente-noboa-envio-terna-a-la-asamblea\/","title":{"rendered":"Edgar Lama a\u00fan no es delegado del Ejecutivo en el Consejo Directivo del IESS: presidente Noboa envi\u00f3 terna a la Asamblea"},"content":{"rendered":"<div class=\"paragraph texto\">\n<p class=\"p_0\">Hay incertidumbre alrededor de la persona que representar\u00e1 al Ejecutivo ante el\u00a0<b>Consejo Directivo del Instituto Ecuatoriano de Seguridad Social (IESS)<\/b>, ya que el presidente\u00a0<b><a href=\"https:\/\/www.vistazo.com\/politica\/nacional\/2025-05-28-daniel-noboa-alista-nueva-gira-internacional-espana-italia-junio-EA9406521\">Daniel Noboa\u00a0<\/a>reci\u00e9n envi\u00f3 una terna a la Asamblea<\/b>, pese a que primero hab\u00eda designado a\u00a0<a href=\"https:\/\/www.vistazo.com\/politica\/nacional\/2025-05-30-edgar-lama-delegado-presidente-noboa-consejo-directivo-iess-DD9423498\">Edgar Lama<\/a>\u00a0para ese puesto.<\/p>\n<p class=\"p_1\">El pasado viernes, el mandatario emiti\u00f3 un decreto en el que establec\u00eda que el exministro de Salud, Edgar Lama, liderar\u00e1 aquella instituci\u00f3n luego de la renuncia de\u00a0<b>Eduardo Pe\u00f1a<\/b>.<\/p>\n<p class=\"p_3\">Sin embargo, no se tom\u00f3 en cuenta la\u00a0<b>Ley de Seguridad Social<\/b>, vigente desde julio del 2024, en la que se menciona que el presidente debe enviar una<u><b>\u00a0terna a la Asamblea para escoger al representante del Ejecutivo en el IESS y no v\u00eda decreto<\/b><\/u>.<\/p>\n<div>\n<div class=\"trv-player-container\">\n<div class=\"trv-wrapper\">\n<div id=\"br_video_player_7c54f8fcfe61323d9e24b551fc7d255a7a4d6079\" class=\"trvd_video_player trvdinstream\">\n<div class=\"media-player\">\n<div class=\"trv-video\">\n<div id=\"truvid_ima_container39119\" class=\"truvid_ima_container trv-ima-container-hidden\">\n<div>Es por eso que, horas despu\u00e9s del primer documento, el mandatario recul\u00f3 y emiti\u00f3 otro decreto en el que propone los siguientes nombres: <u>Edgar Jos\u00e9 Lama Von Buchwald, Catalina Ayala Murrieta y Robert Joaqu\u00edn Samaniego Portilla.<\/u><\/div>\n<\/div>\n<\/div>\n<\/div>\n<\/div>\n<\/div>\n<\/div>\n<\/div>\n<p class=\"p_5\">Con ello, la decisi\u00f3n final la tendr\u00e1 el Legislativo y el nombramiento de Lama a\u00fan est\u00e1 en suspenso.<\/p>\n<\/div>\n<div class=\"multimediaMacroWrapper img lateral\">\n<figure class=\"contentMedia art-img\">\n<div><img fetchpriority=\"high\" decoding=\"async\" class=\" lazyloaded\" title=\"Edgar Lama a\u00fan no es delegado del Ejecutivo en el Consejo Directivo del IESS: presidente Noboa envi\u00f3 terna a la Asamblea\" src=\"https:\/\/www.vistazo.com\/placeholder\/svg\/viewbox\/768x746\" sizes=\"100vw\" srcset=\"\/\/www.vistazo.com\/binrepository\/768x746\/0c0\/0d0\/none\/12727\/VANN\/captura-de-pantalla-2025-05-31-a-la-s_2225755_20250531114830.png 768w,\/\/www.vistazo.com\/binrepository\/640x622\/0c0\/0d0\/none\/12727\/VANF\/captura-de-pantalla-2025-05-31-a-la-s_2225755_20250531114830.png 640w,\/\/www.vistazo.com\/binrepository\/512x497\/0c0\/0d0\/none\/12727\/VANN\/captura-de-pantalla-2025-05-31-a-la-s_2225755_20250531114830.png 512w,\/\/www.vistazo.com\/binrepository\/384x373\/0c0\/0d0\/none\/12727\/VANJ\/captura-de-pantalla-2025-05-31-a-la-s_2225755_20250531114830.png 384w,\/\/www.vistazo.com\/binrepository\/300x291\/0c0\/0d0\/none\/12727\/VANI\/captura-de-pantalla-2025-05-31-a-la-s_2225755_20250531114830.png 300w\" alt=\"$!Edgar Lama a\u00fan no es delegado del Ejecutivo en el Consejo Directivo del IESS: presidente Noboa envi\u00f3 terna a la Asamblea\" width=\"768\" height=\"746\" data-srcset=\"\/\/www.vistazo.com\/binrepository\/768x746\/0c0\/0d0\/none\/12727\/VANN\/captura-de-pantalla-2025-05-31-a-la-s_2225755_20250531114830.png 768w,\/\/www.vistazo.com\/binrepository\/640x622\/0c0\/0d0\/none\/12727\/VANF\/captura-de-pantalla-2025-05-31-a-la-s_2225755_20250531114830.png 640w,\/\/www.vistazo.com\/binrepository\/512x497\/0c0\/0d0\/none\/12727\/VANN\/captura-de-pantalla-2025-05-31-a-la-s_2225755_20250531114830.png 512w,\/\/www.vistazo.com\/binrepository\/384x373\/0c0\/0d0\/none\/12727\/VANJ\/captura-de-pantalla-2025-05-31-a-la-s_2225755_20250531114830.png 384w,\/\/www.vistazo.com\/binrepository\/300x291\/0c0\/0d0\/none\/12727\/VANI\/captura-de-pantalla-2025-05-31-a-la-s_2225755_20250531114830.png 300w\" \/><\/div>\n<\/figure>\n<\/div>\n<h2 class=\"h2vistazo\">OTRA TERNA<\/h2>\n<div class=\"paragraph texto\">\n<p class=\"p_7\">En el mismo decreto, el presidente Noboa envi\u00f3 otra terna a la Asamblea Nacional para la designaci\u00f3n del\u00a0<u><b>suplente del vocal representante de la Funci\u00f3n Ejecutiva ante el Consejo Directivo del Instituto Ecuatoriano de Seguridad Social<\/b><\/u>.<\/p>\n<p class=\"p_8\">Los opcionados son\u00a0<u>Mar\u00eda Gracia Espinoza Molina, Carlos Faustino Falconi Lindao y Esthela Elizabeth Columba Chungandro.<\/u><\/p>\n<p class=\"p_9\">El mandatario dispuso que la Secretar\u00eda General Jur\u00eddica de la Presidencia de la Rep\u00fablica notifique a la Asamblea Nacional de este Decreto Ejecutivo. <strong>Fuente: Vistazo<\/strong><\/p>\n<\/div>\n","protected":false},"excerpt":{"rendered":"<p>Hay incertidumbre alrededor de la persona que representar\u00e1 al Ejecutivo ante el\u00a0Consejo Directivo del Instituto Ecuatoriano de Seguridad Social (IESS), ya que el presidente\u00a0Daniel Noboa\u00a0reci\u00e9n envi\u00f3 una terna a la Asamblea, pese a que primero hab\u00eda designado a\u00a0Edgar Lama\u00a0para ese puesto. El pasado viernes, el mandatario emiti\u00f3 un decreto en el que establec\u00eda que el exministro de Salud, Edgar Lama, liderar\u00e1 aquella instituci\u00f3n luego de la renuncia de\u00a0Eduardo Pe\u00f1a. Sin embargo, no se tom\u00f3 en cuenta la\u00a0Ley de Seguridad Social, vigente desde julio del 2024, en la que se menciona que el presidente debe enviar una\u00a0terna a la Asamblea para escoger al representante del Ejecutivo en el IESS y no v\u00eda decreto. Es por eso que, horas despu\u00e9s del primer documento, el mandatario recul\u00f3 y emiti\u00f3 otro decreto en el que propone los siguientes nombres: Edgar Jos\u00e9 Lama Von Buchwald, Catalina Ayala Murrieta y Robert Joaqu\u00edn Samaniego Portilla. Con ello, la decisi\u00f3n final la tendr\u00e1 el Legislativo y el nombramiento de Lama a\u00fan est\u00e1 en suspenso. OTRA TERNA En el mismo decreto, el presidente Noboa envi\u00f3 otra terna a la Asamblea Nacional para la designaci\u00f3n del\u00a0suplente del vocal representante de la Funci\u00f3n Ejecutiva ante el Consejo Directivo del Instituto Ecuatoriano de Seguridad Social. Los opcionados son\u00a0Mar\u00eda Gracia Espinoza Molina, Carlos Faustino Falconi Lindao y Esthela Elizabeth Columba Chungandro. El mandatario dispuso que la Secretar\u00eda General Jur\u00eddica de la Presidencia de la Rep\u00fablica notifique a la Asamblea Nacional de este Decreto Ejecutivo. Fuente: Vistazo<\/p>\n","protected":false},"author":1,"featured_media":23887,"comment_status":"open","ping_status":"open","sticky":false,"template":"","format":"standard","meta":{"footnotes":""},"categories":[268],"tags":[],"class_list":["post-23886","post","type-post","status-publish","format-standard","has-post-thumbnail","hentry","category-nacionales"],"_links":{"self":[{"href":"https:\/\/www.elamazonico.com\/portal\/wp-json\/wp\/v2\/posts\/23886","targetHints":{"allow":["GET"]}}],"collection":[{"href":"https:\/\/www.elamazonico.com\/portal\/wp-json\/wp\/v2\/posts"}],"about":[{"href":"https:\/\/www.elamazonico.com\/portal\/wp-json\/wp\/v2\/types\/post"}],"author":[{"embeddable":true,"href":"https:\/\/www.elamazonico.com\/portal\/wp-json\/wp\/v2\/users\/1"}],"replies":[{"embeddable":true,"href":"https:\/\/www.elamazonico.com\/portal\/wp-json\/wp\/v2\/comments?post=23886"}],"version-history":[{"count":1,"href":"https:\/\/www.elamazonico.com\/portal\/wp-json\/wp\/v2\/posts\/23886\/revisions"}],"predecessor-version":[{"id":23888,"href":"https:\/\/www.elamazonico.com\/portal\/wp-json\/wp\/v2\/posts\/23886\/revisions\/23888"}],"wp:featuredmedia":[{"embeddable":true,"href":"https:\/\/www.elamazonico.com\/portal\/wp-json\/wp\/v2\/media\/23887"}],"wp:attachment":[{"href":"https:\/\/www.elamazonico.com\/portal\/wp-json\/wp\/v2\/media?parent=23886"}],"wp:term":[{"taxonomy":"category","embeddable":true,"href":"https:\/\/www.elamazonico.com\/portal\/wp-json\/wp\/v2\/categories?post=23886"},{"taxonomy":"post_tag","embeddable":true,"href":"https:\/\/www.elamazonico.com\/portal\/wp-json\/wp\/v2\/tags?post=23886"}],"curies":[{"name":"wp","href":"https:\/\/api.w.org\/{rel}","templated":true}]}}