{"id":23883,"date":"2025-05-31T13:41:09","date_gmt":"2025-05-31T18:41:09","guid":{"rendered":"https:\/\/www.elamazonico.com\/portal\/?p=23883"},"modified":"2025-05-31T13:41:23","modified_gmt":"2025-05-31T18:41:23","slug":"quien-es-willian-pacho-el-primer-ecuatoriano-que-podria-ganar-la-champions-league","status":"publish","type":"post","link":"https:\/\/www.elamazonico.com\/portal\/quien-es-willian-pacho-el-primer-ecuatoriano-que-podria-ganar-la-champions-league\/","title":{"rendered":"\u00bfQui\u00e9n es Willian Pacho, el primer ecuatoriano que podr\u00eda ganar la Champions League?"},"content":{"rendered":"<div class=\"paragraph texto\">\n<p class=\"p_0\">El joven futbolista de\u00a0<a href=\"https:\/\/www.vistazo.com\/deportes\/2024-08-09-willian-pacho-fichaje-psg-CN7816466\">23 a\u00f1os, Willian Pacho,\u00a0<\/a>se alista para jugar la final de la UEFA Champions League con el Paris Saint-Germain ante Inter de Milan, convirti\u00e9ndose en el segundo ecuatoriano que disputar\u00e1 dicho partido. El duelo se jugar\u00e1 este s\u00e1bado, 31 de mayo, a las 14:00 en el estadio\u00a0<b>Allianz Arena, M\u00fanich &#8211; Alemania.<\/b><\/p>\n<p class=\"p_1\">El 28 de mayo de 2011, Antonio Valencia -en ese entonces jugador del Manchester United- fue el primer jugador tricolor en disputar una final de la\u00a0<b>UEFA Champions League<\/b>\u00a0pero la perdi\u00f3 3-1 en el m\u00edtico estadio de Wembley ante el FC Barcelona de Guardiola, Messi, Xavi e Iniesta.<\/p>\n<p class=\"p_2\">Willian Joel Pacho Tenorio naci\u00f3 en Quinind\u00e9, provincia de Esmeraldas, un 16 de octubre de 2001. A los 16 a\u00f1os ya form\u00f3 parte de las divisiones formativas de Independiente del Valle, y un a\u00f1o despu\u00e9s, ya jug\u00f3 una final de la Copa Libertadores Sub-20.<\/p>\n<p class=\"p_4\">No tard\u00f3 en debutar en Primera categor\u00eda, en 2019, a\u00f1o en el que los Rayados de Sangolqu\u00ed ganaron la Copa Sudamericana. Para Willian la alegr\u00eda dur\u00f3 poco ya que su madre Gladys falleci\u00f3 horas antes de su debut, a causa de un c\u00e1ncer. Sus hermanas Sonia y Gissella le ocultaron la noticia para que pudiera concentrarse en el partido. Pacho lleva el dorsal 51 en honor a la edad de su madre.<\/p>\n<\/div>\n<div class=\"paragraph texto\">\n<p class=\"p_5\">En 2020, las cosas salieron a pedir de boca para Pacho. Mientras ganaba minutos, primero en Independiente Juniors y luego en el equipo principal, fue convocado para jugar por IDV en la Copa Libertadores Sub-20. Era tiempo de revancha y, con un equipazo, los ecuatorianos se llevaron el t\u00edtulo de Campeones, siendo el \u00fanico equipo de Ecuador en lograrlo.<\/p>\n<p class=\"p_6\">\u201cLa Torre\u201d esper\u00f3 hasta enero de 2022 para salir de Independiente del Valle. Fue titular en el equipo que se coron\u00f3 Campe\u00f3n de Ecuador, y sus condiciones fueron apreciadas por el Royal Antwerp de Amberes, B\u00e9lgica, quienes se lo llevaron por cinco temporadas. Inmediatamente, llegaron los reconocimientos para el esmeralde\u00f1o, quien se gan\u00f3 la titularidad y fue basti\u00f3n para que su equipo gane la Primera divisi\u00f3n de B\u00e9lgica y la Copa del pa\u00eds, ambas en 2023. El mercado de verano trajo buenas noticias para el tricolor, quien fue contratado por el Eintracht Fr\u00e1ncfort de Alemania, a la vez que fue convocado a la Selecci\u00f3n ecuatoriana de f\u00fatbol, en donde tambi\u00e9n se gan\u00f3 a pulso la titularidad.<\/p>\n<p class=\"p_8\">En Alemania brill\u00f3. Apenas una temporada bast\u00f3 para ratificar sus condiciones. Es uno de los mejores zagueros centrales sub-23 del mundo, y eso lo entendi\u00f3 el Par\u00eds Saint-Germain de Francia, quienes fueron a la carga por Pacho y se lo llevaron a cambio de 44 millones de euros, la segunda negociaci\u00f3n m\u00e1s alta en la historia del f\u00fatbol ecuatoriano, s\u00f3lo detr\u00e1s de la de Mois\u00e9s Caicedo con el Chelsea de Inglaterra. Desde que lleg\u00f3 al PSG fue considerado pieza importante en el esquema del espa\u00f1ol Luis Enrique. Es titular en la Ligue 1 de Francia y en la UEFA Champions League. <strong>Fuente: Vistazo<\/strong><\/p>\n<\/div>\n","protected":false},"excerpt":{"rendered":"<p>El joven futbolista de\u00a023 a\u00f1os, Willian Pacho,\u00a0se alista para jugar la final de la UEFA Champions League con el Paris Saint-Germain ante Inter de Milan, convirti\u00e9ndose en el segundo ecuatoriano que disputar\u00e1 dicho partido. El duelo se jugar\u00e1 este s\u00e1bado, 31 de mayo, a las 14:00 en el estadio\u00a0Allianz Arena, M\u00fanich &#8211; Alemania. El 28 de mayo de 2011, Antonio Valencia -en ese entonces jugador del Manchester United- fue el primer jugador tricolor en disputar una final de la\u00a0UEFA Champions League\u00a0pero la perdi\u00f3 3-1 en el m\u00edtico estadio de Wembley ante el FC Barcelona de Guardiola, Messi, Xavi e Iniesta. Willian Joel Pacho Tenorio naci\u00f3 en Quinind\u00e9, provincia de Esmeraldas, un 16 de octubre de 2001. A los 16 a\u00f1os ya form\u00f3 parte de las divisiones formativas de Independiente del Valle, y un a\u00f1o despu\u00e9s, ya jug\u00f3 una final de la Copa Libertadores Sub-20. No tard\u00f3 en debutar en Primera categor\u00eda, en 2019, a\u00f1o en el que los Rayados de Sangolqu\u00ed ganaron la Copa Sudamericana. Para Willian la alegr\u00eda dur\u00f3 poco ya que su madre Gladys falleci\u00f3 horas antes de su debut, a causa de un c\u00e1ncer. Sus hermanas Sonia y Gissella le ocultaron la noticia para que pudiera concentrarse en el partido. Pacho lleva el dorsal 51 en honor a la edad de su madre. En 2020, las cosas salieron a pedir de boca para Pacho. Mientras ganaba minutos, primero en Independiente Juniors y luego en el equipo principal, fue convocado para jugar por IDV en la Copa Libertadores Sub-20. Era tiempo de revancha y, con un equipazo, los ecuatorianos se llevaron el t\u00edtulo de Campeones, siendo el \u00fanico equipo de Ecuador en lograrlo. \u201cLa Torre\u201d esper\u00f3 hasta enero de 2022 para salir de Independiente del Valle. Fue titular en el equipo que se coron\u00f3 Campe\u00f3n de Ecuador, y sus condiciones fueron apreciadas por el Royal Antwerp de Amberes, B\u00e9lgica, quienes se lo llevaron por cinco temporadas. Inmediatamente, llegaron los reconocimientos para el esmeralde\u00f1o, quien se gan\u00f3 la titularidad y fue basti\u00f3n para que su equipo gane la Primera divisi\u00f3n de B\u00e9lgica y la Copa del pa\u00eds, ambas en 2023. El mercado de verano trajo buenas noticias para el tricolor, quien fue contratado por el Eintracht Fr\u00e1ncfort de Alemania, a la vez que fue convocado a la Selecci\u00f3n ecuatoriana de f\u00fatbol, en donde tambi\u00e9n se gan\u00f3 a pulso la titularidad. En Alemania brill\u00f3. Apenas una temporada bast\u00f3 para ratificar sus condiciones. Es uno de los mejores zagueros centrales sub-23 del mundo, y eso lo entendi\u00f3 el Par\u00eds Saint-Germain de Francia, quienes fueron a la carga por Pacho y se lo llevaron a cambio de 44 millones de euros, la segunda negociaci\u00f3n m\u00e1s alta en la historia del f\u00fatbol ecuatoriano, s\u00f3lo detr\u00e1s de la de Mois\u00e9s Caicedo con el Chelsea de Inglaterra. Desde que lleg\u00f3 al PSG fue considerado pieza importante en el esquema del espa\u00f1ol Luis Enrique. Es titular en la Ligue 1 de Francia y en la UEFA Champions League. Fuente: Vistazo<\/p>\n","protected":false},"author":1,"featured_media":23884,"comment_status":"open","ping_status":"open","sticky":false,"template":"","format":"standard","meta":{"footnotes":""},"categories":[6,268],"tags":[],"class_list":["post-23883","post","type-post","status-publish","format-standard","has-post-thumbnail","hentry","category-deportes","category-nacionales"],"_links":{"self":[{"href":"https:\/\/www.elamazonico.com\/portal\/wp-json\/wp\/v2\/posts\/23883","targetHints":{"allow":["GET"]}}],"collection":[{"href":"https:\/\/www.elamazonico.com\/portal\/wp-json\/wp\/v2\/posts"}],"about":[{"href":"https:\/\/www.elamazonico.com\/portal\/wp-json\/wp\/v2\/types\/post"}],"author":[{"embeddable":true,"href":"https:\/\/www.elamazonico.com\/portal\/wp-json\/wp\/v2\/users\/1"}],"replies":[{"embeddable":true,"href":"https:\/\/www.elamazonico.com\/portal\/wp-json\/wp\/v2\/comments?post=23883"}],"version-history":[{"count":1,"href":"https:\/\/www.elamazonico.com\/portal\/wp-json\/wp\/v2\/posts\/23883\/revisions"}],"predecessor-version":[{"id":23885,"href":"https:\/\/www.elamazonico.com\/portal\/wp-json\/wp\/v2\/posts\/23883\/revisions\/23885"}],"wp:featuredmedia":[{"embeddable":true,"href":"https:\/\/www.elamazonico.com\/portal\/wp-json\/wp\/v2\/media\/23884"}],"wp:attachment":[{"href":"https:\/\/www.elamazonico.com\/portal\/wp-json\/wp\/v2\/media?parent=23883"}],"wp:term":[{"taxonomy":"category","embeddable":true,"href":"https:\/\/www.elamazonico.com\/portal\/wp-json\/wp\/v2\/categories?post=23883"},{"taxonomy":"post_tag","embeddable":true,"href":"https:\/\/www.elamazonico.com\/portal\/wp-json\/wp\/v2\/tags?post=23883"}],"curies":[{"name":"wp","href":"https:\/\/api.w.org\/{rel}","templated":true}]}}