{"id":23871,"date":"2025-05-31T10:41:48","date_gmt":"2025-05-31T15:41:48","guid":{"rendered":"https:\/\/www.elamazonico.com\/portal\/?p=23871"},"modified":"2025-05-31T10:41:48","modified_gmt":"2025-05-31T15:41:48","slug":"paquisha-celebro-con-alegria-el-dia-del-nino-y-fortalece-la-unidad-comunitaria","status":"publish","type":"post","link":"https:\/\/www.elamazonico.com\/portal\/paquisha-celebro-con-alegria-el-dia-del-nino-y-fortalece-la-unidad-comunitaria\/","title":{"rendered":"\u00a0Paquisha celebro con alegr\u00eda el D\u00eda del Ni\u00f1o y fortalece la unidad comunitaria"},"content":{"rendered":"<p>En v\u00edsperas del D\u00eda del Ni\u00f1o que se conmemora cada 1 de junio, la Ciudad de Paquisha fue escenario de una emotiva jornada llena de juegos, sonrisas y momentos memorables, dedicada a los m\u00e1s peque\u00f1os del cant\u00f3n. Estudiantes y docentes de las Unidades Educativas \u201cSegundo Cueva Celi\u201d, \u201cH\u00e9roes de Paquisha\u201d y otras instituciones del sector participaron activamente de una agenda festiva elaborada con esmero y cari\u00f1o.<\/p>\n<p>La jornada fue organizada con el objetivo de brindar un espacio de esparcimiento y alegr\u00eda para ni\u00f1as y ni\u00f1os, resaltando su importancia en la sociedad y promoviendo sus derechos en un ambiente de respeto, inclusi\u00f3n y recreaci\u00f3n. La celebraci\u00f3n incluy\u00f3 din\u00e1micas l\u00fadicas, concursos, y shows infantiles que despertaron el entusiasmo colectivo y fortalecieron el tejido social del cant\u00f3n.<\/p>\n<p>Esta iniciativa fue posible gracias al esfuerzo articulado de diversas instituciones y actores locales, entre ellos la Comisar\u00eda Municipal, la Polic\u00eda Comunitaria, la Alcald\u00eda de Paquisha y un valioso grupo de emprendedores locales, quienes aportaron log\u00edstica, refrigerios y talento humano para hacer realidad esta fiesta.<\/p>\n<p>Durante el evento, autoridades presentes destacaron que celebrar el D\u00eda del Ni\u00f1o es tambi\u00e9n una oportunidad para reafirmar el compromiso institucional y comunitario con el desarrollo integral de la ni\u00f1ez, as\u00ed como con la construcci\u00f3n de entornos protectores, seguros y estimulantes.<\/p>\n<p>El Municipio de Paquisha reafirma su visi\u00f3n de trabajar por un cant\u00f3n m\u00e1s inclusivo, en el que los derechos de las ni\u00f1as y ni\u00f1os se respeten, promuevan y celebren todos los d\u00edas del a\u00f1o. En este contexto, se proyectan futuras actividades educativas, culturales y recreativas, con enfoque en la infancia y en la participaci\u00f3n activa de la comunidad.<\/p>\n<p>La sonrisa de cada ni\u00f1o y ni\u00f1a que disfrut\u00f3 esta jornada es el mejor reflejo del trabajo conjunto y del compromiso de todos los sectores por construir una sociedad m\u00e1s justa, alegre y esperanzadora.<\/p>\n","protected":false},"excerpt":{"rendered":"<p>En v\u00edsperas del D\u00eda del Ni\u00f1o que se conmemora cada 1 de junio, la Ciudad de Paquisha fue escenario de una emotiva jornada llena de juegos, sonrisas y momentos memorables, dedicada a los m\u00e1s peque\u00f1os del cant\u00f3n. Estudiantes y docentes de las Unidades Educativas \u201cSegundo Cueva Celi\u201d, \u201cH\u00e9roes de Paquisha\u201d y otras instituciones del sector participaron activamente de una agenda festiva elaborada con esmero y cari\u00f1o. La jornada fue organizada con el objetivo de brindar un espacio de esparcimiento y alegr\u00eda para ni\u00f1as y ni\u00f1os, resaltando su importancia en la sociedad y promoviendo sus derechos en un ambiente de respeto, inclusi\u00f3n y recreaci\u00f3n. La celebraci\u00f3n incluy\u00f3 din\u00e1micas l\u00fadicas, concursos, y shows infantiles que despertaron el entusiasmo colectivo y fortalecieron el tejido social del cant\u00f3n. Esta iniciativa fue posible gracias al esfuerzo articulado de diversas instituciones y actores locales, entre ellos la Comisar\u00eda Municipal, la Polic\u00eda Comunitaria, la Alcald\u00eda de Paquisha y un valioso grupo de emprendedores locales, quienes aportaron log\u00edstica, refrigerios y talento humano para hacer realidad esta fiesta. Durante el evento, autoridades presentes destacaron que celebrar el D\u00eda del Ni\u00f1o es tambi\u00e9n una oportunidad para reafirmar el compromiso institucional y comunitario con el desarrollo integral de la ni\u00f1ez, as\u00ed como con la construcci\u00f3n de entornos protectores, seguros y estimulantes. El Municipio de Paquisha reafirma su visi\u00f3n de trabajar por un cant\u00f3n m\u00e1s inclusivo, en el que los derechos de las ni\u00f1as y ni\u00f1os se respeten, promuevan y celebren todos los d\u00edas del a\u00f1o. En este contexto, se proyectan futuras actividades educativas, culturales y recreativas, con enfoque en la infancia y en la participaci\u00f3n activa de la comunidad. La sonrisa de cada ni\u00f1o y ni\u00f1a que disfrut\u00f3 esta jornada es el mejor reflejo del trabajo conjunto y del compromiso de todos los sectores por construir una sociedad m\u00e1s justa, alegre y esperanzadora.<\/p>\n","protected":false},"author":1,"featured_media":23872,"comment_status":"open","ping_status":"open","sticky":false,"template":"","format":"standard","meta":{"footnotes":""},"categories":[243],"tags":[],"class_list":["post-23871","post","type-post","status-publish","format-standard","has-post-thumbnail","hentry","category-noticias-zamora"],"_links":{"self":[{"href":"https:\/\/www.elamazonico.com\/portal\/wp-json\/wp\/v2\/posts\/23871","targetHints":{"allow":["GET"]}}],"collection":[{"href":"https:\/\/www.elamazonico.com\/portal\/wp-json\/wp\/v2\/posts"}],"about":[{"href":"https:\/\/www.elamazonico.com\/portal\/wp-json\/wp\/v2\/types\/post"}],"author":[{"embeddable":true,"href":"https:\/\/www.elamazonico.com\/portal\/wp-json\/wp\/v2\/users\/1"}],"replies":[{"embeddable":true,"href":"https:\/\/www.elamazonico.com\/portal\/wp-json\/wp\/v2\/comments?post=23871"}],"version-history":[{"count":1,"href":"https:\/\/www.elamazonico.com\/portal\/wp-json\/wp\/v2\/posts\/23871\/revisions"}],"predecessor-version":[{"id":23873,"href":"https:\/\/www.elamazonico.com\/portal\/wp-json\/wp\/v2\/posts\/23871\/revisions\/23873"}],"wp:featuredmedia":[{"embeddable":true,"href":"https:\/\/www.elamazonico.com\/portal\/wp-json\/wp\/v2\/media\/23872"}],"wp:attachment":[{"href":"https:\/\/www.elamazonico.com\/portal\/wp-json\/wp\/v2\/media?parent=23871"}],"wp:term":[{"taxonomy":"category","embeddable":true,"href":"https:\/\/www.elamazonico.com\/portal\/wp-json\/wp\/v2\/categories?post=23871"},{"taxonomy":"post_tag","embeddable":true,"href":"https:\/\/www.elamazonico.com\/portal\/wp-json\/wp\/v2\/tags?post=23871"}],"curies":[{"name":"wp","href":"https:\/\/api.w.org\/{rel}","templated":true}]}}